{"id":137513,"date":"2025-09-25T08:34:07","date_gmt":"2025-09-25T08:34:07","guid":{"rendered":"https:\/\/www.europesays.com\/es\/137513\/"},"modified":"2025-09-25T08:34:07","modified_gmt":"2025-09-25T08:34:07","slug":"la-universidad-politecnica-de-madrid-nombrara-a-rafa-nadal-doctor-honoris-causa-en-marzo-proximo","status":"publish","type":"post","link":"https:\/\/www.europesays.com\/es\/137513\/","title":{"rendered":"La Universidad Polit\u00e9cnica de Madrid nombrar\u00e1 a Rafa Nadal doctor honoris causa en marzo pr\u00f3ximo"},"content":{"rendered":"<p>El extenista <strong><a href=\"https:\/\/www.ultimahora.es\/etiqueta\/Rafael+Nadal.html?utm_source=Inline-tag&amp;utm_medium=internal\" rel=\"nofollow noopener\" target=\"_blank\">Rafael Nadal<\/a><\/strong> ser\u00e1 investido <a href=\"https:\/\/www.ultimahora.es\/etiqueta\/doctor+honoris+causa.html?utm_source=Inline-tag&amp;utm_medium=internal\" rel=\"nofollow noopener\" target=\"_blank\">doctor honoris causa<\/a> en marzo pr\u00f3ximo por la<strong> Universidad Polit\u00e9cnica de <a href=\"https:\/\/www.ultimahora.es\/etiqueta\/Madrid.html?utm_source=Inline-tag&amp;utm_medium=internal\" rel=\"nofollow noopener\" target=\"_blank\">Madrid<\/a><\/strong> (<a href=\"https:\/\/www.ultimahora.es\/etiqueta\/UPM.html?utm_source=Inline-tag&amp;utm_medium=internal\" rel=\"nofollow noopener\" target=\"_blank\">UPM<\/a>), seg\u00fan ha anunciado el rector \u00d3scar Garc\u00eda Su\u00e1rez, este mi\u00e9rcoles, en el acto de inauguraci\u00f3n del curso acad\u00e9mico 2025-2026.<\/p>\n<p>Este reconocimiento a Nadal se conceder\u00e1 a propuesta de la <strong>Facultad de la Actividad F\u00edsica y del Deporte <\/strong>de la<strong> UPM<\/strong>, que aprob\u00f3 su investidura en marzo de 2022, pero el propio tenista solicit\u00f3 que se pospusiera hasta la finalizaci\u00f3n de su carrera deportista, seg\u00fan indica la UPM en una nota.<\/p>\n","protected":false},"excerpt":{"rendered":"El extenista Rafael Nadal ser\u00e1 investido doctor honoris causa en marzo pr\u00f3ximo por la Universidad Polit\u00e9cnica de Madrid&hellip;\n","protected":false},"author":2,"featured_media":137514,"comment_status":"","ping_status":"","sticky":false,"template":"","format":"standard","meta":{"footnotes":""},"categories":[274],"tags":[168,43342,25,24,205,6894,3439,23,167,327,326,43341],"class_list":{"0":"post-137513","1":"post","2":"type-post","3":"status-publish","4":"format-standard","5":"has-post-thumbnail","7":"category-tenis","8":"tag-deportes","9":"tag-doctor-honoris-causa","10":"tag-es","11":"tag-espana","12":"tag-madrid","13":"tag-rafa-nadal","14":"tag-rafael-nadal","15":"tag-spain","16":"tag-sports","17":"tag-tenis","18":"tag-tennis","19":"tag-upm"},"share_on_mastodon":{"url":"","error":""},"_links":{"self":[{"href":"https:\/\/www.europesays.com\/es\/wp-json\/wp\/v2\/posts\/137513","targetHints":{"allow":["GET"]}}],"collection":[{"href":"https:\/\/www.europesays.com\/es\/wp-json\/wp\/v2\/posts"}],"about":[{"href":"https:\/\/www.europesays.com\/es\/wp-json\/wp\/v2\/types\/post"}],"author":[{"embeddable":true,"href":"https:\/\/www.europesays.com\/es\/wp-json\/wp\/v2\/users\/2"}],"replies":[{"embeddable":true,"href":"https:\/\/www.europesays.com\/es\/wp-json\/wp\/v2\/comments?post=137513"}],"version-history":[{"count":0,"href":"https:\/\/www.europesays.com\/es\/wp-json\/wp\/v2\/posts\/137513\/revisions"}],"wp:featuredmedia":[{"embeddable":true,"href":"https:\/\/www.europesays.com\/es\/wp-json\/wp\/v2\/media\/137514"}],"wp:attachment":[{"href":"https:\/\/www.europesays.com\/es\/wp-json\/wp\/v2\/media?parent=137513"}],"wp:term":[{"taxonomy":"category","embeddable":true,"href":"https:\/\/www.europesays.com\/es\/wp-json\/wp\/v2\/categories?post=137513"},{"taxonomy":"post_tag","embeddable":true,"href":"https:\/\/www.europesays.com\/es\/wp-json\/wp\/v2\/tags?post=137513"}],"curies":[{"name":"wp","href":"https:\/\/api.w.org\/{rel}","templated":true}]}}