{"id":137517,"date":"2025-09-25T08:36:12","date_gmt":"2025-09-25T08:36:12","guid":{"rendered":"https:\/\/www.europesays.com\/es\/137517\/"},"modified":"2025-09-25T08:36:12","modified_gmt":"2025-09-25T08:36:12","slug":"checo-perez-y-cadillac-inician-el-storytelling-del-debut","status":"publish","type":"post","link":"https:\/\/www.europesays.com\/es\/137517\/","title":{"rendered":"Checo P\u00e9rez y Cadillac inician el storytelling del debut"},"content":{"rendered":"<p>Aunque Checo P\u00e9rez no corriera en la F\u00f3rmula 1 durante el a\u00f1o sab\u00e1tico, su vida segu\u00eda ligada a las historias y preguntas a los actores de la temporada 2025. Por otro lado, aunque Cadillac a\u00fan no lanzaba ni identidad, colores y slogan, la marca ya se posicionaba como la nueva casa de algunos pilotos. Es decir, ni el equipo ni Checo necesitaban estar en activo para que se hablara de ellos.<\/p>\n<p>La \u00faltima semana de septiembre ha sido de pel\u00edcula. Se publicaron videos, con gestos, movimientos y palabras del primer d\u00eda de trabajo de Checo con Cadillac. Dan Towriss (CEO of TWG Motorsports) y Graeme Lowdon (team principal) dieron la bienvenida al mexicano en las instalaciones de la escuder\u00eda en Charlotte, EU. Se dieron la mano, un medio abrazo y las redes sociales de Cadillac inundaron con detalles del paso a paso. Mostraron la credencial de Checo y la conversaci\u00f3n con Lowdon en el sof\u00e1 negro.<\/p>\n<p>El mi\u00e9rcoles (24 septiembre) Checo visit\u00f3 la sede en Silverstone, donde tom\u00f3 el micr\u00f3fono para hablar de sus objetivos.<\/p>\n<p>\u00abSiempre es importante arrancar debidamente, pero para m\u00ed es irrelevante c\u00f3mo iniciaremos, ya que lo importante es d\u00f3nde terminamos, y el progreso que podemos tener en los lugares clave (&#8230;) Es importante, reajustar mis objetivos del pasado. Estoy aqu\u00ed para progresar junto con el equipo y tengo la seguridad de que vamos a comenzar en una posici\u00f3n muy dif\u00edcil, pero para m\u00ed no se trata de d\u00f3nde empezamos, sino de qu\u00e9 tan r\u00e1pido logramos progresar. Esa es la clave\u00bb, dijo el mexicano en declaraciones de motorsport.com.<\/p>\n<p><a href=\"\" style=\"font-weight: normal;\">deportes@eleconomista.mx<\/a><\/p>\n","protected":false},"excerpt":{"rendered":"Aunque Checo P\u00e9rez no corriera en la F\u00f3rmula 1 durante el a\u00f1o sab\u00e1tico, su vida segu\u00eda ligada a&hellip;\n","protected":false},"author":2,"featured_media":137518,"comment_status":"","ping_status":"","sticky":false,"template":"","format":"standard","meta":{"footnotes":""},"categories":[270],"tags":[1763,5332,168,25,24,306,271,272,23,167],"class_list":{"0":"post-137517","1":"post","2":"type-post","3":"status-publish","4":"format-standard","5":"has-post-thumbnail","7":"category-formula-1","8":"tag-automovilismo","9":"tag-checo-perez","10":"tag-deportes","11":"tag-es","12":"tag-espana","13":"tag-f1","14":"tag-formula-1","15":"tag-formula1","16":"tag-spain","17":"tag-sports"},"share_on_mastodon":{"url":"","error":""},"_links":{"self":[{"href":"https:\/\/www.europesays.com\/es\/wp-json\/wp\/v2\/posts\/137517","targetHints":{"allow":["GET"]}}],"collection":[{"href":"https:\/\/www.europesays.com\/es\/wp-json\/wp\/v2\/posts"}],"about":[{"href":"https:\/\/www.europesays.com\/es\/wp-json\/wp\/v2\/types\/post"}],"author":[{"embeddable":true,"href":"https:\/\/www.europesays.com\/es\/wp-json\/wp\/v2\/users\/2"}],"replies":[{"embeddable":true,"href":"https:\/\/www.europesays.com\/es\/wp-json\/wp\/v2\/comments?post=137517"}],"version-history":[{"count":0,"href":"https:\/\/www.europesays.com\/es\/wp-json\/wp\/v2\/posts\/137517\/revisions"}],"wp:featuredmedia":[{"embeddable":true,"href":"https:\/\/www.europesays.com\/es\/wp-json\/wp\/v2\/media\/137518"}],"wp:attachment":[{"href":"https:\/\/www.europesays.com\/es\/wp-json\/wp\/v2\/media?parent=137517"}],"wp:term":[{"taxonomy":"category","embeddable":true,"href":"https:\/\/www.europesays.com\/es\/wp-json\/wp\/v2\/categories?post=137517"},{"taxonomy":"post_tag","embeddable":true,"href":"https:\/\/www.europesays.com\/es\/wp-json\/wp\/v2\/tags?post=137517"}],"curies":[{"name":"wp","href":"https:\/\/api.w.org\/{rel}","templated":true}]}}