{"id":137521,"date":"2025-09-25T08:38:08","date_gmt":"2025-09-25T08:38:08","guid":{"rendered":"https:\/\/www.europesays.com\/es\/137521\/"},"modified":"2025-09-25T08:38:08","modified_gmt":"2025-09-25T08:38:08","slug":"las-claves-del-oviedo-barca-por-lobo-carrasco-mundo-deportivo","status":"publish","type":"post","link":"https:\/\/www.europesays.com\/es\/137521\/","title":{"rendered":"Las claves del Oviedo-Bar\u00e7a, por Lobo Carrasco &#8211; Mundo Deportivo"},"content":{"rendered":"<ol>\n<li><a href=\"https:\/\/news.google.com\/rss\/articles\/CBMirgFBVV95cUxPTlBlNU1qeFROaU9XOFU0bV8zTTAxTXNmX19oMmZkTTNXOWRMX3pFOGZaSDNIRU0zczUxeEF5ck9KS3oyS29oUlFCQkVNYl9fNk1oQlMyZlk1TVBIYkFsWEx4VHRQRDJfbGhXTm1DUm1SMXRnMmQtOXJKZWc3M2RhT2Y1cFhISzljZTNDTFBhREJjT3Z5eU01eVV3NjdBVjVFRWhMZ2tLTmVvanZqOEHSAbsBQVVfeXFMTThPV0kyNXBPbXN5S2RJMU5iOVJuNUdZVEVORVlRbl9zSzROM0NnM3RiYkVkV2pOV0FTallvU08zUDBFd1ZsMjBXaVQwdEc2ZzlTLXFnNWgtbjJDanRCRU0tS0tZUU5yelFIQ01qdnlFeG9WUjNuRlQtSjJxaUVjeEZlNXNUR3Vzdkk3VTRBQktvUGNwcWY4NmtPVkk4a2xWREdSMHBPMGVKenh4NElIMmlEZ0lxclNDa3B3VQ?oc=5\" target=\"_blank\" rel=\"nofollow noopener\">Las claves del Oviedo-Bar\u00e7a, por Lobo Carrasco<\/a>&nbsp;&nbsp;Mundo Deportivo<\/li>\n<li><a href=\"https:\/\/news.google.com\/rss\/articles\/CBMijgFBVV95cUxQSmI5cWhjNlh0MTRZUDRvUEtHRFU5ZElXZXF1VEs3ckVWR1d3eW5aV3Q4TG5kaG85dk5WNWZDZVZfa3dOcGYxeFRKQjlFOVUtZzhoaTFoRjhtN29BWDRXSU0zV3V5cHNlVUVUd09KTjJKcmtSSnpzUWpRVWd2WHROanpjalBFSW41eEI3TDJn0gGiAUFVX3lxTE1CbkNCVEZrdGRfX3NhMHNZd3dNVWNvZktmVFVmdkEtLU9zUTcxQlhid3NZMjRGZG1aOVRkSFVTblU4U3V0WktvdWlkUnlGZHZJVjVDWFQ0Q0pTalpoTW51VW91ZE5nRXZ2RkJzSGFWQnFLa2J6UnZuTUVld3NhdGxKd2RDVThBUmhKS1J5UV9VMjJOXzBsajJhc0hMc3drN2FPdw?oc=5\" target=\"_blank\" rel=\"nofollow noopener\">Posible alineaci\u00f3n del Bar\u00e7a ante el Oviedo: Pedri y diez m\u00e1s<\/a>&nbsp;&nbsp;Diario AS<\/li>\n<li><a href=\"https:\/\/news.google.com\/rss\/articles\/CBMixAFBVV95cUxNNzU2Y1ctVWxoYWI3cWU1NUV6SmRSVDNyRkppS2c1Si1mWHRWUm00SF9rWTA4RHRod1QydjF0VDU5QzBnbm5YVDZrQy1nSTdhTFBicW5yNU9BakFqSVNmRFdFUU8ybXVzbUJScTVkdDhrTllXaWwwWXA1d3FXaE5CNGM3RG1ORVd5RWR6bnBFZXlaSWYzU09CLWpEcXU5NUZEbUVQOVl5WHY1SUttS00tZWtmNzdMNU9HVmt4a284QWt1ZmRY0gHKAUFVX3lxTE9VRWVzS1VTS2ZIZUlEZDR5RWcyOGFlc094MDZpSjR1ajVEaFFVdDBUZ0pQWW1QdUR6RTB1VGI2V1BXRXRKVmJaWnhLenBZaUpUdEZyblFkU2czUUVteWlIeEtabmNJbm43V2ZwZlROTFJqYkVVcjRGbjA3WU1CZEZxRFNOQUx4MXBud0dTWEpubmxZcnVyMjVzT2l3NzJ5Z1Z2SXJyTTFmY2VUM0R2cVRNQmI5V3J5NzZJN1RCR3Y3aVBkeWNhWDVqREE?oc=5\" target=\"_blank\" rel=\"nofollow noopener\">Oviedo-FC Barcelona: horario y d\u00f3nde ver por TV y online el partido de LaLiga EA Sports<\/a>&nbsp;&nbsp;El Confidencial<\/li>\n<li><a href=\"https:\/\/news.google.com\/rss\/articles\/CBMinAFBVV95cUxNYWU4ZVBPUVNsWktuVjZSQ0dmdk1jRXQ1UmdGcGVpYXJyd05RbXJOM2RqYk1WelM3Vy1lUWV3N0dnc296UldPZWZHVzVVLTVkTkoxLVFmU0QzT2lCMjFSLTdka2dBTlZ1RWFMX2dsSWFic3htbmd1U0tlVFhNYlZKWVFQSEY2X3FvVGdiNlhXb2RmT1lxQVFnRDl2MTTSAZwBQVVfeXFMTXlVTDZvOWhmcllrS255dnpwU05YX2Vrc2ZHWkV6RXJaX053YnZ4d2l0Y3NnS3NlSFV1RmxGUE0zRHgyT1dMeFM1dlNVcWFrMmZhT01aSFlaTnd6T2czbnE4N2xNektvOUhjMVdra0oyZXpVWTdVa1JnaE0wQmNSb0hpcm1LcFptLURaNDRRalFrMVE0LXdzVFg0alV2?oc=5\" target=\"_blank\" rel=\"nofollow noopener\">Sin Lamine, Flick prepara rotaciones para Oviedo<\/a>&nbsp;&nbsp;El Mundo<\/li>\n<li><a href=\"https:\/\/news.google.com\/rss\/articles\/CBMisgFBVV95cUxPRU1iRkZHZFNoUUFaaTlDdG1uZXpONGo0X3hsaFo5b2RKQmdXNnR3VHFsWmJ1Qk14bDNTYThkMVVFdDVWNFpjbGstalBvaHdqaUtUQTU4Y1ktajFENGV6ZVZhTTZvdEtiQkFrMWItcjBaSnVkdTZZcDJCV0kwOUM3MUEyQ3RzaDlNT3RMbG1leWVfUXEyQWhkNG5aVFRTT3N5cFBwTE9tOWZUNVdPcy1TWHVn?oc=5\" target=\"_blank\" rel=\"nofollow noopener\">La convocatoria para visitar Oviedo<\/a>&nbsp;&nbsp;FC Barcelona<\/li>\n<\/ol>\n","protected":false},"excerpt":{"rendered":"Las claves del Oviedo-Bar\u00e7a, por Lobo Carrasco&nbsp;&nbsp;Mundo Deportivo Posible alineaci\u00f3n del Bar\u00e7a ante el Oviedo: Pedri y diez&hellip;\n","protected":false},"author":2,"featured_media":137522,"comment_status":"","ping_status":"","sticky":false,"template":"","format":"standard","meta":{"footnotes":""},"categories":[268],"tags":[168,25,24,280,282,281,23,167],"class_list":{"0":"post-137521","1":"post","2":"type-post","3":"status-publish","4":"format-standard","5":"has-post-thumbnail","7":"category-futbol","8":"tag-deportes","9":"tag-es","10":"tag-espana","11":"tag-football","12":"tag-futbol","13":"tag-soccer","14":"tag-spain","15":"tag-sports"},"share_on_mastodon":{"url":"","error":""},"_links":{"self":[{"href":"https:\/\/www.europesays.com\/es\/wp-json\/wp\/v2\/posts\/137521","targetHints":{"allow":["GET"]}}],"collection":[{"href":"https:\/\/www.europesays.com\/es\/wp-json\/wp\/v2\/posts"}],"about":[{"href":"https:\/\/www.europesays.com\/es\/wp-json\/wp\/v2\/types\/post"}],"author":[{"embeddable":true,"href":"https:\/\/www.europesays.com\/es\/wp-json\/wp\/v2\/users\/2"}],"replies":[{"embeddable":true,"href":"https:\/\/www.europesays.com\/es\/wp-json\/wp\/v2\/comments?post=137521"}],"version-history":[{"count":0,"href":"https:\/\/www.europesays.com\/es\/wp-json\/wp\/v2\/posts\/137521\/revisions"}],"wp:featuredmedia":[{"embeddable":true,"href":"https:\/\/www.europesays.com\/es\/wp-json\/wp\/v2\/media\/137522"}],"wp:attachment":[{"href":"https:\/\/www.europesays.com\/es\/wp-json\/wp\/v2\/media?parent=137521"}],"wp:term":[{"taxonomy":"category","embeddable":true,"href":"https:\/\/www.europesays.com\/es\/wp-json\/wp\/v2\/categories?post=137521"},{"taxonomy":"post_tag","embeddable":true,"href":"https:\/\/www.europesays.com\/es\/wp-json\/wp\/v2\/tags?post=137521"}],"curies":[{"name":"wp","href":"https:\/\/api.w.org\/{rel}","templated":true}]}}