{"id":137525,"date":"2025-09-25T08:40:26","date_gmt":"2025-09-25T08:40:26","guid":{"rendered":"https:\/\/www.europesays.com\/es\/137525\/"},"modified":"2025-09-25T08:40:26","modified_gmt":"2025-09-25T08:40:26","slug":"el-museo-lazaro-galdiano-acoge-la-primera-exposicion-en-espana-de-julia-toro","status":"publish","type":"post","link":"https:\/\/www.europesays.com\/es\/137525\/","title":{"rendered":"El Museo L\u00e1zaro Galdiano acoge la primera exposici\u00f3n en Espa\u00f1a de Julia Toro"},"content":{"rendered":"<p>La <strong>exposici\u00f3n<\/strong>, organizada en el marco de <strong>PHotoESPA\u00d1A 2025<\/strong>, puede visitarse hasta el 9 de noviembre y re\u00fane m\u00e1s de 60 im\u00e1genes que reflejan la mirada \u00edntima y comprometida de la autora.<\/p>\n<p>Una obra marcada por lo cotidiano y lo universal<\/p>\n<p>Las <strong>fotograf\u00edas de Julia Toro<\/strong> (Talca, 1933) recorren escenas de la vida diaria, el dolor, la ausencia, la memoria y la fragilidad humana, pero tambi\u00e9n el amor y la celebraci\u00f3n de lo sencillo. Muchas de ellas fueron captadas en Chile durante la dictadura de Pinochet, sin caer en la denuncia expl\u00edcita, y transmiten tanto los temores de la \u00e9poca como la persistencia de la vida en familia, los paseos dominicales o las reuniones con amigos.<\/p>\n<p>El <strong>erotismo<\/strong>, presente en buena parte de su obra, constituye otro de sus ejes fundamentales, siendo una de las pocas fot\u00f3grafas en retratar el desnudo masculino con naturalidad y sensibilidad.<\/p>\n<p>\u201cEstado fotogr\u00e1fico\u201d: m\u00e1s de 60 im\u00e1genes en Madrid<\/p>\n<p>La muestra se distribuye entre el p\u00f3rtico, la galer\u00eda y la sala de Arte Invitado del museo madrile\u00f1o. Bajo el t\u00edtulo Estado fotogr\u00e1fico, el visitante encuentra im\u00e1genes que, en palabras del comisario<strong> Rodrigo G\u00f3mez Rovira<\/strong>, \u201cexploran la vulnerabilidad humana y la vida familiar sin recurrir a la denuncia expl\u00edcita\u201d.<\/p>\n<p>Detalles aparentemente insignificantes \u2014unos tacones en movimiento, una pierna entrando en una ba\u00f1era, una pipa a punto de soltar humo\u2014 se convierten en protagonistas que revelan lo \u00edntimo y lo colectivo al mismo tiempo.<\/p>\n<p>Una vida entregada a la fotograf\u00eda<\/p>\n<p><strong>Julia Toro<\/strong> se adentr\u00f3 en la fotograf\u00eda de manera tard\u00eda, cerca de los 40 a\u00f1os, y desde entonces convirti\u00f3 su c\u00e1mara en una extensi\u00f3n de su mirada. Retrat\u00f3 la bohemia chilena de los a\u00f1os 80 y a destacados personajes de la cultura como Pedro Lemebel, Ra\u00fal Zurita, Diamela Eltit o Jorge Teillier.<\/p>\n<p>Su <strong>trayectoria<\/strong> le ha valido reconocimientos como el Premio Antonio Quintana a la Trayectoria en Fotograf\u00eda (2023) o el Premio Plagio a la Creatividad Art\u00edstica (2024). Adem\u00e1s, ha publicado libros como Amor x Chile (2011) e Hijos (2018), y en 2022 vio la luz su compilaci\u00f3n de diarios personales en la editorial Lumen.<\/p>\n<p>Chile, pa\u00eds invitado en PHotoESPA\u00d1A 2025<\/p>\n<p>La<strong> exposici\u00f3n<\/strong> forma parte de la<strong> programaci\u00f3n de PHotoESPA\u00d1A 2025<\/strong>, en la que Chile es el pa\u00eds invitado. Ha sido posible gracias a la colaboraci\u00f3n de las Secretar\u00edas de Artes de la Visualidad y Econom\u00eda Creativa, el Ministerio de las Culturas, las Artes y el Patrimonio de Chile, la Embajada de Chile en Espa\u00f1a y la Divisi\u00f3n de las Culturas, las Artes, el Patrimonio y Diplomacia P\u00fablica (DIRAC) del Ministerio de Relaciones Exteriores chileno.<\/p>\n<p>Una mirada \u00edntima y universal<\/p>\n<p>Con m\u00e1s de 90 a\u00f1os, Julia Toro sigue activa y afirma que contin\u00faa tomando fotograf\u00edas \u201cpara seguir viva\u201d. Su obra, libre de artificios, se convierte en un testimonio colectivo y emocional que permite a los visitantes descubrir c\u00f3mo la belleza puede encontrarse en lo m\u00e1s cotidiano.<\/p>\n","protected":false},"excerpt":{"rendered":"La exposici\u00f3n, organizada en el marco de PHotoESPA\u00d1A 2025, puede visitarse hasta el 9 de noviembre y re\u00fane&hellip;\n","protected":false},"author":2,"featured_media":137526,"comment_status":"","ping_status":"","sticky":false,"template":"","format":"standard","meta":{"footnotes":""},"categories":[173],"tags":[229,233,231,230,43344,232,234,146,147,25,24,2003,244,43343,205,23],"class_list":{"0":"post-137525","1":"post","2":"type-post","3":"status-publish","4":"format-standard","5":"has-post-thumbnail","7":"category-arte-y-diseno","8":"tag-arte","9":"tag-arte-y-diseno","10":"tag-arts","11":"tag-arts-and-design","12":"tag-cronica-cultural-por-jose-bello","13":"tag-design","14":"tag-diseno","15":"tag-entertainment","16":"tag-entretenimiento","17":"tag-es","18":"tag-espana","19":"tag-exposicion","20":"tag-fotografia","21":"tag-jose-bello-aliaga","22":"tag-madrid","23":"tag-spain"},"share_on_mastodon":{"url":"","error":""},"_links":{"self":[{"href":"https:\/\/www.europesays.com\/es\/wp-json\/wp\/v2\/posts\/137525","targetHints":{"allow":["GET"]}}],"collection":[{"href":"https:\/\/www.europesays.com\/es\/wp-json\/wp\/v2\/posts"}],"about":[{"href":"https:\/\/www.europesays.com\/es\/wp-json\/wp\/v2\/types\/post"}],"author":[{"embeddable":true,"href":"https:\/\/www.europesays.com\/es\/wp-json\/wp\/v2\/users\/2"}],"replies":[{"embeddable":true,"href":"https:\/\/www.europesays.com\/es\/wp-json\/wp\/v2\/comments?post=137525"}],"version-history":[{"count":0,"href":"https:\/\/www.europesays.com\/es\/wp-json\/wp\/v2\/posts\/137525\/revisions"}],"wp:featuredmedia":[{"embeddable":true,"href":"https:\/\/www.europesays.com\/es\/wp-json\/wp\/v2\/media\/137526"}],"wp:attachment":[{"href":"https:\/\/www.europesays.com\/es\/wp-json\/wp\/v2\/media?parent=137525"}],"wp:term":[{"taxonomy":"category","embeddable":true,"href":"https:\/\/www.europesays.com\/es\/wp-json\/wp\/v2\/categories?post=137525"},{"taxonomy":"post_tag","embeddable":true,"href":"https:\/\/www.europesays.com\/es\/wp-json\/wp\/v2\/tags?post=137525"}],"curies":[{"name":"wp","href":"https:\/\/api.w.org\/{rel}","templated":true}]}}