{"id":137527,"date":"2025-09-25T08:41:10","date_gmt":"2025-09-25T08:41:10","guid":{"rendered":"https:\/\/www.europesays.com\/es\/137527\/"},"modified":"2025-09-25T08:41:10","modified_gmt":"2025-09-25T08:41:10","slug":"eliseo-alberto-y-la-herida-de-la-memoria-cubana-en-informe-contra-mi-mismo-sociedad","status":"publish","type":"post","link":"https:\/\/www.europesays.com\/es\/137527\/","title":{"rendered":"Eliseo Alberto y la herida de la memoria cubana en &#8216;Informe contra m\u00ed mismo&#8217; | Sociedad"},"content":{"rendered":"<p class=\"loc\">Alcobendas<\/p>\n<p>En una nueva entrega de \u201cLa vuelta al mundo en 90 libros\u201d, el espacio viajero literario de SER Madrid Norte con por Davel Puente, viajaremos a la Cuba de Eliseo Alberto para descubrir una de las obras m\u00e1s personales y conmovedoras de la literatura latinoamericana reciente: \u2018Informe contra m\u00ed mismo\u2019.<\/p>\n<p>En este libro, el escritor traza un recorrido emocional en el que confiesa c\u00f3mo pas\u00f3 de ser un entusiasta defensor de la Revoluci\u00f3n Cubana a un hombre que se pregunta si aquel proyecto hist\u00f3rico vali\u00f3 la pena. Lo hace desde la memoria y la intimidad, reivindicando a su familia, sus amigos y a la isla entera como el verdadero motor de su relato. <\/p>\n<p>Lejos de las trincheras ideol\u00f3gicas, el autor aborda su experiencia con una honestidad brutal, desarmando tanto la pasi\u00f3n ciega como la frialdad de la raz\u00f3n. Su voz se alza contra el olvido, con la esperanza de un reencuentro entre los cubanos \u201cbajo la sombra isle\u00f1a de una nube\u201d. <\/p>\n<p>Para Davel Puente, esta lectura se inserta de lleno en la esencia de la secci\u00f3n: un viaje literario que, m\u00e1s all\u00e1 de geograf\u00edas, nos invita a entender los pa\u00edses desde las vivencias, las emociones y las heridas de sus autores. En palabras de quienes lo han le\u00eddo, \u2018Informe contra m\u00ed mismo\u2019 no solo es un testimonio devastador por su sinceridad, sino tambi\u00e9n una obra luminosa por su capacidad de convertir la memoria en un acto de amor.<\/p>\n","protected":false},"excerpt":{"rendered":"Alcobendas En una nueva entrega de \u201cLa vuelta al mundo en 90 libros\u201d, el espacio viajero literario de&hellip;\n","protected":false},"author":2,"featured_media":137528,"comment_status":"","ping_status":"","sticky":false,"template":"","format":"standard","meta":{"footnotes":""},"categories":[172],"tags":[224,146,147,25,24,225,23],"class_list":{"0":"post-137527","1":"post","2":"type-post","3":"status-publish","4":"format-standard","5":"has-post-thumbnail","7":"category-libros","8":"tag-books","9":"tag-entertainment","10":"tag-entretenimiento","11":"tag-es","12":"tag-espana","13":"tag-libros","14":"tag-spain"},"share_on_mastodon":{"url":"","error":""},"_links":{"self":[{"href":"https:\/\/www.europesays.com\/es\/wp-json\/wp\/v2\/posts\/137527","targetHints":{"allow":["GET"]}}],"collection":[{"href":"https:\/\/www.europesays.com\/es\/wp-json\/wp\/v2\/posts"}],"about":[{"href":"https:\/\/www.europesays.com\/es\/wp-json\/wp\/v2\/types\/post"}],"author":[{"embeddable":true,"href":"https:\/\/www.europesays.com\/es\/wp-json\/wp\/v2\/users\/2"}],"replies":[{"embeddable":true,"href":"https:\/\/www.europesays.com\/es\/wp-json\/wp\/v2\/comments?post=137527"}],"version-history":[{"count":0,"href":"https:\/\/www.europesays.com\/es\/wp-json\/wp\/v2\/posts\/137527\/revisions"}],"wp:featuredmedia":[{"embeddable":true,"href":"https:\/\/www.europesays.com\/es\/wp-json\/wp\/v2\/media\/137528"}],"wp:attachment":[{"href":"https:\/\/www.europesays.com\/es\/wp-json\/wp\/v2\/media?parent=137527"}],"wp:term":[{"taxonomy":"category","embeddable":true,"href":"https:\/\/www.europesays.com\/es\/wp-json\/wp\/v2\/categories?post=137527"},{"taxonomy":"post_tag","embeddable":true,"href":"https:\/\/www.europesays.com\/es\/wp-json\/wp\/v2\/tags?post=137527"}],"curies":[{"name":"wp","href":"https:\/\/api.w.org\/{rel}","templated":true}]}}