{"id":137535,"date":"2025-09-25T08:47:08","date_gmt":"2025-09-25T08:47:08","guid":{"rendered":"https:\/\/www.europesays.com\/es\/137535\/"},"modified":"2025-09-25T08:47:08","modified_gmt":"2025-09-25T08:47:08","slug":"el-regreso-de-jimmy-kimmel-logra-la-mayor-audiencia-en-10-anos-con-63-millones-de-espectadores","status":"publish","type":"post","link":"https:\/\/www.europesays.com\/es\/137535\/","title":{"rendered":"El regreso de Jimmy Kimmel logra la mayor audiencia en 10 a\u00f1os con 6,3 millones de espectadores"},"content":{"rendered":"<p>\n         Publicado<br \/>\n            25\/09\/2025 &#8211; 10:28 CEST\n            <\/p>\n<p>          <img decoding=\"async\" class=\"c-ad__placeholder__logo\" src=\"https:\/\/static.euronews.com\/website\/images\/logos\/logo-euronews-stacked-outlined-72x72-grey-9.svg\" width=\"72\" height=\"72\" alt=\"\" loading=\"lazy\"\/><br \/>\n          PUBLICIDAD<\/p>\n<p>El <a href=\"https:\/\/es.euronews.com\/cultura\/2025\/09\/24\/jimmy-kimmel-vuelve-a-las-ondas-y-aborda-los-comentarios-sobre-charlie-kirk-en-un-emotivo-\" rel=\"nofollow noopener\" target=\"_blank\"><strong>regreso de Jimmy Kimmel<\/strong><\/a> despu\u00e9s de casi una semana de suspensi\u00f3n marc\u00f3 un r\u00e9cord hist\u00f3rico: su programa alcanz\u00f3 las <strong>mejores cifras de audiencia en diez a\u00f1os<\/strong>. Seg\u00fan confirm\u00f3 &#8216;ABC&#8217;, propiedad de Disney, casi <strong>6,3 millones de espectadores<\/strong> siguieron la emisi\u00f3n en televisi\u00f3n, sin contar el consumo en plataformas de streaming.<\/p>\n<p>En circunstancias normales, &#8216;Jimmy Kimmel Live!&#8217; congrega entre <strong>1,4 y 1,8 millones de espectadores<\/strong> cada noche. Esta vez, el impacto se multiplic\u00f3 en l\u00ednea: m\u00e1s de 15 millones de personas vieron <a href=\"https:\/\/www.youtube.com\/watch?v=1Qy7ZYxW1mk\" target=\"_blank\" rel=\"noreferrer nofollow noopener\">el mon\u00f3logo de apertura en YouTube<\/a> durante la noche del mi\u00e9rcoles, y el total de visionados en redes sociales super\u00f3 los <strong>26 millones<\/strong>.<\/p>\n<p>El hito se produjo a pesar de que un cuarto de las estaciones afiliadas a &#8216;ABC&#8217; \u2014en ciudades como <strong>Washington, Seattle, Nashville y St. Louis<\/strong>\u2014 no emitieron el programa. Las corporaciones <strong>Nexstar y Sinclair<\/strong> mantienen el veto a Kimmel y se niegan a retransmitirlo.<\/p>\n<p>Un portavoz de Nexstar declar\u00f3 que el presentador \u00abseguir\u00e1 vetado\u00bb en sus estaciones mientras la compa\u00f1\u00eda eval\u00faa el programa. Kimmel volvi\u00f3 al set acompa\u00f1ado del actor <strong>Glen Powell<\/strong>, en una emisi\u00f3n grabada el martes 23 de septiembre en Los \u00c1ngeles.<\/p>\n<p>\u00abEstamos en conversaciones productivas con los ejecutivos de <strong>Walt Disney Co.<\/strong>, matriz de &#8216;ABC&#8217;, con el objetivo de garantizar que el programa refleje y respete los diversos intereses de las comunidades a las que servimos\u00bb, se\u00f1al\u00f3 Nexstar en un comunicado.<\/p>\n<p>La <a href=\"https:\/\/es.euronews.com\/business\/2025\/09\/23\/disney-trae-de-regreso-a-kimmel-echando-un-pulso-a-trump-que-coste-tiene-para-la-empresa\" rel=\"nofollow noopener\" target=\"_blank\"><strong>suspensi\u00f3n de Jimmy Kimmel<\/strong><\/a> ha reavivado el debate sobre la <strong>libertad de expresi\u00f3n en EE.UU.<\/strong> y evidenciado hasta qu\u00e9 punto el expresidente Donald Trump intenta remodelar el panorama medi\u00e1tico a su favor, eliminando cualquier cr\u00edtica. El caso ya ha atra\u00eddo la atenci\u00f3n del Senado estadounidense. Un grupo de legisladores advirti\u00f3 que investigar\u00e1 la relaci\u00f3n entre las cadenas afiliadas y la Administraci\u00f3n Trump.<\/p>\n<p>\u00abSi Nexstar o Sinclair aceptaron <a href=\"https:\/\/es.euronews.com\/cultura\/2025\/09\/18\/las-reacciones-politicas-y-culturales-ante-el-despido-de-jimmy-kimmel\" rel=\"nofollow noopener\" target=\"_blank\">censurar a un cr\u00edtico del Gobierno<\/a> a cambio de favores oficiales, no solo ser\u00edan c\u00f3mplices de un grave atropello a la libertad de expresi\u00f3n, sino que tambi\u00e9n <strong>podr\u00edan haber violado la ley anticorrupci\u00f3n<\/strong>\u00ab, escribieron los senadores Elizabeth Warren, Ed Markey, Ron Wyden y Chris Van Hollen a las compa\u00f1\u00edas.<\/p>\n<p>Otro grupo de senadores, liderado por el dem\u00f3crata californiano Adam Schiff, anunci\u00f3 que pedir\u00e1 explicaciones al presidente de la <strong>FCC<\/strong>, <strong>Brendan Carr<\/strong>, sobre las \u00abamenazas impl\u00edcitas\u00bb a Disney relacionadas con el caso Kimmel.<\/p>\n<p>En paralelo, en el set de Hollywood Blvd., miembros del equipo de &#8216;Jimmy Kimmel Live!&#8217; <strong>preparaban el estudio para la grabaci\u00f3n<\/strong>, instalando una gran pancarta con el nombre del programa.<\/p>\n<p>En su programa de regreso, <strong>Jimmy Kimmel<\/strong> afirm\u00f3: \u00abNunca fue mi intenci\u00f3n restar importancia <a href=\"https:\/\/es.euronews.com\/2025\/09\/22\/fue-el-funeral-de-charlie-kirk-un-punto-de-inflexion-para-donald-trump-y-el-movimiento-mag\" rel=\"nofollow noopener\" target=\"_blank\">al asesinato de un joven<\/a>\u00ab. Tambi\u00e9n acus\u00f3 al presidente de la FCC, Brendan Carr, de emplear \u00abt\u00e1cticas intimidatorias\u00bb y lo ridiculiz\u00f3 junto a la instituci\u00f3n en un &#8216;sketch&#8217; protagonizado por Robert De Niro.<\/p>\n<p><strong>Kimmel no ahorr\u00f3 cr\u00edticas a Donald Trump<\/strong>, quien <a href=\"https:\/\/es.euronews.com\/cultura\/2025\/09\/22\/quien-sera-el-siguiente-tras-kimmel-trump-transforma-el-panorama-audiovisual-en-eeuu\" rel=\"nofollow noopener\" target=\"_blank\">cuestion\u00f3 su reincorporaci\u00f3n al aire<\/a>: \u00abNuestro l\u00edder se alegra de que la gente pierda su medio de vida porque no sabe aceptar una broma\u00bb, dijo el presentador, calificando posteriormente las acciones de Trump como \u00abantiamericanas\u00bb.<\/p>\n<p>Por ahora, el intento del expresidente de <strong>usar el aparato federal para presionar<\/strong> a las cadenas y moldear el panorama medi\u00e1tico parece haber fracasado. Sin embargo, Trump ha dejado claro que no abandonar\u00e1 su ofensiva: ya ha pedido p\u00fablicamente que se retire tambi\u00e9n de la programaci\u00f3n a otros presentadores de &#8216;late night&#8217;, como <strong>Jimmy Fallon<\/strong> y <strong>Seth Meyers<\/strong>.<\/p>\n<p>Fuentes adicionales<strong> \u2022 AP<\/strong><\/p>\n","protected":false},"excerpt":{"rendered":"Publicado 25\/09\/2025 &#8211; 10:28 CEST PUBLICIDAD El regreso de Jimmy Kimmel despu\u00e9s de casi una semana de suspensi\u00f3n&hellip;\n","protected":false},"author":2,"featured_media":137536,"comment_status":"","ping_status":"","sticky":false,"template":"","format":"standard","meta":{"footnotes":""},"categories":[91],"tags":[209,352,146,147,25,24,629,16481,1526,23],"class_list":{"0":"post-137535","1":"post","2":"type-post","3":"status-publish","4":"format-standard","5":"has-post-thumbnail","7":"category-entretenimiento","8":"tag-cultura","9":"tag-donald-trump","10":"tag-entertainment","11":"tag-entretenimiento","12":"tag-es","13":"tag-espana","14":"tag-estados-unidos","15":"tag-libertad-de-expresion","16":"tag-polemica","17":"tag-spain"},"share_on_mastodon":{"url":"","error":""},"_links":{"self":[{"href":"https:\/\/www.europesays.com\/es\/wp-json\/wp\/v2\/posts\/137535","targetHints":{"allow":["GET"]}}],"collection":[{"href":"https:\/\/www.europesays.com\/es\/wp-json\/wp\/v2\/posts"}],"about":[{"href":"https:\/\/www.europesays.com\/es\/wp-json\/wp\/v2\/types\/post"}],"author":[{"embeddable":true,"href":"https:\/\/www.europesays.com\/es\/wp-json\/wp\/v2\/users\/2"}],"replies":[{"embeddable":true,"href":"https:\/\/www.europesays.com\/es\/wp-json\/wp\/v2\/comments?post=137535"}],"version-history":[{"count":0,"href":"https:\/\/www.europesays.com\/es\/wp-json\/wp\/v2\/posts\/137535\/revisions"}],"wp:featuredmedia":[{"embeddable":true,"href":"https:\/\/www.europesays.com\/es\/wp-json\/wp\/v2\/media\/137536"}],"wp:attachment":[{"href":"https:\/\/www.europesays.com\/es\/wp-json\/wp\/v2\/media?parent=137535"}],"wp:term":[{"taxonomy":"category","embeddable":true,"href":"https:\/\/www.europesays.com\/es\/wp-json\/wp\/v2\/categories?post=137535"},{"taxonomy":"post_tag","embeddable":true,"href":"https:\/\/www.europesays.com\/es\/wp-json\/wp\/v2\/tags?post=137535"}],"curies":[{"name":"wp","href":"https:\/\/api.w.org\/{rel}","templated":true}]}}