{"id":137551,"date":"2025-09-25T08:55:13","date_gmt":"2025-09-25T08:55:13","guid":{"rendered":"https:\/\/www.europesays.com\/es\/137551\/"},"modified":"2025-09-25T08:55:13","modified_gmt":"2025-09-25T08:55:13","slug":"joel-alvarez-ufc-la-ufc-a-punto-de-cerrar-el-debut-de-joel-alvarez-en-el-peso-welter-se-medira-a-una-leyenda-de-la-division","status":"publish","type":"post","link":"https:\/\/www.europesays.com\/es\/137551\/","title":{"rendered":"JOEL ALVAREZ UFC | La UFC, a punto de cerrar el debut de Joel \u00c1lvarez en el peso welter: se medir\u00e1 a una leyenda de la divisi\u00f3n"},"content":{"rendered":"<p class=\"ft-text\">Joel \u00c1lvarez, a un paso de volver a la jaula de la UFC. La compa\u00f1\u00eda norteamericana trabaja en cerrar su pr\u00f3xima pelea contra Vicente Luque, una de las leyendas de la divisi\u00f3n de peso welter, seg\u00fan apunta el periodista \u00c1lvaro Colmenero. El combate tendr\u00eda lugar el 11 de octubre en el UFC R\u00edo, en R\u00edo de Janeiro (Brasil), y supondr\u00eda el debut oficial del asturiano en la nueva categor\u00eda.<\/p>\n<p class=\"ft-text\">\u00c1lvarez entrar\u00eda en el cartel como sustituto de Santiago Ponzinibbio. El argentino era el rival original de Luque, pero una lesi\u00f3n de \u00faltima hora le ha dejado fuera del evento. La organizaci\u00f3n trabaja para ultimar los detalles y la pelea podr\u00eda ser anunciada de forma oficial en las pr\u00f3ximas horas.<\/p>\n<p class=\"ft-text\">Para El Fen\u00f3meno ser\u00eda un paso importante en su carrera. Tras varios meses de inactividad, marcados por problemas con los visados, el gijon\u00e9s llega con buenas sensaciones: acumula victorias en sus \u00faltimas apariciones en el peso ligero y afronta ahora el reto de medirse en una categor\u00eda que se ajusta mejor a su complexi\u00f3n. Enfrente, Vicente Luque, un veterano con amplia trayectoria en la UFC y uno de los nombres propios de la divisi\u00f3n. El combate en R\u00edo se perfila como una gran oportunidad para que \u00c1lvarez se reivindique en la \u00e9lite y empiece a escribir su camino en el peso welter.<\/p>\n","protected":false},"excerpt":{"rendered":"Joel \u00c1lvarez, a un paso de volver a la jaula de la UFC. La compa\u00f1\u00eda norteamericana trabaja en&hellip;\n","protected":false},"author":2,"featured_media":137552,"comment_status":"","ping_status":"","sticky":false,"template":"","format":"standard","meta":{"footnotes":""},"categories":[276],"tags":[12232,3216,5417,5437,168,25,24,4457,2320,18954,2450,23,167,343],"class_list":{"0":"post-137551","1":"post","2":"type-post","3":"status-publish","4":"format-standard","5":"has-post-thumbnail","7":"category-ufc","8":"tag-asturiano","9":"tag-brasil","10":"tag-cerrar","11":"tag-debut","12":"tag-deportes","13":"tag-es","14":"tag-espana","15":"tag-joel","16":"tag-punto","17":"tag-rio-de-janeiro","18":"tag-santiago","19":"tag-spain","20":"tag-sports","21":"tag-ufc"},"share_on_mastodon":{"url":"","error":""},"_links":{"self":[{"href":"https:\/\/www.europesays.com\/es\/wp-json\/wp\/v2\/posts\/137551","targetHints":{"allow":["GET"]}}],"collection":[{"href":"https:\/\/www.europesays.com\/es\/wp-json\/wp\/v2\/posts"}],"about":[{"href":"https:\/\/www.europesays.com\/es\/wp-json\/wp\/v2\/types\/post"}],"author":[{"embeddable":true,"href":"https:\/\/www.europesays.com\/es\/wp-json\/wp\/v2\/users\/2"}],"replies":[{"embeddable":true,"href":"https:\/\/www.europesays.com\/es\/wp-json\/wp\/v2\/comments?post=137551"}],"version-history":[{"count":0,"href":"https:\/\/www.europesays.com\/es\/wp-json\/wp\/v2\/posts\/137551\/revisions"}],"wp:featuredmedia":[{"embeddable":true,"href":"https:\/\/www.europesays.com\/es\/wp-json\/wp\/v2\/media\/137552"}],"wp:attachment":[{"href":"https:\/\/www.europesays.com\/es\/wp-json\/wp\/v2\/media?parent=137551"}],"wp:term":[{"taxonomy":"category","embeddable":true,"href":"https:\/\/www.europesays.com\/es\/wp-json\/wp\/v2\/categories?post=137551"},{"taxonomy":"post_tag","embeddable":true,"href":"https:\/\/www.europesays.com\/es\/wp-json\/wp\/v2\/tags?post=137551"}],"curies":[{"name":"wp","href":"https:\/\/api.w.org\/{rel}","templated":true}]}}