{"id":137557,"date":"2025-09-25T08:59:17","date_gmt":"2025-09-25T08:59:17","guid":{"rendered":"https:\/\/www.europesays.com\/es\/137557\/"},"modified":"2025-09-25T08:59:17","modified_gmt":"2025-09-25T08:59:17","slug":"ferrari-optimista-con-hamilton-a-pesar-de-los-resultados-vamos-por-buen-camino","status":"publish","type":"post","link":"https:\/\/www.europesays.com\/es\/137557\/","title":{"rendered":"Ferrari, optimista con Hamilton a pesar de los resultados: \u00abVamos por buen camino\u00bb"},"content":{"rendered":"<p data-mrf-recirculation=\"Links P\u00e1rrafos\" class=\"ue-c-article__paragraph paragraph ue-c-article--first-letter-highlighted\">Los resultados siguen sin acompa\u00f1ar a <strong>Lewis Hamilton <\/strong>tras su regreso del par\u00f3n veraniego. A juzgar por los n\u00fameros, las dificultades en el &#8216;<strong>SF-25<\/strong>&#8216; no han cesado. Un retiro tras un accidente en <strong>Zandvoort<\/strong>, un <strong>sexto puesto es Monza <\/strong>y, en el \u00faltimo fin de semana, una octava posici\u00f3n en <strong>Bak\u00fa<\/strong>, no mejoran sus resultados en la primera mitad de temporada.\u00a0<\/p>\n<p><img decoding=\"async\" width=\"1980\" height=\"1320\" class=\"ue-c-article__image lazyload\" alt=\"Hamilton, al terminar la carrera.\" loading=\"lazy\" src=\"https:\/\/www.europesays.com\/es\/wp-content\/uploads\/2025\/09\/1758790757_753_68d021c061cd3.jpeg\"\/><\/p>\n<p>Hamilton, al terminar la carrera.EFE<\/p>\n<p data-mrf-recirculation=\"Links P\u00e1rrafos\" class=\"ue-c-article__paragraph paragraph\">Sin embargo, <strong>Frederic Vasseur, jefe de Ferrari,<\/strong> ve con otros ojos el presente del siete veces campe\u00f3n del mundo. <strong>\u00abVamos por buen camino\u00bb<\/strong>, asegur\u00f3 al final del <strong>GP de Azerbaiy\u00e1n<\/strong>, en una declaraciones recogidas por &#8216;<strong>Motorsport-Total.com&#8217;<\/strong>.\u00a0<\/p>\n<p>Una mejora que pasa sin nombre en el radar<\/p>\n<p data-mrf-recirculation=\"Links P\u00e1rrafos\" class=\"ue-c-article__paragraph paragraph\">Pese a quedarse con el crono m\u00e1s r\u00e1pido del viernes, <strong>Lewis<\/strong> se qued\u00f3 con la <strong>12\u00ba plaza<\/strong> en la sesi\u00f3n de clasificaci\u00f3n despu\u00e9s de que la &#8216;Scuderia&#8217; lo obligara una estrategia que consider\u00f3 err\u00f3nea. \u00abNo ten\u00edamos los neum\u00e1ticos adecuados al final\u00bb, explic\u00f3. En carrera, subi\u00f3 hasta el 8\u00ba escal\u00f3n en un circuito que es muy dif\u00edcil adelantar. \u00ab<strong>La mejor comparaci\u00f3n que tenemos fue Norris<\/strong>\u00ab.\u00a0El brit\u00e1nico parti\u00f3 desde la s\u00e9ptima posici\u00f3n \u00aby termin\u00f3 justo por delante de <strong>Lewis<\/strong>\u00ab, recuerda <strong>Vasseur<\/strong>.<\/p>\n<p data-mrf-recirculation=\"Links P\u00e1rrafos\" class=\"ue-c-article__paragraph paragraph\">\u00ab<strong>Necesitamos trabajar mejor juntos, porque el 12\u00ba puesto en clasificaci\u00f3n no es el resultado que esper\u00e1bamos<\/strong>\u00ab, sentenci\u00f3 el dirigente galo, quien reconoci\u00f3 que todo tiene que salir bien para que el equipo consiga un buen resultado.\u00a0<\/p>\n<blockquote class=\"ue-c-article__blockquote\">\n<p>Necesitamos trabajar mejor juntos, porque el 12\u00ba puesto en clasificaci\u00f3n no es el resultado que esper\u00e1bamos<\/p>\n<p>Fred Vasseur<\/p><\/blockquote>\n<p data-mrf-recirculation=\"Links P\u00e1rrafos\" class=\"ue-c-article__paragraph paragraph\"><strong>Hamilton <\/strong>se\u00f1ala que \u00abuna cosa es tener el potencial, otra es ejecutarlo. Y tenemos que hacer nuestro trabajo para implementarlo.\u00a0En t\u00e9rminos operativos, podr\u00edamos haberlo hecho mejor.<strong> Tenemos que trabajar en ello\u00bb,<\/strong> lo que sugiere que la evoluci\u00f3n de su director no es del todo err\u00f3nea.\u00a0<\/p>\n<p>Crece la preocupaci\u00f3n desde afuera<\/p>\n<p data-mrf-recirculation=\"Links P\u00e1rrafos\" class=\"ue-c-article__paragraph paragraph\">A pesar de las palabras de los protagonistas en el <strong>Circuito callejero de Bak\u00fa,<\/strong> la relaci\u00f3n entre ambas partes no cesa la preocupaci\u00f3n en los &#8216;tifosi&#8217;.\u00a0En declaraciones a <strong>Sky Alemania, Schumacher <\/strong>expres\u00f3 su preocupaci\u00f3n por c\u00f3mo<strong>\u00a0<\/strong>\u201cse tratan entre s\u00ed\u201d.<\/p>\n<p data-mrf-recirculation=\"Links P\u00e1rrafos\" class=\"ue-c-article__paragraph paragraph\">\u201cLa forma en que se tratan no es buena. Adem\u00e1s, est\u00e1 la cr\u00edtica de Lewis al equipo. Soy esc\u00e9ptico con la combinaci\u00f3n\u201d, dijo. \u00ab<strong>Ferrari tiene que trabajar internamente<\/strong>; de lo contrario, se desintegrar\u00e1 por dentro.\u00a0Si <strong>Lewis <\/strong>ya no conf\u00eda en el equipo, y viceversa, ser\u00eda una l\u00e1stima. Porque si la desconfianza crece, <strong>es mejor dejarla ir y tomar caminos separados al final del a\u00f1o\u00bb<\/strong>, sentenci\u00f3 <strong>Ralf<\/strong>.\u00a0<\/p>\n","protected":false},"excerpt":{"rendered":"Los resultados siguen sin acompa\u00f1ar a Lewis Hamilton tras su regreso del par\u00f3n veraniego. A juzgar por los&hellip;\n","protected":false},"author":2,"featured_media":137558,"comment_status":"","ping_status":"","sticky":false,"template":"","format":"standard","meta":{"footnotes":""},"categories":[270],"tags":[168,25,24,306,271,272,23,167],"class_list":{"0":"post-137557","1":"post","2":"type-post","3":"status-publish","4":"format-standard","5":"has-post-thumbnail","7":"category-formula-1","8":"tag-deportes","9":"tag-es","10":"tag-espana","11":"tag-f1","12":"tag-formula-1","13":"tag-formula1","14":"tag-spain","15":"tag-sports"},"share_on_mastodon":{"url":"","error":""},"_links":{"self":[{"href":"https:\/\/www.europesays.com\/es\/wp-json\/wp\/v2\/posts\/137557","targetHints":{"allow":["GET"]}}],"collection":[{"href":"https:\/\/www.europesays.com\/es\/wp-json\/wp\/v2\/posts"}],"about":[{"href":"https:\/\/www.europesays.com\/es\/wp-json\/wp\/v2\/types\/post"}],"author":[{"embeddable":true,"href":"https:\/\/www.europesays.com\/es\/wp-json\/wp\/v2\/users\/2"}],"replies":[{"embeddable":true,"href":"https:\/\/www.europesays.com\/es\/wp-json\/wp\/v2\/comments?post=137557"}],"version-history":[{"count":0,"href":"https:\/\/www.europesays.com\/es\/wp-json\/wp\/v2\/posts\/137557\/revisions"}],"wp:featuredmedia":[{"embeddable":true,"href":"https:\/\/www.europesays.com\/es\/wp-json\/wp\/v2\/media\/137558"}],"wp:attachment":[{"href":"https:\/\/www.europesays.com\/es\/wp-json\/wp\/v2\/media?parent=137557"}],"wp:term":[{"taxonomy":"category","embeddable":true,"href":"https:\/\/www.europesays.com\/es\/wp-json\/wp\/v2\/categories?post=137557"},{"taxonomy":"post_tag","embeddable":true,"href":"https:\/\/www.europesays.com\/es\/wp-json\/wp\/v2\/tags?post=137557"}],"curies":[{"name":"wp","href":"https:\/\/api.w.org\/{rel}","templated":true}]}}