{"id":137584,"date":"2025-09-25T09:14:10","date_gmt":"2025-09-25T09:14:10","guid":{"rendered":"https:\/\/www.europesays.com\/es\/137584\/"},"modified":"2025-09-25T09:14:10","modified_gmt":"2025-09-25T09:14:10","slug":"la-moncloa-24-09-2025-intervencion-del-presidente-del-gobierno-pedro-sanchez-en-la-cumbre-sobre-accion-climatica-presidente-intervenciones","status":"publish","type":"post","link":"https:\/\/www.europesays.com\/es\/137584\/","title":{"rendered":"La Moncloa. 24\/09\/2025. Intervenci\u00f3n del presidente del Gobierno, Pedro S\u00e1nchez, en la Cumbre sobre Acci\u00f3n Clim\u00e1tica [Presidente\/Intervenciones]"},"content":{"rendered":"<p class=\"news-location\">New York (EEUU)<\/p>\n<p class=\"Centrado\"><strong>INTERVENCI\u00d3N DEL PRESIDENTE DEL GOBIERNO, PEDRO S\u00c1NCHEZ<\/strong><\/p>\n<p class=\"Justificado\">Se\u00f1oras y se\u00f1ores,<\/p>\n<p class=\"Justificado\">Devastadores incendios han asolado Espa\u00f1a este verano. Casi 400.000 hect\u00e1reas han ardido en lo que va de a\u00f1o en mi pa\u00eds. Una superficie que es mayor a la de una docena de estados de las Naciones Unidas.<\/p>\n<p class=\"Justificado\">Por tanto, los datos son incontestables. Este ha sido el verano m\u00e1s c\u00e1lido desde que existen registros y la emergencia clim\u00e1tica avanza. Y, sin embargo, la ambici\u00f3n para afrontarla, desgraciadamente est\u00e1 retrocediendo.<\/p>\n<p class=\"Justificado\">Y esto es inaceptable porque debemos cumplir con lo acordado y presentar una nueva ronda de contribuciones determinadas a nivel nacional, alineadas con el objetivo de los 1,5 grados cent\u00edgrados. Porque nos va sencillamente la vida en ello. Tenemos, por tanto, que redirigir el rumbo, y la COP30 de Bel\u00e9m es el espacio para hacerlo.<\/p>\n<p class=\"Justificado\">Mi pa\u00eds, Espa\u00f1a, trabaja junto con el resto de socios europeos para presentar una contribuci\u00f3n nacional determinada a nivel europeo, alineada con la ciencia y con el objetivo de reducci\u00f3n del 90% de las Emisiones en el a\u00f1o 2040.<\/p>\n<p class=\"Justificado\">Debemos seguir avanzando decisivamente y, por tanto, no retroceder. Y mi pa\u00eds trabaja en tres ejes prioritarios en relaci\u00f3n con la acci\u00f3n clim\u00e1tica que quiero pasar a compartir con ustedes.<\/p>\n<p class=\"Justificado\">En primer lugar, la financiaci\u00f3n. Debemos seguir dando pasos concretos en materia de financiaci\u00f3n para ser cre\u00edbles en la lucha contra la emergencia clim\u00e1tica.<\/p>\n<p class=\"Justificado\">El compromiso de Sevilla y la Plataforma de Sevilla para la acci\u00f3n adoptados en la 4\u00aa Conferencia de Financiaci\u00f3n al Desarrollo representan un hito en el fortalecimiento de la financiaci\u00f3n internacional.<\/p>\n<p class=\"Justificado\">En segundo lugar, la lucha contra la desinformaci\u00f3n. La desinformaci\u00f3n no solo crea confusi\u00f3n, difunde noticias falsas y, en el \u00e1mbito de la emergencia clim\u00e1tica, pone adem\u00e1s en riesgo vidas y bienes. Y, por tanto, la desinformaci\u00f3n clim\u00e1tica tambi\u00e9n es un actor que mata.<\/p>\n<p class=\"Justificado\">Por eso hoy quiero anunciar que Espa\u00f1a se adhiere a la Iniciativa Global para la Integridad de la Informaci\u00f3n sobre el cambio clim\u00e1tico. Porque no se trata de combatir bulos. Se trata de salvar vidas.<\/p>\n<p class=\"Justificado\">Y, por \u00faltimo, y en tercer lugar, la mejora de nuestros sistemas de prevenci\u00f3n ante fen\u00f3menos clim\u00e1ticos extremos que, por desgracia, ser\u00e1n cada vez m\u00e1s frecuentes y virulentos. Esta es la raz\u00f3n de ser de la propuesta que estoy haciendo a todas las instituciones, al mundo de la sociedad civil espa\u00f1ola, a todos los partidos pol\u00edticos, de acordar un gran pacto de Estado frente a la emergencia clim\u00e1tica. Porque la amenaza a la que nos enfrentamos no entiende de ideolog\u00edas ni se detiene ante fronteras.<\/p>\n<p class=\"Justificado\">As\u00ed que combatir la emergencia clim\u00e1tica no es una idea abstracta. Por desgracia, nuestros conciudadanos, todos nosotros y nosotras, vemos que cada d\u00eda esta emergencia clim\u00e1tica avanza. No es una idea abstracta. Es proteger nuestras casas, es proteger nuestro empleo. Es proteger tambi\u00e9n nuestro modo de vida.<\/p>\n<p class=\"Justificado\">El cambio clim\u00e1tico no solo mata, tambi\u00e9n empobrece a nuestras sociedades. Y si algunos, por razones ideol\u00f3gicas que nada tienen que ver con la ciencia, no se sienten interpelados por lo primero, que al menos act\u00faen motivados por lo segundo.<\/p>\n<p class=\"Justificado\">Nada m\u00e1s y muchas gracias.<\/p>\n<p class=\"Derecha\">(Transcripci\u00f3n editada por la Secretar\u00eda de Estado de Comunicaci\u00f3n)<\/p>\n<p class=\"Derecha\">(Intervenci\u00f3n original en espa\u00f1ol)<\/p>\n","protected":false},"excerpt":{"rendered":"New York (EEUU) INTERVENCI\u00d3N DEL PRESIDENTE DEL GOBIERNO, PEDRO S\u00c1NCHEZ Se\u00f1oras y se\u00f1ores, Devastadores incendios han asolado Espa\u00f1a&hellip;\n","protected":false},"author":2,"featured_media":121663,"comment_status":"","ping_status":"","sticky":false,"template":"","format":"standard","meta":{"footnotes":""},"categories":[8],"tags":[17,18,25,24,13,14,11,19,20,9,10,15,16,23,12,21,22],"class_list":{"0":"post-137584","1":"post","2":"type-post","3":"status-publish","4":"format-standard","5":"has-post-thumbnail","7":"category-espana","8":"tag-breaking-news","9":"tag-breakingnews","10":"tag-es","11":"tag-espana","12":"tag-featured-news","13":"tag-featurednews","14":"tag-headlines","15":"tag-latest-news","16":"tag-latestnews","17":"tag-news","18":"tag-noticias","19":"tag-noticias-destacadas","20":"tag-noticiasdestacadas","21":"tag-spain","22":"tag-titulares","23":"tag-ultimas-noticias","24":"tag-ultimasnoticias"},"share_on_mastodon":{"url":"","error":""},"_links":{"self":[{"href":"https:\/\/www.europesays.com\/es\/wp-json\/wp\/v2\/posts\/137584","targetHints":{"allow":["GET"]}}],"collection":[{"href":"https:\/\/www.europesays.com\/es\/wp-json\/wp\/v2\/posts"}],"about":[{"href":"https:\/\/www.europesays.com\/es\/wp-json\/wp\/v2\/types\/post"}],"author":[{"embeddable":true,"href":"https:\/\/www.europesays.com\/es\/wp-json\/wp\/v2\/users\/2"}],"replies":[{"embeddable":true,"href":"https:\/\/www.europesays.com\/es\/wp-json\/wp\/v2\/comments?post=137584"}],"version-history":[{"count":0,"href":"https:\/\/www.europesays.com\/es\/wp-json\/wp\/v2\/posts\/137584\/revisions"}],"wp:featuredmedia":[{"embeddable":true,"href":"https:\/\/www.europesays.com\/es\/wp-json\/wp\/v2\/media\/121663"}],"wp:attachment":[{"href":"https:\/\/www.europesays.com\/es\/wp-json\/wp\/v2\/media?parent=137584"}],"wp:term":[{"taxonomy":"category","embeddable":true,"href":"https:\/\/www.europesays.com\/es\/wp-json\/wp\/v2\/categories?post=137584"},{"taxonomy":"post_tag","embeddable":true,"href":"https:\/\/www.europesays.com\/es\/wp-json\/wp\/v2\/tags?post=137584"}],"curies":[{"name":"wp","href":"https:\/\/api.w.org\/{rel}","templated":true}]}}