{"id":137587,"date":"2025-09-25T09:16:10","date_gmt":"2025-09-25T09:16:10","guid":{"rendered":"https:\/\/www.europesays.com\/es\/137587\/"},"modified":"2025-09-25T09:16:10","modified_gmt":"2025-09-25T09:16:10","slug":"benito-puerto-tras-el-buen-curso-anterior-mejorarlo-queda-lejos","status":"publish","type":"post","link":"https:\/\/www.europesays.com\/es\/137587\/","title":{"rendered":"Benito Puerto: \u00abTras el buen curso anterior, mejorarlo queda lejos\u00bb"},"content":{"rendered":"<p>\t\t\tEl Deza C\u00f3rdoba Balonmano cuenta ya las horas para un estreno liguero que no tardar\u00e1 en llegar. Las granates levantar\u00e1n el tel\u00f3n del Grupo D de Divisi\u00f3n de Honor Plata Femenina este s\u00e1bado a las 19:45 horas en la pista del Base Villaverde, primera parada de una temporada en la que buscar\u00e1 mantener su crecimiento. Benito Puerto, su entrenador, transmiti\u00f3 su confianza de cara al arranque de <\/p>\n<p style=\"text-align:center\"> Para seguir leyendo suscr\u00edbete<\/p>\n<p style=\"text-align:center\"> \u00bfYa est\u00e1s suscrito? <a href=\"https:\/\/cordobadeporte.com\/iniciar-sesion\/\" style=\"color:#72b142;text-decoration:underline\" rel=\"nofollow noopener\" target=\"_blank\">Inicia sesi\u00f3n<\/a><\/p>\n<p>Opciones de suscripci\u00f3nMensual 2025<\/p>\n<p style=\"text-align:center\">3,25\u20ac<br \/>&#13;<br \/>\n3,95\u20ac<br \/>&#13;<br \/>\nAl mes<br \/>&#13;<br \/>\nPago recurrente<\/p>\n<p><strong>3,25 \u20ac cada 1 mes (peri\u00f3dica)<\/strong><\/p>\n<p>Cuatrimestral 2025<\/p>\n<p style=\"text-align:center\">12,25\u20ac<br \/>&#13;<br \/>\n12,95\u20ac<br \/>&#13;<br \/>\nCada 4 meses<br \/>&#13;<br \/>\nPago recurrente<\/p>\n<p><strong>12,25 \u20ac cada 4 meses (peri\u00f3dica)<\/strong><\/p>\n<p>Anual 2025<\/p>\n<p style=\"text-align:center\">31,99\u20ac<br \/>&#13;<br \/>\n34,95\u20ac<br \/>&#13;<br \/>\nAl a\u00f1o<br \/>&#13;<br \/>\nPago recurrente<\/p>\n<p><strong>31,99 \u20ac cada 1 a\u00f1o (peri\u00f3dica)<\/strong><\/p>\n<p style=\"text-align:center;font-size:0.8em;font-weight:400\">PROMOCI\u00d3N V\u00c1LIDA HASTA EL 1 DE ENERO DE 2026<\/p>\n<p><a href=\"http:\/\/ads.cordobadeporte.com\/www\/delivery\/ck.php?n=a67dc791&amp;cb=INSERT_RANDOM_NUMBER_HERE\" target=\"_blank\" rel=\"nofollow noopener\"><img decoding=\"async\" src=\"https:\/\/www.europesays.com\/es\/wp-content\/uploads\/2025\/09\/1758791769_25_avw\" border=\"0\" alt=\"\"\/><\/a><\/p>\n<p><a href=\"http:\/\/ads.cordobadeporte.com\/www\/delivery\/ck.php?n=ad1a0db8&amp;cb=INSERT_RANDOM_NUMBER_HERE\" target=\"_blank\" rel=\"nofollow noopener\"><img decoding=\"async\" src=\"https:\/\/www.europesays.com\/es\/wp-content\/uploads\/2025\/09\/1758791770_52_avw\" border=\"0\" alt=\"\"\/><\/a><\/p>\n","protected":false},"excerpt":{"rendered":"El Deza C\u00f3rdoba Balonmano cuenta ya las horas para un estreno liguero que no tardar\u00e1 en llegar. Las&hellip;\n","protected":false},"author":2,"featured_media":137588,"comment_status":"","ping_status":"","sticky":false,"template":"","format":"standard","meta":{"footnotes":""},"categories":[278],"tags":[376,43348,4903,1130,168,26449,25,24,375,1132,4712,661,23,167],"class_list":{"0":"post-137587","1":"post","2":"type-post","3":"status-publish","4":"format-standard","5":"has-post-thumbnail","7":"category-balonmano","8":"tag-balonmano","9":"tag-benito-puerto","10":"tag-cordoba-de-balonmano","11":"tag-deporte-femenino","12":"tag-deportes","13":"tag-division-de-honor-plata-femenina","14":"tag-es","15":"tag-espana","16":"tag-handball","17":"tag-home8","18":"tag-inicio","19":"tag-objetivo","20":"tag-spain","21":"tag-sports"},"share_on_mastodon":{"url":"","error":""},"_links":{"self":[{"href":"https:\/\/www.europesays.com\/es\/wp-json\/wp\/v2\/posts\/137587","targetHints":{"allow":["GET"]}}],"collection":[{"href":"https:\/\/www.europesays.com\/es\/wp-json\/wp\/v2\/posts"}],"about":[{"href":"https:\/\/www.europesays.com\/es\/wp-json\/wp\/v2\/types\/post"}],"author":[{"embeddable":true,"href":"https:\/\/www.europesays.com\/es\/wp-json\/wp\/v2\/users\/2"}],"replies":[{"embeddable":true,"href":"https:\/\/www.europesays.com\/es\/wp-json\/wp\/v2\/comments?post=137587"}],"version-history":[{"count":0,"href":"https:\/\/www.europesays.com\/es\/wp-json\/wp\/v2\/posts\/137587\/revisions"}],"wp:featuredmedia":[{"embeddable":true,"href":"https:\/\/www.europesays.com\/es\/wp-json\/wp\/v2\/media\/137588"}],"wp:attachment":[{"href":"https:\/\/www.europesays.com\/es\/wp-json\/wp\/v2\/media?parent=137587"}],"wp:term":[{"taxonomy":"category","embeddable":true,"href":"https:\/\/www.europesays.com\/es\/wp-json\/wp\/v2\/categories?post=137587"},{"taxonomy":"post_tag","embeddable":true,"href":"https:\/\/www.europesays.com\/es\/wp-json\/wp\/v2\/tags?post=137587"}],"curies":[{"name":"wp","href":"https:\/\/api.w.org\/{rel}","templated":true}]}}