{"id":137605,"date":"2025-09-25T09:27:08","date_gmt":"2025-09-25T09:27:08","guid":{"rendered":"https:\/\/www.europesays.com\/es\/137605\/"},"modified":"2025-09-25T09:27:08","modified_gmt":"2025-09-25T09:27:08","slug":"el-final-del-franquismo-zenda","status":"publish","type":"post","link":"https:\/\/www.europesays.com\/es\/137605\/","title":{"rendered":"El final del franquismo &#8211; Zenda"},"content":{"rendered":"<p>Jer\u00f3nimo Tristante, creador de V\u00edctor Ros, regresa a las librer\u00edas con un thriller hist\u00f3rico que revela los secretos mejor guardados del franquismo. Un ex polic\u00eda espa\u00f1ol exiliado en Par\u00eds recibe el encargo, realizado por la mism\u00edsima CIA, de investigar un asesinato ocurrido en una urbanizaci\u00f3n de Almer\u00eda dos a\u00f1os atr\u00e1s.<\/p>\n<p>En este making of <strong>Jer\u00f3nimo Tristante<\/strong> explica c\u00f3mo escribi\u00f3 <strong>1973<\/strong> (Contraluz).<\/p>\n<p style=\"text-align: center;\">***<\/p>\n<p>Cuando publiqu\u00e9 1969 comprob\u00e9 al instante que los lectores empatizaban, y mucho, con su protagonista, Julio Alsina. \u00bfPor qu\u00e9? <strong>Porque la suya es una historia de redenci\u00f3n y a todos nos gusta pensar que es posible resurgir de nuestras propias cenizas<\/strong>. Y es cierto. Alsina es un fracasado, tanto, que es un polic\u00eda manso al que solo dejan hacer DNIs. Por no tener, no tiene ni el valor de ser alcoh\u00f3lico de bourbon o whisky, como los detectives de verdad, tipos duros, sino que vive amarrado a una botella de Licor 43. Los lectores me demandaban m\u00e1s aventuras de este personaje, as\u00ed que me puse a ello con 1973.<\/p>\n<p>Ya tengo experiencia en escribir series de novelas sobre un detective, como es el caso de V\u00edctor Ros, as\u00ed que soy consciente de que debes intentar que el lector nuevo pueda incorporarse sin que conozca la novela anterior.<strong> Era muy importante que 1973 fuera una historia autoconclusiva e independiente de la primera<\/strong>. Por otra parte, has de ser cuidadoso con el lector que ha le\u00eddo la novela anterior, porque querr\u00e1 encontrar continuidad con el personaje, los secundarios y los sucesos anteriores. Para ello intent\u00e9 recordar algunos retazos de lo ocurrido en 1969, para que el lector nuevo se familiarice con lo que le pas\u00f3 a Alsina anteriormente, pero sin que esto lastre la lectura de una nueva historia.<\/p>\n<p><p>\u00abEsto es 1973. Una novela que si intentamos clasificar dentro del g\u00e9nero podr\u00eda ser procedimental y que tiene retazos de novela negra\u00bb<\/p>\n<\/p>\n<p><strong>Tengo amigos que me dicen que mis novelas son m\u00e1s hist\u00f3ricas que policiacas, y en parte estoy de acuerdo<\/strong>. Es verdad que el componente de ambientaci\u00f3n hist\u00f3rica en mis novelas es bastante importante y que, a veces, la trama policial no es sino un truco de cuentacuentos para mantener al lector pegado al texto, para hacer que la novela como artefacto funcione y que a la vez me permite que una vez que el lector se ha enganchado a la lectura, poder contar c\u00f3mo era una \u00e9poca. Esto es 1973. Una novela que si intentamos clasificar dentro del g\u00e9nero podr\u00eda ser procedimental y que tiene retazos de novela negra.<\/p>\n<p>La novela arranca con Alsina como librero en Montmartre, donde es requerido por la CIA con la colaboraci\u00f3n del r\u00e9gimen franquista para que acuda a Espa\u00f1a a resolver un caso fr\u00edo, de hace dos a\u00f1os, que tuvo lugar en Vera, Almer\u00eda. Esto me ha permitido describir un fen\u00f3meno importante de la \u00e9poca, el turismo. <strong>Pude entrar en contacto con un archivero de aquella localidad que me proporcion\u00f3 much\u00edsimo material: programas de fiestas, fotograf\u00edas, planos, etc\u00e9tera. <\/strong>He podido documentar muy bien la \u00e9poca en una localidad de veraneo, sobre todo lo que m\u00e1s me interesaba, y es que el fen\u00f3meno del turismo, que ayud\u00f3 much\u00edsimo econ\u00f3micamente a la Espa\u00f1a de la \u00e9poca, bien pudo ser un desencadenante de lo que luego ocurri\u00f3, porque los ciudadanos ve\u00edan que los extranjeros tra\u00edan otra forma de vivir, no solo divisas, sino tambi\u00e9n libertad, y eso les daba que pensar.<\/p>\n<p><p>\u00abEn la novela tambi\u00e9n est\u00e1n presentes, porque Alsina es un especialista en meterse en grandes casos sin saberlo, dos magnicidios cruciales: el de Carrero Blanco y el de Kennedy\u00bb<\/p>\n<\/p>\n<p>Luego, el grueso de la novela est\u00e1 ambientado en Madrid, donde me pude adentrar en el an\u00e1lisis de la pre-Transici\u00f3n y descubrir que el franquismo se autodisolvi\u00f3. <strong>Un Madrid apasionante, con Franco muy tocado por el Parkinson, las luchas intestinas, los movimientos para situarse, que eran tremendos\u2026<\/strong> De un lado el Opus, los camisas viejas (los del b\u00fanker) o la propia familia del dictador que, dirigidos por Carmen Polo, quer\u00edan que Alfonso de Borb\u00f3n pudiera heredar el poder. Los reformistas, con Torcuato Fern\u00e1ndez Miranda y otros, tiraban hacia una transici\u00f3n democr\u00e1tica. Es aquel un Madrid apasionante, el Madrid del proceso 1001 a la c\u00fapula de Comisiones Obreras en el TOP, ETA movi\u00e9ndose por la capital para atentar contra Carrero Blanco o la influencia de la CIA y los socialdem\u00f3cratas alemanes en nuestra Transici\u00f3n. En definitiva, un decorado apasionante.<\/p>\n<p>Y por \u00faltimo, en la novela tambi\u00e9n est\u00e1n presentes (porque Alsina es un especialista en meterse en grandes casos sin saberlo) dos magnicidios cruciales: el de Carrero Blanco y el de Kennedy. Sobre esto simplemente adelantar\u00e9 que en la novela apuntamos y desvelamos algunas informaciones que quiz\u00e1 la mayor parte de la poblaci\u00f3n no termina de conocer: por ejemplo, qui\u00e9n era Roscoe White, que pas\u00f3 una gran parte de su vida trabajando codo con codo en inteligencia con Lee Harvey Oswald, o c\u00f3mo es posible que el comando Txikia que mat\u00f3 a Carrero Blanco no fuera detenido por la polic\u00eda franquista si en el bar de debajo de su piso de Campamento eran conocidos por los vecinos como \u201clos de la ETA\u201d. Esas y otras inc\u00f3gnitas quedan desveladas en 1973. Os espero.<\/p>\n<p>\u2014\u2014\u2014\u2014\u2014\u2014\u2014\u2014\u2014\u2014\u2014\u2014\u2014<\/p>\n<p><strong>Autor: <\/strong>Jer\u00f3nimo Tristante. <strong>T\u00edtulo: <\/strong>1973. <strong>Editorial: <\/strong>Contraluz. <strong>Venta: <\/strong><a href=\"https:\/\/www.todostuslibros.com\/libros\/1973_978-84-19822-88-8\" target=\"_blank\" rel=\"noopener noreferrer nofollow\">Todos tus libros<\/a>.<\/p>\n<p>\t\t\t\t\t\t\t0\/5\t\t\t\t\t\t\t<\/p>\n<p>\t\t\t\t\t\t\t(0 Puntuaciones. Valora este art\u00edculo, por favor)\n\t\t\t\t\t\t<\/p>\n","protected":false},"excerpt":{"rendered":"Jer\u00f3nimo Tristante, creador de V\u00edctor Ros, regresa a las librer\u00edas con un thriller hist\u00f3rico que revela los secretos&hellip;\n","protected":false},"author":2,"featured_media":137606,"comment_status":"","ping_status":"","sticky":false,"template":"","format":"standard","meta":{"footnotes":""},"categories":[172],"tags":[224,146,147,25,24,225,23],"class_list":{"0":"post-137605","1":"post","2":"type-post","3":"status-publish","4":"format-standard","5":"has-post-thumbnail","7":"category-libros","8":"tag-books","9":"tag-entertainment","10":"tag-entretenimiento","11":"tag-es","12":"tag-espana","13":"tag-libros","14":"tag-spain"},"share_on_mastodon":{"url":"","error":""},"_links":{"self":[{"href":"https:\/\/www.europesays.com\/es\/wp-json\/wp\/v2\/posts\/137605","targetHints":{"allow":["GET"]}}],"collection":[{"href":"https:\/\/www.europesays.com\/es\/wp-json\/wp\/v2\/posts"}],"about":[{"href":"https:\/\/www.europesays.com\/es\/wp-json\/wp\/v2\/types\/post"}],"author":[{"embeddable":true,"href":"https:\/\/www.europesays.com\/es\/wp-json\/wp\/v2\/users\/2"}],"replies":[{"embeddable":true,"href":"https:\/\/www.europesays.com\/es\/wp-json\/wp\/v2\/comments?post=137605"}],"version-history":[{"count":0,"href":"https:\/\/www.europesays.com\/es\/wp-json\/wp\/v2\/posts\/137605\/revisions"}],"wp:featuredmedia":[{"embeddable":true,"href":"https:\/\/www.europesays.com\/es\/wp-json\/wp\/v2\/media\/137606"}],"wp:attachment":[{"href":"https:\/\/www.europesays.com\/es\/wp-json\/wp\/v2\/media?parent=137605"}],"wp:term":[{"taxonomy":"category","embeddable":true,"href":"https:\/\/www.europesays.com\/es\/wp-json\/wp\/v2\/categories?post=137605"},{"taxonomy":"post_tag","embeddable":true,"href":"https:\/\/www.europesays.com\/es\/wp-json\/wp\/v2\/tags?post=137605"}],"curies":[{"name":"wp","href":"https:\/\/api.w.org\/{rel}","templated":true}]}}