{"id":137637,"date":"2025-09-25T09:45:32","date_gmt":"2025-09-25T09:45:32","guid":{"rendered":"https:\/\/www.europesays.com\/es\/137637\/"},"modified":"2025-09-25T09:45:32","modified_gmt":"2025-09-25T09:45:32","slug":"carlos-sainz-abandona-en-el-gp-de-australia","status":"publish","type":"post","link":"https:\/\/www.europesays.com\/es\/137637\/","title":{"rendered":"Carlos Sainz abandona en el GP de Australia"},"content":{"rendered":"<p>Domingo, 16 de marzo de 2025<br \/>&#13;<br \/>\n&#8211; Carrera: DNF, 1 vuelta<\/p>\n<ul>&#13;<\/p>\n<li>Carlos Sainz ha sufrido un accidente en la primera vuelta del GP de Australia, pero los datos han revelado pronto cu\u00e1l ha sido la causa.<\/li>\n<p>&#13;<\/p>\n<li>El piloto espa\u00f1ol ha perdido el control de su Williams FW47 cuando ha subido de marcha en la \u00faltima curva antes de acelerar para la recta de meta.<\/li>\n<p>&#13;<\/p>\n<li>La carrera estaba en condiciones de coche de seguridad en ese momento, lo cual implicaba el uso de un mapa de motor distinto y tambi\u00e9n un cambio en la entrega de par en los cambios de marcha. Carlos se ha visto sorprendido por esta situaci\u00f3n en su primera ocasi\u00f3n bajo el agua en Williams.<\/li>\n<p>&#13;\n<\/ul>\n<p><strong>DECLARACIONES<\/strong>:<br \/>&#13;<br \/>\n\u201cAntes que nada, una gran enhorabuena a Alex y al equipo; Alex ha hecho un gran trabajo y ha empezado nuestra temporada con buen pie. Por mi parte, hemos visto los datos y hemos detectado r\u00e1pidamente qu\u00e9 ha ocurrido, lo cual me tranquiliza sobre la situaci\u00f3n. Sin entrar en detalles, est\u00e1 relacionado con las subidas de marcha cuando estamos en el modo de coche de seguridad. Obviamente estoy frustrado con ello y lo siento por todo el equipo. He pasado el resto de la carrera intentando ayudar por la radio y estoy contento de haber podido participar al menos de esta forma. Por suerte China es la semana que viene y estoy deseando volver a subirme al coche\u201d.<\/p>\n<p><strong>PR\u00d3XIMA ACTIVIDAD:<\/strong><br \/>&#13;<br \/>\nGP de China, Shanghai International Circuit \u2013 21-23 de marzo de 2025<\/p>\n","protected":false},"excerpt":{"rendered":"Domingo, 16 de marzo de 2025&#13; &#8211; Carrera: DNF, 1 vuelta &#13; Carlos Sainz ha sufrido un accidente&hellip;\n","protected":false},"author":2,"featured_media":137638,"comment_status":"","ping_status":"","sticky":false,"template":"","format":"standard","meta":{"footnotes":""},"categories":[270],"tags":[43355,43354,307,168,25,24,306,271,272,4152,15169,23,167,308],"class_list":{"0":"post-137637","1":"post","2":"type-post","3":"status-publish","4":"format-standard","5":"has-post-thumbnail","7":"category-formula-1","8":"tag-albert-park","9":"tag-australia-gp","10":"tag-carlos-sainz","11":"tag-deportes","12":"tag-es","13":"tag-espana","14":"tag-f1","15":"tag-formula-1","16":"tag-formula1","17":"tag-fw47","18":"tag-gp-australia","19":"tag-spain","20":"tag-sports","21":"tag-williams"},"share_on_mastodon":{"url":"","error":""},"_links":{"self":[{"href":"https:\/\/www.europesays.com\/es\/wp-json\/wp\/v2\/posts\/137637","targetHints":{"allow":["GET"]}}],"collection":[{"href":"https:\/\/www.europesays.com\/es\/wp-json\/wp\/v2\/posts"}],"about":[{"href":"https:\/\/www.europesays.com\/es\/wp-json\/wp\/v2\/types\/post"}],"author":[{"embeddable":true,"href":"https:\/\/www.europesays.com\/es\/wp-json\/wp\/v2\/users\/2"}],"replies":[{"embeddable":true,"href":"https:\/\/www.europesays.com\/es\/wp-json\/wp\/v2\/comments?post=137637"}],"version-history":[{"count":0,"href":"https:\/\/www.europesays.com\/es\/wp-json\/wp\/v2\/posts\/137637\/revisions"}],"wp:featuredmedia":[{"embeddable":true,"href":"https:\/\/www.europesays.com\/es\/wp-json\/wp\/v2\/media\/137638"}],"wp:attachment":[{"href":"https:\/\/www.europesays.com\/es\/wp-json\/wp\/v2\/media?parent=137637"}],"wp:term":[{"taxonomy":"category","embeddable":true,"href":"https:\/\/www.europesays.com\/es\/wp-json\/wp\/v2\/categories?post=137637"},{"taxonomy":"post_tag","embeddable":true,"href":"https:\/\/www.europesays.com\/es\/wp-json\/wp\/v2\/tags?post=137637"}],"curies":[{"name":"wp","href":"https:\/\/api.w.org\/{rel}","templated":true}]}}