{"id":137666,"date":"2025-09-25T10:00:08","date_gmt":"2025-09-25T10:00:08","guid":{"rendered":"https:\/\/www.europesays.com\/es\/137666\/"},"modified":"2025-09-25T10:00:08","modified_gmt":"2025-09-25T10:00:08","slug":"las-pulseras-salvan-vidas-todos-los-dias","status":"publish","type":"post","link":"https:\/\/www.europesays.com\/es\/137666\/","title":{"rendered":"Las pulseras salvan vidas todos los d\u00edas"},"content":{"rendered":"<p>La delegada del Gobierno contra la Violencia de G\u00e9nero, <strong>Carmen Mart\u00ednez Perza<\/strong>, comparece este jueves en el Congreso de los Diputados para dar explicaciones sobre las incidencias registradas tras el cambio en la gesti\u00f3n de las pulseras de control telem\u00e1tico de agresores machistas. <\/p>\n<p>Tras un minuto de silencio, Perza ha comenzado su intervenci\u00f3n pidiendo disculpas \u00aba todas aquellas mujeres supervivientes de la violencia machista que se est\u00e1n sintiendo inquietas en este momento por la situaci\u00f3n que estamos viviendo\u00bb. \u00abSu sufrimiento es mi sufrimiento\u00bb, ha dicho. <\/p>\n<p>Seg\u00fan los datos que ha ofrecido, a 31 de agosto de este a\u00f1o, hab\u00eda <strong>4.730 v\u00edctimas en este sistema de protecci\u00f3n<\/strong>. Mujeres que, ha dicho \u00abdeben sentirse seguras\u00bb, puesto que \u00abninguna mujer con dispositivo ha sido asesinada y trabajamos a diario para su seguridad\u201d, ha subrayado Perza.<\/p>\n<p>\u00abNo ha afectado a delitos de violencia de g\u00e9nero\u00bb<\/p>\n<p>Al igual que lo hiciera ya la ministra de Igualdad, Ana Redondo, Mart\u00ednez Perza ha recordado que el sistema Cometa \u2014Centro de Control de Medidas Telem\u00e1ticas de Alejamiento desde el que se gestionan las pulseras antimaltrato\u2014 es \u00abun elemento m\u00e1s\u00bb dentro del complejo sistema de protecci\u00f3n a las v\u00edctimas. En distintas ocasiones ha repetido que<strong> \u00aben ning\u00fan caso\u00bb<\/strong> las incidencias registradas en el servicio \u00ab<strong>han afectado a delitos de violencia de g\u00e9nero\u00bb. <\/strong><\/p>\n<p>En este sentido, ha aclarado que \u00ablas dificultades detectadas afectaron a los procesos judiciales tramitados por delitos de quebrantamiento de pena ya sucedidos\u00bb y ha dicho que es \u00abfalso que exista un elevado n\u00famero de sobreseimientos\u00bb como ha trascendido a partir de las quejas de diferentes audiencias provinciales. Ha asegurado que, en cualquier caso, las incidencias se solventaron en 2024 y \u00ab<strong>no se ha registrado ninguna en 2025&#8243;<\/strong>. <\/p>\n<p>\u00abSin ser infalible, nuestro sistema funciona y no se ha producido ning\u00fan asesinato de ninguna mujer portador de estos dispositivos\u00bb, ha reiterado ante la Comisi\u00f3n de seguimiento y evaluaci\u00f3n de los acuerdos del Pacto de Estado en materia de Violencia de G\u00e9nero.<\/p>\n<p>Tras insistir en varias ocasiones en que el sistema de pulseras funciona y que las incidencias detectadas no han puesto en riesgo a las v\u00edctimas, ha advertido de que se trata de un asunto de \u00abenorme sensibilidad\u00bb y de que la seguridad de las v\u00edctimas \u00abest\u00e1 por encima de todo\u00bb, por lo que, ha dicho, \u00abno se pueden dar informaciones que por imprecisas\u00bb produzcan inseguridad y alarma social.<\/p>\n<p>\u00abLa protecci\u00f3n de las mujeres no se han interrumpido\u00bb, ha sostenido, para denunciar que se han suscitado dudas y preocupaciones sobre el funcionamiento de Cometa a partir de \u00abinformaciones inexactas y a veces manifiestamente falsas\u00bb, ha criticado.<\/p>\n","protected":false},"excerpt":{"rendered":"La delegada del Gobierno contra la Violencia de G\u00e9nero, Carmen Mart\u00ednez Perza, comparece este jueves en el Congreso&hellip;\n","protected":false},"author":2,"featured_media":137667,"comment_status":"","ping_status":"","sticky":false,"template":"","format":"standard","meta":{"footnotes":""},"categories":[8],"tags":[17,18,25,24,13,14,11,19,20,9,10,15,16,23,12,21,22],"class_list":{"0":"post-137666","1":"post","2":"type-post","3":"status-publish","4":"format-standard","5":"has-post-thumbnail","7":"category-espana","8":"tag-breaking-news","9":"tag-breakingnews","10":"tag-es","11":"tag-espana","12":"tag-featured-news","13":"tag-featurednews","14":"tag-headlines","15":"tag-latest-news","16":"tag-latestnews","17":"tag-news","18":"tag-noticias","19":"tag-noticias-destacadas","20":"tag-noticiasdestacadas","21":"tag-spain","22":"tag-titulares","23":"tag-ultimas-noticias","24":"tag-ultimasnoticias"},"share_on_mastodon":{"url":"","error":""},"_links":{"self":[{"href":"https:\/\/www.europesays.com\/es\/wp-json\/wp\/v2\/posts\/137666","targetHints":{"allow":["GET"]}}],"collection":[{"href":"https:\/\/www.europesays.com\/es\/wp-json\/wp\/v2\/posts"}],"about":[{"href":"https:\/\/www.europesays.com\/es\/wp-json\/wp\/v2\/types\/post"}],"author":[{"embeddable":true,"href":"https:\/\/www.europesays.com\/es\/wp-json\/wp\/v2\/users\/2"}],"replies":[{"embeddable":true,"href":"https:\/\/www.europesays.com\/es\/wp-json\/wp\/v2\/comments?post=137666"}],"version-history":[{"count":0,"href":"https:\/\/www.europesays.com\/es\/wp-json\/wp\/v2\/posts\/137666\/revisions"}],"wp:featuredmedia":[{"embeddable":true,"href":"https:\/\/www.europesays.com\/es\/wp-json\/wp\/v2\/media\/137667"}],"wp:attachment":[{"href":"https:\/\/www.europesays.com\/es\/wp-json\/wp\/v2\/media?parent=137666"}],"wp:term":[{"taxonomy":"category","embeddable":true,"href":"https:\/\/www.europesays.com\/es\/wp-json\/wp\/v2\/categories?post=137666"},{"taxonomy":"post_tag","embeddable":true,"href":"https:\/\/www.europesays.com\/es\/wp-json\/wp\/v2\/tags?post=137666"}],"curies":[{"name":"wp","href":"https:\/\/api.w.org\/{rel}","templated":true}]}}