{"id":137670,"date":"2025-09-25T10:02:15","date_gmt":"2025-09-25T10:02:15","guid":{"rendered":"https:\/\/www.europesays.com\/es\/137670\/"},"modified":"2025-09-25T10:02:15","modified_gmt":"2025-09-25T10:02:15","slug":"marvyn-santiago-renueva-un-ano-mas-con-el-balonmano-galdar-gran-canaria","status":"publish","type":"post","link":"https:\/\/www.europesays.com\/es\/137670\/","title":{"rendered":"Marvyn Santiago renueva un a\u00f1o m\u00e1s con el Balonmano G\u00e1ldar Gran Canaria"},"content":{"rendered":"<p style=\"text-align:justify;\">El Balonmano G\u00e1ldar Gran Canaria anuncia la renovaci\u00f3n de Marvyn Santiago, lateral derecho zurdo de 24 a\u00f1os, que continuar\u00e1 defendiendo la camiseta amarilla una temporada m\u00e1s.<\/p>\n<p style=\"text-align:justify;\">\u00a0<\/p>\n<p style=\"text-align:justify;\">El jugador brasile\u00f1o, de gran potencia f\u00edsica, destaca por su altura, fortaleza y una amplia variedad de recursos tanto en el lanzamiento exterior como en la penetraci\u00f3n a seis metros, lo que lo convierte en una amenaza constante para las defensas rivales. Adem\u00e1s, su solidez en tareas defensivas lo consolida como uno de los pilares fundamentales del conjunto galdense.<\/p>\n<p style=\"text-align:justify;\">\u00a0<\/p>\n<p style=\"text-align:justify;\">Llegado a mitad de la pasada campa\u00f1a con el objetivo de impulsar al equipo hacia la fase de ascenso, Marvyn no tard\u00f3 en dejar huella. En 19 partidos de liga sum\u00f3 93 goles, convirti\u00e9ndose en una pieza clave en la pizarra ofensiva de Aday S\u00e1nchez. En la fase de ascenso, su rendimiento fue a\u00fan m\u00e1s determinante: anot\u00f3 18 goles en 3 encuentros, siendo el m\u00e1ximo goleador del Balonmano G\u00e1ldar Gran Canaria en aquella fase.<\/p>\n<p style=\"text-align:justify;\">\u00a0<\/p>\n<p style=\"text-align:justify;\">En el inicio de la presente temporada su nivel sigue en alza. En apenas dos jornadas de liga ya acumula 14 tantos, demostrando que atraviesa un estado de forma brillante. El club celebra la continuidad de un jugador que, en poco tiempo, se ha consolidado como uno de los referentes de la plantilla y un estandarte para la afici\u00f3n galdense.<\/p>\n<p style=\"text-align:justify;\">\u00a0<\/p>\n<p style=\"text-align:justify;\">Con esta renovaci\u00f3n, el Balonmano G\u00e1ldar Gran Canaria asegura talento, compromiso y liderazgo en la pista para afrontar con garant\u00edas los retos de la temporada.<\/p>\n","protected":false},"excerpt":{"rendered":"El Balonmano G\u00e1ldar Gran Canaria anuncia la renovaci\u00f3n de Marvyn Santiago, lateral derecho zurdo de 24 a\u00f1os, que&hellip;\n","protected":false},"author":2,"featured_media":137671,"comment_status":"","ping_status":"","sticky":false,"template":"","format":"standard","meta":{"footnotes":""},"categories":[278],"tags":[376,168,25,24,375,12595,23,167],"class_list":{"0":"post-137670","1":"post","2":"type-post","3":"status-publish","4":"format-standard","5":"has-post-thumbnail","7":"category-balonmano","8":"tag-balonmano","9":"tag-deportes","10":"tag-es","11":"tag-espana","12":"tag-handball","13":"tag-informacion-del-noroeste-de-gran-canaria","14":"tag-spain","15":"tag-sports"},"share_on_mastodon":{"url":"","error":""},"_links":{"self":[{"href":"https:\/\/www.europesays.com\/es\/wp-json\/wp\/v2\/posts\/137670","targetHints":{"allow":["GET"]}}],"collection":[{"href":"https:\/\/www.europesays.com\/es\/wp-json\/wp\/v2\/posts"}],"about":[{"href":"https:\/\/www.europesays.com\/es\/wp-json\/wp\/v2\/types\/post"}],"author":[{"embeddable":true,"href":"https:\/\/www.europesays.com\/es\/wp-json\/wp\/v2\/users\/2"}],"replies":[{"embeddable":true,"href":"https:\/\/www.europesays.com\/es\/wp-json\/wp\/v2\/comments?post=137670"}],"version-history":[{"count":0,"href":"https:\/\/www.europesays.com\/es\/wp-json\/wp\/v2\/posts\/137670\/revisions"}],"wp:featuredmedia":[{"embeddable":true,"href":"https:\/\/www.europesays.com\/es\/wp-json\/wp\/v2\/media\/137671"}],"wp:attachment":[{"href":"https:\/\/www.europesays.com\/es\/wp-json\/wp\/v2\/media?parent=137670"}],"wp:term":[{"taxonomy":"category","embeddable":true,"href":"https:\/\/www.europesays.com\/es\/wp-json\/wp\/v2\/categories?post=137670"},{"taxonomy":"post_tag","embeddable":true,"href":"https:\/\/www.europesays.com\/es\/wp-json\/wp\/v2\/tags?post=137670"}],"curies":[{"name":"wp","href":"https:\/\/api.w.org\/{rel}","templated":true}]}}