{"id":137687,"date":"2025-09-25T10:14:15","date_gmt":"2025-09-25T10:14:15","guid":{"rendered":"https:\/\/www.europesays.com\/es\/137687\/"},"modified":"2025-09-25T10:14:15","modified_gmt":"2025-09-25T10:14:15","slug":"hispanidad-2025-latidos-de-ida-y-vuelta-latidos-del-libro","status":"publish","type":"post","link":"https:\/\/www.europesays.com\/es\/137687\/","title":{"rendered":"Hispanidad 2025 | Latidos de ida y vuelta | Latidos del Libro"},"content":{"rendered":"<p>Dentro del marco del <a href=\"https:\/\/www.comunidad.madrid\/cultura\/oferta-cultural-ocio\/hispanidad-2025\" target=\"_blank\" rel=\"noopener nofollow\"><strong>Festival de la Hispanidad 2025<\/strong><\/a>, <strong>Latidos del Libro<\/strong> propone un encuentro literario que celebra la riqueza compartida entre Espa\u00f1a y Am\u00e9rica Latina a trav\u00e9s de voces literarias contempor\u00e1neas.\u00a0<\/p>\n<p><strong>H\u00e9ctor Abad Faciolince<\/strong>, escritor colombiano, traductor y periodista, ofrece una mirada profunda sobre la memoria, la historia y la condici\u00f3n humana, reconociendo c\u00f3mo la literatura puede ser un puente entre culturas y generaciones. <strong>Jorge Volpi<\/strong>, autor mexicano y director art\u00edstico del Centro Cultural Conde Duque, combina ciencia, pol\u00edtica y ficci\u00f3n en una obra que cuestiona los l\u00edmites del conocimiento y de la narrativa contempor\u00e1nea, generando di\u00e1logos entre pensamiento y literatura. <strong>Ana Merino<\/strong>, poeta y dramaturga espa\u00f1ola, aporta su sensibilidad po\u00e9tica y su experiencia en estudios culturales, conectando la creaci\u00f3n literaria con el arte, la investigaci\u00f3n y la reflexi\u00f3n social. <strong>Borja Ortiz de Gondra<\/strong>, dramaturgo y novelista, explora la autoficci\u00f3n y la memoria familiar con un lenguaje teatral que trasciende fronteras y tradiciones, mostrando la universalidad de las historias personales.\u00a0<\/p>\n<p>Latidos del Libro es un espacio de conversaci\u00f3n y reflexi\u00f3n, donde cada autor comparte su experiencia, su voz y sus mundos, revelando c\u00f3mo la literatura se convierte en un latido com\u00fan que une imaginarios, territorios y tiempos, consolidando la relaci\u00f3n cultural entre Espa\u00f1a y Am\u00e9rica Latina.\u00a0<\/p>\n<p><strong>Hector Abad Faciolince\u00a0<\/strong><\/p>\n<p>Es editor, traductor, profesor, periodista y escritor. Autor de numerosas novelas y libros de relatos, entre los que destacan Angosta (2003; Alfaguara, 2020), galardonada con el premio a la Mejor Novela Extranjera del a\u00f1o 2004 de Beijing, y El olvido que seremos (Planeta, 2006; Alfaguara, 2017), galardonada con el Premio Literario de Derechos Humanos WOLA-Duke en 2012. Ha publicado tambi\u00e9n poes\u00eda, cr\u00f3nicas y diarios. De sus libros hay traducciones a m\u00e1s de quince idiomas. Es colaborador de diarios como El espectador (Colombia), El Pa\u00eds (Espa\u00f1a) y The New York Times.\u00a0<\/p>\n<p><strong>Jorge Volpi\u00a0<\/strong><\/p>\n<p>Es uno de los autores m\u00e1s prol\u00edficos y galardonados de la literatura mexicana contempor\u00e1nea. Su obra muestra un marcado inter\u00e9s por el mundo de la ciencia y sus implicaciones, as\u00ed como por la pol\u00edtica y el pensamiento actual. Entre sus obras m\u00e1s reciente cabe mencionar las novelas Una novela criminal (2018, Premio Alfaguara) y Partes de guerra (2022); el ensayo La invenci\u00f3n de todas las cosas (2024); la obra de teatro Las agujas dementes (2020) y el libro de relatos Enrabiados (2023). Ha tenido diferentes puestos como gestor cultural y dirigido festivales como el Internacional Cervantino (Guanajuato, M\u00e9xico). Actualmente es el director art\u00edstico del Centro Cultural Conde Duque (Madrid).\u00a0<\/p>\n<p><strong>Ana Merino\u00a0<\/strong><\/p>\n<p>Es poeta, dramaturga y novelista. Ha publicado diez poemarios, entre los que destacan Preparativos para un viaje, ganador del premio Adonais, y Juegos de ni\u00f1os, galardonado con el Premio Fray Luis de Le\u00f3n de poes\u00eda. Cuenta tambi\u00e9n con cuatro obras de teatro. Experta en estudios culturales, es pionera con sus ensayos en la formaci\u00f3n acad\u00e9mica del c\u00f3mic y ha comisariado seis exposiciones. Ha sido columnista en El Pa\u00eds, miembro del Comit\u00e9 Ejecutivo del International Comic Art Forum (ICAF), Directivo fundador del Center for Cartoon Studies (CCS), del Iowa City Unesco City of Literature y de la Junta Directiva del Teatro Riverside de Iowa. En 2020 fue galardonada con el Premio Nadal 2020, por su novela El mapa de los afectos. En noviembre saldr\u00e1 su nueva novela: El camino que no elegimos.\u00a0<\/p>\n<p><strong>Borja Ortiz de Gondra\u00a0<\/strong><\/p>\n<p>Como dramaturgo ha obtenido, entre otros premios, el Calder\u00f3n de la Barca, el Lope de Vega y el Max a Mejor Autor\u00eda Teatral por diversas obras representadas en Argentina, Espa\u00f1a, Francia, M\u00e9xico o Ruman\u00eda y traducidas a varios idiomas (Duda razonable; Memento mori). En la Trilog\u00eda de los Gondra ha explorado las posibilidades de la autoficci\u00f3n en el teatro a trav\u00e9s de tres obras sobre su propia familia. En 2021 public\u00f3 su primera novela: Nunca ser\u00e1s un verdadero Gondra.\u00a0<\/p>\n<p>\u00a0<\/p>\n<p>\u00a0<\/p>\n<p><img loading=\"lazy\" decoding=\"async\" class=\"size-medium wp-image-38654 aligncenter\" src=\"data:image\/svg+xml,%3Csvg%20xmlns=\" http:=\"\" alt=\"\" width=\"300\" height=\"55\" data-lazy- data-lazy- data-lazy-src=\"https:\/\/www.europesays.com\/es\/wp-content\/uploads\/2025\/09\/LOGO-HISPANIDAD_positivo-2-300x55.png\"\/><\/p>\n","protected":false},"excerpt":{"rendered":"Dentro del marco del Festival de la Hispanidad 2025, Latidos del Libro propone un encuentro literario que celebra&hellip;\n","protected":false},"author":2,"featured_media":137688,"comment_status":"","ping_status":"","sticky":false,"template":"","format":"standard","meta":{"footnotes":""},"categories":[172],"tags":[224,146,147,25,24,225,23],"class_list":{"0":"post-137687","1":"post","2":"type-post","3":"status-publish","4":"format-standard","5":"has-post-thumbnail","7":"category-libros","8":"tag-books","9":"tag-entertainment","10":"tag-entretenimiento","11":"tag-es","12":"tag-espana","13":"tag-libros","14":"tag-spain"},"share_on_mastodon":{"url":"","error":""},"_links":{"self":[{"href":"https:\/\/www.europesays.com\/es\/wp-json\/wp\/v2\/posts\/137687","targetHints":{"allow":["GET"]}}],"collection":[{"href":"https:\/\/www.europesays.com\/es\/wp-json\/wp\/v2\/posts"}],"about":[{"href":"https:\/\/www.europesays.com\/es\/wp-json\/wp\/v2\/types\/post"}],"author":[{"embeddable":true,"href":"https:\/\/www.europesays.com\/es\/wp-json\/wp\/v2\/users\/2"}],"replies":[{"embeddable":true,"href":"https:\/\/www.europesays.com\/es\/wp-json\/wp\/v2\/comments?post=137687"}],"version-history":[{"count":0,"href":"https:\/\/www.europesays.com\/es\/wp-json\/wp\/v2\/posts\/137687\/revisions"}],"wp:featuredmedia":[{"embeddable":true,"href":"https:\/\/www.europesays.com\/es\/wp-json\/wp\/v2\/media\/137688"}],"wp:attachment":[{"href":"https:\/\/www.europesays.com\/es\/wp-json\/wp\/v2\/media?parent=137687"}],"wp:term":[{"taxonomy":"category","embeddable":true,"href":"https:\/\/www.europesays.com\/es\/wp-json\/wp\/v2\/categories?post=137687"},{"taxonomy":"post_tag","embeddable":true,"href":"https:\/\/www.europesays.com\/es\/wp-json\/wp\/v2\/tags?post=137687"}],"curies":[{"name":"wp","href":"https:\/\/api.w.org\/{rel}","templated":true}]}}