{"id":137719,"date":"2025-09-25T10:33:06","date_gmt":"2025-09-25T10:33:06","guid":{"rendered":"https:\/\/www.europesays.com\/es\/137719\/"},"modified":"2025-09-25T10:33:06","modified_gmt":"2025-09-25T10:33:06","slug":"es-mas-importante-que-este-feliz-que-jugar-la-euroliga","status":"publish","type":"post","link":"https:\/\/www.europesays.com\/es\/137719\/","title":{"rendered":"\u201cEs m\u00e1s importante que est\u00e9 feliz que jugar la Euroliga\u201d"},"content":{"rendered":"<p>            Las l\u00e1grimas de Mariona Ortiz tras la remontada del Casademont Zaragoza: \u201cEs m\u00e1s importante que est\u00e9 feliz que jugar la Euroliga\u201d                <\/p>\n<p>Las l\u00e1grimas de Mariona Ortiz tras la remontada del Casademont Zaragoza: \u201cEs m\u00e1s importante que est\u00e9 feliz que jugar la Euroliga\u201d<\/p>\n<p class=\"epigraph\">La capitana del conjunto aragon\u00e9s no pudo contener la emoci\u00f3n una vez consumada la gesta de eliminar al Zabiny Brno. Cantero se deshizo en elogios hacia ella.<\/p>\n<p class=\"paragraph\">La heroica <a href=\"https:\/\/www.heraldo.es\/noticias\/deportes\/baloncesto\/2025\/09\/24\/partido-casademont-zaragoza-zabiny-brno-de-la-euroliga-en-directo-1856564.html\" title=\"Resumen del Casademont Zaragoza-Zabiny Brno: remontada para la historia\" rel=\"nofollow noopener\" target=\"_blank\">remontada protagonizada este mi\u00e9rcoles por la noche por el Casademont Zaragoza<\/a> en la Euroliga tuvo varios nombres y apellidos. Pero, por encima del resto, <b>brill\u00f3 con luz propia el de la capitana del conjunto aragon\u00e9s: Mariona Ortiz Vives<\/b>. La base de Calella vivi\u00f3 -seguramente- uno de los d\u00edas m\u00e1s felices desde que es jugadora de baloncesto profesional, en un partido donde su equipo pulveriz\u00f3 la desventaja que ten\u00eda frente al Zabiny Brno para colarse en la fase de grupos de la m\u00e1xima competici\u00f3n continental.<\/p>\n<p>            Conforme a los criterios de<br \/>\n            <a class=\"trustproject_img\" id=\"trustproject_img\" href=\"https:\/\/thetrustproject.org\/\" target=\"_blank\" rel=\"nofollow noopener\" aria-label=\"Trust Project\"><img decoding=\"async\" loading=\"lazy\" src=\"https:\/\/www.heraldo.es\/images\/Trust-Logo-Horizontal.svg\" alt=\"Logo Trust Project\" width=\"200\" height=\"34\"\/><\/a><\/p>\n<p>        <a href=\"https:\/\/www.henneo.com\/\" title=\"Grupo Henneo\" class=\"logo\" rel=\"nofollow noopener\" target=\"_blank\"><br \/>\n            <img decoding=\"async\" src=\"https:\/\/www.heraldo.es\/images\/logo_henneo_gris.svg\" alt=\"Logo Henneo\" width=\"559\" height=\"389\" loading=\"lazy\"\/><br \/>\n        <\/a><\/p>\n<p>\u00a9 HERALDO DE ARAGON EDITORA, S.L.U.<br \/>Tel\u00e9fono 976 765 000 \/ &#8211; P\u00ba. Independencia, 29, 50001 Zaragoza &#8211; CIF: B99288763 &#8211; Inscrita en el Registro Mercantil de Zaragoza al Tomo 3796, Libro 0, Folio 177, Secci\u00f3n 8, Hoja Z-50564<br \/>Queda prohibida toda reproducci\u00f3n sin permiso escrito de la empresa a los efectos del art\u00edculo 32.1, p\u00e1rrafo segundo, de la Ley de Propiedad Intelectual<\/p>\n<p>\n                P\u00ba Independencia, 29, 50001 Zaragoza<br \/> Tel\u00e9fono 976 765 000\n            <\/p>\n<p>                    Actualmente tu navegador no permite ejecutar JavaScript. Para poder disfrutar de nuestro contenido es necesario que lo permita.<br \/>\n                                        <img decoding=\"async\" loading=\"lazy\" alt=\"Heraldo logo\" src=\"https:\/\/dkumiip2e9ary.cloudfront.net\/xalok\/heraldo\/especiales\/hola-de-nuevo\/logo-heraldo.svg\" width=\"215\" height=\"43\"\/><\/p>\n","protected":false},"excerpt":{"rendered":"Las l\u00e1grimas de Mariona Ortiz tras la remontada del Casademont Zaragoza: \u201cEs m\u00e1s importante que est\u00e9 feliz que&hellip;\n","protected":false},"author":2,"featured_media":137720,"comment_status":"","ping_status":"","sticky":false,"template":"","format":"standard","meta":{"footnotes":""},"categories":[269],"tags":[299,298,2511,168,25,24,833,908,333,23,167,491],"class_list":{"0":"post-137719","1":"post","2":"type-post","3":"status-publish","4":"format-standard","5":"has-post-thumbnail","7":"category-baloncesto","8":"tag-baloncesto","9":"tag-basketball","10":"tag-casademont","11":"tag-deportes","12":"tag-es","13":"tag-espana","14":"tag-euroliga","15":"tag-importante","16":"tag-remontada","17":"tag-spain","18":"tag-sports","19":"tag-zaragoza"},"share_on_mastodon":{"url":"","error":""},"_links":{"self":[{"href":"https:\/\/www.europesays.com\/es\/wp-json\/wp\/v2\/posts\/137719","targetHints":{"allow":["GET"]}}],"collection":[{"href":"https:\/\/www.europesays.com\/es\/wp-json\/wp\/v2\/posts"}],"about":[{"href":"https:\/\/www.europesays.com\/es\/wp-json\/wp\/v2\/types\/post"}],"author":[{"embeddable":true,"href":"https:\/\/www.europesays.com\/es\/wp-json\/wp\/v2\/users\/2"}],"replies":[{"embeddable":true,"href":"https:\/\/www.europesays.com\/es\/wp-json\/wp\/v2\/comments?post=137719"}],"version-history":[{"count":0,"href":"https:\/\/www.europesays.com\/es\/wp-json\/wp\/v2\/posts\/137719\/revisions"}],"wp:featuredmedia":[{"embeddable":true,"href":"https:\/\/www.europesays.com\/es\/wp-json\/wp\/v2\/media\/137720"}],"wp:attachment":[{"href":"https:\/\/www.europesays.com\/es\/wp-json\/wp\/v2\/media?parent=137719"}],"wp:term":[{"taxonomy":"category","embeddable":true,"href":"https:\/\/www.europesays.com\/es\/wp-json\/wp\/v2\/categories?post=137719"},{"taxonomy":"post_tag","embeddable":true,"href":"https:\/\/www.europesays.com\/es\/wp-json\/wp\/v2\/tags?post=137719"}],"curies":[{"name":"wp","href":"https:\/\/api.w.org\/{rel}","templated":true}]}}