{"id":137781,"date":"2025-09-25T11:09:11","date_gmt":"2025-09-25T11:09:11","guid":{"rendered":"https:\/\/www.europesays.com\/es\/137781\/"},"modified":"2025-09-25T11:09:11","modified_gmt":"2025-09-25T11:09:11","slug":"iran-intenta-sortear-las-sanciones-con-las-que-le-amenaza-la-comunidad-internacional-jamas-trataremos-de-tener-armas-nucleares-el-mundo","status":"publish","type":"post","link":"https:\/\/www.europesays.com\/es\/137781\/","title":{"rendered":"Ir\u00e1n intenta sortear las sanciones con las que le amenaza la comunidad internacional: &quot;Jam\u00e1s trataremos de tener armas nucleares&quot; &#8211; El Mundo"},"content":{"rendered":"<ol>\n<li><a href=\"https:\/\/news.google.com\/rss\/articles\/CBMigwFBVV95cUxPUzIwMWQ0bUFXN0lPN3dkMWd2eWxuWlptcTljSVRZNldpZUVRWFhBcjdSVEpKZFhCS2kyM01zMTZlYzRGem05am5Jem9vTEI4T01IdlNXY0RwR1BqRU1ZTEc5TFBabjR0TWhVOUtJTHBKZGRhMWYxQmpfY0NUQ210dUUtUdIBgwFBVV95cUxOaEh4VjN3MkV5Y3ZwQWxyMUY4aGt3QlZIeVJvTWlLTHN1SHB1d2JtNzJmUG9uZVBlUDRvVUFPMEN6X0FtbWZaajZhekpid0JWbXRPd0xyNVFpY3N3VklmRW1UU1BaaWxVS2JzMTJtZ2dXQnJ0MndLTFpDbE5xbnBLbFFLNA?oc=5\" target=\"_blank\" rel=\"nofollow noopener\">Ir\u00e1n intenta sortear las sanciones con las que le amenaza la comunidad internacional: \u00abJam\u00e1s trataremos de tener armas nucleares\u00bb<\/a>&nbsp;&nbsp;El Mundo<\/li>\n<li><a href=\"https:\/\/news.google.com\/rss\/articles\/CBMiowFBVV95cUxORUczTGlYRmN0RHgyalVnQTd2Y0pxbThlYlFLQlF0NjBucU9xaXNBN1NlMXZhTHFORWJLaXpkc0JaR1ZlTnVKZXZHUTRWbWVmUFItR204UnctUG93Mjg1bWFpNU9wUVJXUTVKd3RubWhFUEVzS3ZfUWVMR0RSLXJsTG4yTXUwV2RLajlKOWZIMFVLOUY2NVVBVXNYaVZpLUVpRGtB?oc=5\" target=\"_blank\" rel=\"nofollow noopener\">El presidente iran\u00ed asegura ante la ONU que la Rep\u00fablica Isl\u00e1mica no busca armas at\u00f3micas<\/a>&nbsp;&nbsp;ABC<\/li>\n<li><a href=\"https:\/\/news.google.com\/rss\/articles\/CBMiygFBVV95cUxNZHl1ZldHOHdTRVAzTUI1SElsN242R05xWWJHQjBDVnFKVDBqSENGQ0lZRjBWM2hkUjFmem03UlBZZXVjYzMxNHc1UDhENThsdU4tblhtTmtPaGZwNVkyV2NQbmJEbXl1R3RGeEJ0QTlmbTJrNzBKNUJheDhOWmI2NTNBUDlLbHhJLUpRNVFKSjBVek10T2NEQXlZcmxISzJ6R0otRGNyVUc0UnUwU2lUbjVHeTFCZ1pNbEJVUkZINU13RmdEaW0tTlZR0gHKAUFVX3lxTE9sN282b2dCd3hMSm05X0toVDhleTNMZGNMMXQwUEk4MWcwa1BYOXA0UWQ4VFZVUFgwWU5mN1lNNV9TUjRpTmVjMUdxRlNCSm5NTkJzNnlFck9CdHY0WTVlbE96VXU5eDdwQ2lHSEpqcThDS2xjSjBvUFAzZ1J3c2dCSFNyVEFySUlfNnlSc0V4cDJGaGk1Nl9ZSE9HQnlvVnVWd1NzY1hzOGdwUHJQaExPSnpuU3JIZEFuQWVzQmlrSHpvcEtiN2RXS0E?oc=5\" target=\"_blank\" rel=\"nofollow noopener\">Ir\u00e1n acusa a Europa de buscar \u00absubyugar\u00bb a su pa\u00eds \u00abcon sus sanciones y falsos argumentos\u00bb<\/a>&nbsp;&nbsp;El Peri\u00f3dico<\/li>\n<li><a href=\"https:\/\/news.google.com\/rss\/articles\/CBMiYEFVX3lxTE1GLXRZaU1QLXloUXRNbURxbGxOdEhOQzhiNHhVQkktSmJPN1ZEeThybVg1TTJQZ3lNVTlGVEFCaDZTWnpKd3JRRllfZk5PSUZpS01XalpJRDRYR0pkcndlQg?oc=5\" target=\"_blank\" rel=\"nofollow noopener\">Ir\u00e1n (Rep\u00fablica Isl\u00e1mica del)<\/a>&nbsp;&nbsp;General Debate<\/li>\n<li><a href=\"https:\/\/news.google.com\/rss\/articles\/CBMikwFBVV95cUxPSWFMWGxxQ2lBdGtKOWhHU2otN0JaVmY5WmhUZUNLeXZUQXlLOGg5bWNNRE5XOWx5ajBwRC12NU1xSFYxQU5nWHQyUTFwZVpCQjRHTUgydXUzeEZ4aXM0cE1KdzJMTmRKVVZLTFhxSzBZRWY3OW1veHpqbmU2N3dFV1d2WW9nRUJmMUhXRnFIamFKQ0U?oc=5\" target=\"_blank\" rel=\"nofollow noopener\">Las sanciones regresan a Ir\u00e1n<\/a>&nbsp;&nbsp;La Vanguardia<\/li>\n<\/ol>\n","protected":false},"excerpt":{"rendered":"Ir\u00e1n intenta sortear las sanciones con las que le amenaza la comunidad internacional: \u00abJam\u00e1s trataremos de tener armas&hellip;\n","protected":false},"author":2,"featured_media":137782,"comment_status":"","ping_status":"","sticky":false,"template":"","format":"standard","meta":{"footnotes":""},"categories":[42],"tags":[17,18,629,13,14,11,61,62,63,64,3137,74,19,20,9,10,15,16,732,12,21,22,65,66,67],"class_list":{"0":"post-137781","1":"post","2":"type-post","3":"status-publish","4":"format-standard","5":"has-post-thumbnail","7":"category-internacional","8":"tag-breaking-news","9":"tag-breakingnews","10":"tag-estados-unidos","11":"tag-featured-news","12":"tag-featurednews","13":"tag-headlines","14":"tag-internacional","15":"tag-international","16":"tag-international-news","17":"tag-internationalnews","18":"tag-iran","19":"tag-israel","20":"tag-latest-news","21":"tag-latestnews","22":"tag-news","23":"tag-noticias","24":"tag-noticias-destacadas","25":"tag-noticiasdestacadas","26":"tag-onu","27":"tag-titulares","28":"tag-ultimas-noticias","29":"tag-ultimasnoticias","30":"tag-world","31":"tag-world-news","32":"tag-worldnews"},"share_on_mastodon":{"url":"","error":""},"_links":{"self":[{"href":"https:\/\/www.europesays.com\/es\/wp-json\/wp\/v2\/posts\/137781","targetHints":{"allow":["GET"]}}],"collection":[{"href":"https:\/\/www.europesays.com\/es\/wp-json\/wp\/v2\/posts"}],"about":[{"href":"https:\/\/www.europesays.com\/es\/wp-json\/wp\/v2\/types\/post"}],"author":[{"embeddable":true,"href":"https:\/\/www.europesays.com\/es\/wp-json\/wp\/v2\/users\/2"}],"replies":[{"embeddable":true,"href":"https:\/\/www.europesays.com\/es\/wp-json\/wp\/v2\/comments?post=137781"}],"version-history":[{"count":0,"href":"https:\/\/www.europesays.com\/es\/wp-json\/wp\/v2\/posts\/137781\/revisions"}],"wp:featuredmedia":[{"embeddable":true,"href":"https:\/\/www.europesays.com\/es\/wp-json\/wp\/v2\/media\/137782"}],"wp:attachment":[{"href":"https:\/\/www.europesays.com\/es\/wp-json\/wp\/v2\/media?parent=137781"}],"wp:term":[{"taxonomy":"category","embeddable":true,"href":"https:\/\/www.europesays.com\/es\/wp-json\/wp\/v2\/categories?post=137781"},{"taxonomy":"post_tag","embeddable":true,"href":"https:\/\/www.europesays.com\/es\/wp-json\/wp\/v2\/tags?post=137781"}],"curies":[{"name":"wp","href":"https:\/\/api.w.org\/{rel}","templated":true}]}}