{"id":137795,"date":"2025-09-25T11:17:17","date_gmt":"2025-09-25T11:17:17","guid":{"rendered":"https:\/\/www.europesays.com\/es\/137795\/"},"modified":"2025-09-25T11:17:17","modified_gmt":"2025-09-25T11:17:17","slug":"ix-btt-pena-calagurritana","status":"publish","type":"post","link":"https:\/\/www.europesays.com\/es\/137795\/","title":{"rendered":"IX BTT Pe\u00f1a Calagurritana"},"content":{"rendered":"<p><img loading=\"lazy\" width=\"696\" height=\"464\" class=\"entry-thumb lazyload\"  alt=\"Los ganadores de la general en la BTT Pe\u00f1a Calagurritana 2025\" title=\"Los ganadores de la general en la BTT Pe\u00f1a Calagurritana 2025\" data-eio=\"p\" src=\"https:\/\/www.europesays.com\/es\/wp-content\/uploads\/2025\/09\/MAS-PREMIADOS.jpeg\" decoding=\"async\"  data-eio-rwidth=\"1620\" data-eio-rheight=\"1080\"\/>Los ganadores de la general<br \/>\n<img fetchpriority=\"high\" decoding=\"async\" class=\"size-large wp-image-61971\" src=\"https:\/\/www.europesays.com\/es\/wp-content\/uploads\/2025\/09\/BTT-PENA-CALAGURRITANA-2025-2025-1024x768.jpg\" alt=\"Salida de la BTT 2025 desde la Plaza del Raso\" width=\"696\" height=\"522\"   data-eio=\"p\"\/>Salida de la BTT desde la Plaza del Raso<\/p>\n<p data-start=\"162\" data-end=\"545\">El pasado domingo se celebr\u00f3 en Calahorra la <strong data-start=\"207\" data-end=\"250\">IX edici\u00f3n de la BTT Pe\u00f1a Calagurritana<\/strong>, una prueba que reuni\u00f3 a m\u00e1s de 200 corredores federados y numerosos ciclistas aficionados. La salida tuvo lugar en la <strong data-start=\"370\" data-end=\"388\">Plaza del Raso<\/strong>, desde donde los participantes se dirigieron hacia <strong data-start=\"440\" data-end=\"467\">Los Agudos y Perdiguero<\/strong>, en dos modalidades: una larga de <strong data-start=\"502\" data-end=\"519\">56 kil\u00f3metros<\/strong> y otra corta de <strong data-start=\"536\" data-end=\"542\">42<\/strong>.<\/p>\n<p data-start=\"547\" data-end=\"729\">La cita volvi\u00f3 a atraer la atenci\u00f3n de corredores de otras comunidades, especialmente de <strong data-start=\"636\" data-end=\"647\">Navarra<\/strong>, cuyos representantes coparon los primeros puestos de la clasificaci\u00f3n general.<\/p>\n<p data-start=\"731\" data-end=\"1066\">El vencedor absoluto fue <strong data-start=\"756\" data-end=\"781\">Fernando G\u00f3mez Molina<\/strong>, independiente de Castej\u00f3n (M\u00e1ster 40), con un tiempo de <strong data-start=\"839\" data-end=\"850\">1:36:54<\/strong>. Apenas un minuto despu\u00e9s cruz\u00f3 la meta <strong data-start=\"891\" data-end=\"916\">Sa\u00fal Fern\u00e1ndez Aranza<\/strong>, de Fontellas, categor\u00eda \u00c9lite, del Club Maniakoms. El tercer puesto fue para el tudelano <strong data-start=\"1007\" data-end=\"1029\">Adri\u00e1n Ciria Reoyo<\/strong>, M\u00e1ster 30, tambi\u00e9n del Maniakoms.<\/p>\n<p data-start=\"731\" data-end=\"1066\"><img loading=\"lazy\" decoding=\"async\" class=\"aligncenter size-large wp-image-61973 lazyload\" alt=\"PREMIADOS BTT pe\u00f1a calagurritana 2025\" width=\"683\" height=\"1024\"  data-eio=\"p\" src=\"https:\/\/www.europesays.com\/es\/wp-content\/uploads\/2025\/09\/PREMIADOS-683x1024.jpeg\"  data-eio-rwidth=\"683\" data-eio-rheight=\"1024\"\/><\/p>\n<p data-start=\"1068\" data-end=\"1331\">La participaci\u00f3n calagurritana estuvo igualmente destacada. <strong data-start=\"1128\" data-end=\"1150\">Juan Garrido Herce<\/strong> fue el primero en llegar entre los locales, con un tiempo de <strong data-start=\"1212\" data-end=\"1223\">1:47:50<\/strong>, seguido de sus compa\u00f1eros de categor\u00eda \u00c9lite <strong data-start=\"1270\" data-end=\"1296\">Julio del Olmo Laguna<\/strong> y <strong data-start=\"1299\" data-end=\"1328\">Jon Ibernia Ruiz-Castillo<\/strong>.<\/p>\n<p data-start=\"1333\" data-end=\"1641\">En la categor\u00eda femenina, la victoria fue para la logro\u00f1esa <strong data-start=\"1393\" data-end=\"1415\">In\u00e9s Garc\u00eda C\u00e1mara<\/strong>, por delante de las calagurritanas <strong data-start=\"1451\" data-end=\"1473\">Alicia Ad\u00e1n Puerta<\/strong> (\u00c9lite) y <strong data-start=\"1484\" data-end=\"1511\">Arantxa Gurrea Iglesias<\/strong>, conocida por sus \u00e9xitos en el deporte del mushing. Tambi\u00e9n sobresali\u00f3 la actuaci\u00f3n de la calagurritana <strong data-start=\"1616\" data-end=\"1638\">Rosi Mart\u00ednez Ruiz<\/strong>.<\/p>\n<p data-start=\"1643\" data-end=\"1851\">La jornada concluy\u00f3 en un ambiente festivo con la <strong data-start=\"1693\" data-end=\"1736\">entrega de premios en la Plaza del Raso<\/strong>, donde corredores y p\u00fablico celebraron el \u00e9xito de una prueba ya consolidada en el calendario deportivo riojano.<\/p>\n<p><img loading=\"lazy\" decoding=\"async\" class=\"size-large wp-image-61972 lazyload\" alt=\"PREMIADAS mujeres BTT pe\u00f1a Calagurritana 2025\" width=\"696\" height=\"464\"  data-eio=\"p\" src=\"https:\/\/www.europesays.com\/es\/wp-content\/uploads\/2025\/09\/PREMIADAS-1024x683.jpeg\"  data-eio-rwidth=\"1024\" data-eio-rheight=\"683\"\/>Primeras clasificadas<\/p>\n","protected":false},"excerpt":{"rendered":"Los ganadores de la general Salida de la BTT desde la Plaza del Raso El pasado domingo se&hellip;\n","protected":false},"author":2,"featured_media":137796,"comment_status":"","ping_status":"","sticky":false,"template":"","format":"standard","meta":{"footnotes":""},"categories":[273],"tags":[313,312,168,25,24,23,167],"class_list":{"0":"post-137795","1":"post","2":"type-post","3":"status-publish","4":"format-standard","5":"has-post-thumbnail","7":"category-ciclismo","8":"tag-ciclismo","9":"tag-cycling","10":"tag-deportes","11":"tag-es","12":"tag-espana","13":"tag-spain","14":"tag-sports"},"share_on_mastodon":{"url":"","error":""},"_links":{"self":[{"href":"https:\/\/www.europesays.com\/es\/wp-json\/wp\/v2\/posts\/137795","targetHints":{"allow":["GET"]}}],"collection":[{"href":"https:\/\/www.europesays.com\/es\/wp-json\/wp\/v2\/posts"}],"about":[{"href":"https:\/\/www.europesays.com\/es\/wp-json\/wp\/v2\/types\/post"}],"author":[{"embeddable":true,"href":"https:\/\/www.europesays.com\/es\/wp-json\/wp\/v2\/users\/2"}],"replies":[{"embeddable":true,"href":"https:\/\/www.europesays.com\/es\/wp-json\/wp\/v2\/comments?post=137795"}],"version-history":[{"count":0,"href":"https:\/\/www.europesays.com\/es\/wp-json\/wp\/v2\/posts\/137795\/revisions"}],"wp:featuredmedia":[{"embeddable":true,"href":"https:\/\/www.europesays.com\/es\/wp-json\/wp\/v2\/media\/137796"}],"wp:attachment":[{"href":"https:\/\/www.europesays.com\/es\/wp-json\/wp\/v2\/media?parent=137795"}],"wp:term":[{"taxonomy":"category","embeddable":true,"href":"https:\/\/www.europesays.com\/es\/wp-json\/wp\/v2\/categories?post=137795"},{"taxonomy":"post_tag","embeddable":true,"href":"https:\/\/www.europesays.com\/es\/wp-json\/wp\/v2\/tags?post=137795"}],"curies":[{"name":"wp","href":"https:\/\/api.w.org\/{rel}","templated":true}]}}