{"id":137805,"date":"2025-09-25T11:23:07","date_gmt":"2025-09-25T11:23:07","guid":{"rendered":"https:\/\/www.europesays.com\/es\/137805\/"},"modified":"2025-09-25T11:23:07","modified_gmt":"2025-09-25T11:23:07","slug":"cecilia-ansaldo-briones-la-fil-y-nuestra-literatura-columnistas-opinion","status":"publish","type":"post","link":"https:\/\/www.europesays.com\/es\/137805\/","title":{"rendered":"Cecilia Ansaldo Briones: La FIL y nuestra literatura | Columnistas | Opini\u00f3n"},"content":{"rendered":"<p class=\"prose-text\">Ocurrida ya la FIL, es bueno hacer balances. Los cinco d\u00edas de ofertas relativas a los libros llenaron las instalaciones del Centro de Convenciones de personas atra\u00eddas por toda la gama de actores que tienen que ver con estos queridos productos. Tengo que darles ese nombre porque las ferias compran para vender y a quien le repugne la actividad capitalista, que esperen que se los regalen. <\/p>\n<p class=\"prose-text\">Como cada a\u00f1o, hay mucho que contar sobre ella, por eso voy a precisar mis ideas en torno de los autores y libros nacionales. Los lectores tienen que admitir que prefieren a los escritores de fuera, que vienen bien avalados por toda clase de propaganda, desde premios importantes hasta informaci\u00f3n en la red. Con los libros ecuatorianos podr\u00eda pasar lo mismo, pero no es as\u00ed: la prensa tiene menos espacio para noticias culturales y las que circulan por internet llegan seg\u00fan a qui\u00e9n se siga. <\/p>\n<p class=\"prose-text\">Esas razones o simple desinter\u00e9s hacen que siempre se conozca menos a los autores del pa\u00eds que a los que triunfan en el extranjero. Por esto, la Feria del Libro cumple tambi\u00e9n la labor de invitar al escenario a importantes creadores que est\u00e1n cerca, a una o varias provincias de distancia, y no son aquilatados en sus reales m\u00e9ritos. Me referir\u00e9 a varios de ellos: nadie ignora que Margarita Laso es la voz femenina m\u00e1s importante de la canci\u00f3n aut\u00f3ctona \u2013y de otros ritmos\u2013, pero se desconoce que es una original poeta. Tuvimos la oportunidad de escucharla reflexionar sobre sus dos quehaceres. Del \u00e1mbito musical estuvieron junto con ella Shuberth Ganchozo, con amplia informaci\u00f3n sobre los instrumentos de culturas originarias, as\u00ed como un joven Ricardo Pita, a quien no le arredr\u00f3 la experiencia de sus compa\u00f1eros de mesa.<\/p>\n<p class=\"prose-text\">Pa\u00fal Puma es un autor quite\u00f1o m\u00faltiple. Desde tempran\u00edsima edad est\u00e1 entregado a la literatura en muchas facetas: su obra l\u00edtica tiene resonancias hist\u00f3ricas \u2013impresiona su poema Guam\u00e1n Poma de Ayala, alimentado por la cor\u00f3nica del gran ind\u00edgena\u2013 y ha ensayado teatro y cr\u00edtica literaria. Un autor tan completo no pod\u00eda seguir faltando en la feria. Carlos V\u00e1sconez, de Cuenca, escritor de vocaci\u00f3n indiscutible que ya publica con Seix Barral, dict\u00f3 una l\u00facida conferencia sobre Faulkner, demostrando que el Premio Nobel norteamericano est\u00e1 en la ra\u00edz de importantes escritores de Latinoam\u00e9rica.<\/p>\n<p class=\"prose-text\">Brillantes fueron los desempe\u00f1os de Juan Caros Moya y de Sandra De La Torre en la mesa sobre las familias. Santiago Cevallos y Joaqu\u00edn Hern\u00e1ndez bucearon en la literatura que emergi\u00f3 del terrible Holocausto. Escritores de mediana edad como Paulina Briones, Solange Rodr\u00edguez y Andrea Crespo presentaron tres novelas cortas, como un proyecto com\u00fan, patrocinado por Ifaic, para las cuales el acto derrot\u00f3 las presentaciones habituales con un texto combinado le\u00eddo por voces ajenas. <\/p>\n<p class=\"text-left prose-text\">Necesitar\u00eda m\u00e1s espacio para celebrar el copioso rostro de la literatura ecuatoriana de hoy, lo importante es constatar que existe una profusa diversidad del culto literario. Que no hay predominio de alguna generaci\u00f3n sobre otra. Que tenemos una feria para poner al d\u00eda a los lectores y sugerirles que estiren la mano hacia esos libros que no se dejan vencer por las dificultares de publicar y tienen presente que, luego del \u00e9nfasis de estos d\u00edas, habr\u00e1 ojos renovados que quieran extraer los secretos de sus p\u00e1ginas. <b>(O)<\/b><\/p>\n","protected":false},"excerpt":{"rendered":"Ocurrida ya la FIL, es bueno hacer balances. Los cinco d\u00edas de ofertas relativas a los libros llenaron&hellip;\n","protected":false},"author":2,"featured_media":137806,"comment_status":"","ping_status":"","sticky":false,"template":"","format":"standard","meta":{"footnotes":""},"categories":[172],"tags":[224,146,147,25,24,225,23],"class_list":{"0":"post-137805","1":"post","2":"type-post","3":"status-publish","4":"format-standard","5":"has-post-thumbnail","7":"category-libros","8":"tag-books","9":"tag-entertainment","10":"tag-entretenimiento","11":"tag-es","12":"tag-espana","13":"tag-libros","14":"tag-spain"},"share_on_mastodon":{"url":"","error":""},"_links":{"self":[{"href":"https:\/\/www.europesays.com\/es\/wp-json\/wp\/v2\/posts\/137805","targetHints":{"allow":["GET"]}}],"collection":[{"href":"https:\/\/www.europesays.com\/es\/wp-json\/wp\/v2\/posts"}],"about":[{"href":"https:\/\/www.europesays.com\/es\/wp-json\/wp\/v2\/types\/post"}],"author":[{"embeddable":true,"href":"https:\/\/www.europesays.com\/es\/wp-json\/wp\/v2\/users\/2"}],"replies":[{"embeddable":true,"href":"https:\/\/www.europesays.com\/es\/wp-json\/wp\/v2\/comments?post=137805"}],"version-history":[{"count":0,"href":"https:\/\/www.europesays.com\/es\/wp-json\/wp\/v2\/posts\/137805\/revisions"}],"wp:featuredmedia":[{"embeddable":true,"href":"https:\/\/www.europesays.com\/es\/wp-json\/wp\/v2\/media\/137806"}],"wp:attachment":[{"href":"https:\/\/www.europesays.com\/es\/wp-json\/wp\/v2\/media?parent=137805"}],"wp:term":[{"taxonomy":"category","embeddable":true,"href":"https:\/\/www.europesays.com\/es\/wp-json\/wp\/v2\/categories?post=137805"},{"taxonomy":"post_tag","embeddable":true,"href":"https:\/\/www.europesays.com\/es\/wp-json\/wp\/v2\/tags?post=137805"}],"curies":[{"name":"wp","href":"https:\/\/api.w.org\/{rel}","templated":true}]}}