{"id":137813,"date":"2025-09-25T11:27:12","date_gmt":"2025-09-25T11:27:12","guid":{"rendered":"https:\/\/www.europesays.com\/es\/137813\/"},"modified":"2025-09-25T11:27:12","modified_gmt":"2025-09-25T11:27:12","slug":"primer-match-ball-en-motegi-para-que-marquez-iguale-a-rossi","status":"publish","type":"post","link":"https:\/\/www.europesays.com\/es\/137813\/","title":{"rendered":"Primer \u00abMatch-ball\u00bb En Motegi Para Que M\u00e1rquez Iguale A Rossi"},"content":{"rendered":"<p data-type=\"paragraph\" data=\"[object Object]\">Tras haber arrasado a lo largo de toda la temporada, Marc M\u00e1rquez llega este fin de semana a Jap\u00f3n con opciones matem\u00e1ticas de hacerse al fin con su s\u00e9ptima corona mundial en MotoGP e igualar a la leyenda Valentino Rossi.<\/p>\n<p data-type=\"paragraph\" data=\"[object Object]\" class=\"emotion-1akm6h5-Paragraph e1e4oisd0\">Antes de que las motos empiecen a rodar sobre el trazado de Motegi, situado unos 150 km al norte de Tokio, Marc M\u00e1rquez cuenta con 182 puntos de ventaja sobre su hermano \u00c1lex.<\/p>\n<p data-type=\"paragraph\" data=\"[object Object]\" class=\"emotion-1akm6h5-Paragraph e1e4oisd0\">Para abandonar Jap\u00f3n como campe\u00f3n del mundo, necesita aumentar su colch\u00f3n a 185, por lo que la carrera esprint del s\u00e1bado no ser\u00e1 todav\u00eda decisiva y habr\u00e1 que esperar al Gran Premio del domingo.<\/p>\n<p data-type=\"paragraph\" data=\"[object Object]\" class=\"emotion-1akm6h5-Paragraph e1e4oisd0\">Tras haber sido campe\u00f3n en las categor\u00edas inferiores (125 cc, actual Moto3, en 2010 y Moto2 en 2012), M\u00e1rquez rein\u00f3 en MotoGP de 2013 a 2019, con la \u00fanica excepci\u00f3n de 2015, cuando el campe\u00f3n fue su compatriota Jorge Lorenzo.<\/p>\n<p data-type=\"paragraph\" data=\"[object Object]\" class=\"emotion-1akm6h5-Paragraph e1e4oisd0\">Su dominio en la m\u00e1xima categor\u00eda del motociclismo se fren\u00f3 en seco por una serie de lesiones que coincidi\u00f3 con la p\u00e9rdida de competitividad de Honda con respecto a otras escuder\u00edas rivales, como Ducati.<\/p>\n<p data-type=\"paragraph\" data=\"[object Object]\" class=\"emotion-1akm6h5-Paragraph e1e4oisd0\">Recuperado f\u00edsicamente y dominante ahora con la moto de f\u00e1brica de Ducati, el catal\u00e1n de 32 a\u00f1os podr\u00e1 sumar su nueva corona en un circuito en el que ya ha ganado en tres ocasiones en MotoGP (2016, 2018 y 2019).<\/p>\n<p data-type=\"paragraph\" data=\"[object Object]\" class=\"emotion-1akm6h5-Paragraph e1e4oisd0\">\u00c1lex M\u00e1rquez (Ducati-Gresini) todav\u00eda no ha ganado el Gran Premio de Jap\u00f3n en la categor\u00eda reina, pero s\u00ed subi\u00f3 al caj\u00f3n m\u00e1s alto del podio en Moto3 (2013, 2014) y en Moto2 (2017).<\/p>\n<p data-type=\"paragraph\" data=\"[object Object]\" class=\"emotion-1akm6h5-Paragraph e1e4oisd0\">Unos antecedentes a los que aferrarse para mantener algo de suspense en el campeonato.<\/p>\n<p data-type=\"paragraph\" data=\"[object Object]\" class=\"emotion-1akm6h5-Paragraph e1e4oisd0\">Un mano a mano que deja al resto de pilotos hu\u00e9rfanos de la m\u00e1xima ambici\u00f3n del a\u00f1o a falta de seis carreras para el final de temporada y les obliga a conformarse con los puestos de honor en la tabla.<\/p>\n<p data-type=\"paragraph\" data=\"[object Object]\" class=\"emotion-1akm6h5-Paragraph e1e4oisd0\">El bicampe\u00f3n mundial Francesco Bagnaia (2022, 2023) ha atravesado una temporada llena de frustraci\u00f3n, sin poder alcanzar el nivel de su compa\u00f1ero de garaje Marc M\u00e1rquez, y trata de aferrarse a un tercer puesto en la general con la que minimizar el mal trago.<\/p>\n<p data-type=\"paragraph\" data=\"[object Object]\" class=\"emotion-1akm6h5-Paragraph e1e4oisd0\">Pero el ambicioso Marco Bezzecchi, quien como &#8216;Pecco&#8217; es producto tambi\u00e9n de la academia de Valentino Rossi, acecha a solo 6 puntos de Bagnaia en la general, tras una temporada en la que ha osado plantar cara a las Ducati con su Aprilia.<\/p>\n<p data-type=\"paragraph\" data=\"[object Object]\" class=\"emotion-1akm6h5-Paragraph e1e4oisd0\">El joven Pedro Acosta (Honda) tambi\u00e9n ha intentado tratar de t\u00fa a t\u00fa a las motos de la escuder\u00eda italiana, y si bien rara vez ha salido victorioso, su rendimiento en la segunda mitad de temporada invita al optimismo en su candidatura al tercer puesto del podio, pese a estar a 49 puntos de Bagnaia.<\/p>\n<p data-type=\"paragraph\" data=\"[object Object]\" class=\"emotion-1akm6h5-Paragraph e1e4oisd0\">Por detr\u00e1s, el vigente campe\u00f3n del mundo Jorge Mart\u00edn, tras perderse gran parte de la temporada por lesi\u00f3n, seguir\u00e1 sumando vueltas a lomos de la Aprilia, mientras que el &#8216;rookie&#8217; Ai Ogura correr\u00e1 por primera vez en MotoGP ante un p\u00fablico entregado a su \u00eddolo local.<\/p>\n<p data-type=\"paragraph\" data=\"[object Object]\" class=\"emotion-1akm6h5-Paragraph e1e4oisd0\">En las categor\u00edas inferiores, el t\u00edtulo est\u00e1 mucho m\u00e1s abierto: en Moto2, el piloto brasile\u00f1o Diogo Moreira se mantiene en segunda posici\u00f3n, a 39 puntos del l\u00edder de la categor\u00eda Manuel Gonz\u00e1lez y empatado con Aron Canet (3\u00ba).<\/p>\n","protected":false},"excerpt":{"rendered":"Tras haber arrasado a lo largo de toda la temporada, Marc M\u00e1rquez llega este fin de semana a&hellip;\n","protected":false},"author":2,"featured_media":137814,"comment_status":"","ping_status":"","sticky":false,"template":"","format":"standard","meta":{"footnotes":""},"categories":[93],"tags":[45,168,25,24,43403,22761,12143,1070,23,167,116],"class_list":{"0":"post-137813","1":"post","2":"type-post","3":"status-publish","4":"format-standard","5":"has-post-thumbnail","7":"category-deportes","8":"tag-45","9":"tag-deportes","10":"tag-es","11":"tag-espana","12":"tag-jpn","13":"tag-moto","14":"tag-motogp","15":"tag-mundial","16":"tag-spain","17":"tag-sports","18":"tag-synd"},"share_on_mastodon":{"url":"","error":""},"_links":{"self":[{"href":"https:\/\/www.europesays.com\/es\/wp-json\/wp\/v2\/posts\/137813","targetHints":{"allow":["GET"]}}],"collection":[{"href":"https:\/\/www.europesays.com\/es\/wp-json\/wp\/v2\/posts"}],"about":[{"href":"https:\/\/www.europesays.com\/es\/wp-json\/wp\/v2\/types\/post"}],"author":[{"embeddable":true,"href":"https:\/\/www.europesays.com\/es\/wp-json\/wp\/v2\/users\/2"}],"replies":[{"embeddable":true,"href":"https:\/\/www.europesays.com\/es\/wp-json\/wp\/v2\/comments?post=137813"}],"version-history":[{"count":0,"href":"https:\/\/www.europesays.com\/es\/wp-json\/wp\/v2\/posts\/137813\/revisions"}],"wp:featuredmedia":[{"embeddable":true,"href":"https:\/\/www.europesays.com\/es\/wp-json\/wp\/v2\/media\/137814"}],"wp:attachment":[{"href":"https:\/\/www.europesays.com\/es\/wp-json\/wp\/v2\/media?parent=137813"}],"wp:term":[{"taxonomy":"category","embeddable":true,"href":"https:\/\/www.europesays.com\/es\/wp-json\/wp\/v2\/categories?post=137813"},{"taxonomy":"post_tag","embeddable":true,"href":"https:\/\/www.europesays.com\/es\/wp-json\/wp\/v2\/tags?post=137813"}],"curies":[{"name":"wp","href":"https:\/\/api.w.org\/{rel}","templated":true}]}}