{"id":137821,"date":"2025-09-25T11:31:07","date_gmt":"2025-09-25T11:31:07","guid":{"rendered":"https:\/\/www.europesays.com\/es\/137821\/"},"modified":"2025-09-25T11:31:07","modified_gmt":"2025-09-25T11:31:07","slug":"luz-verde-de-la-cnmv-a-la-nueva-oferta-del-bbva-en-la-opa-sobre-el-banco-sabadell","status":"publish","type":"post","link":"https:\/\/www.europesays.com\/es\/137821\/","title":{"rendered":"Luz verde de la CNMV a la nueva oferta del BBVA en la opa sobre el Banco Sabadell"},"content":{"rendered":"<p>El presidente del banco catal\u00e1n dice que la propuesta de mejora del banco vasco es \u00abmala\u00bb e insuficiente<\/p>\n<p>La <strong>Comisi\u00f3n Nacional del Mercado de Valores (CNMV)<\/strong> ha dado luz verde a la nueva propuesta presentada por el <strong>BBVA<\/strong> en la operaci\u00f3n p\u00fablica de adquisici\u00f3n (opa) sobre el <strong>Banco Sabadell<\/strong>. En un comunicado de este jueves, el regulador ha autorizado la transacci\u00f3n y ha fijado el nuevo periodo de aceptaci\u00f3n de la operaci\u00f3n el 10 de octubre, cuando antes de la mejora del banco vasco era el 7 de octubre. De este modo, el organismo permite que el canje sea una acci\u00f3n ordinaria de nueva emisi\u00f3n de la entidad financiera que preside <strong>Carlos Torres<\/strong> por cada 4,8376 del banco catal\u00e1n. <\/p>\n<p>El BBVA ha defendido que la oferta resulta \u00abexcepcionalmente atractiva\u00bb para los accionistas del Sabadell, ya que implica \u00abvalorar las acciones en niveles m\u00e1ximos en m\u00e1s de una d\u00e9cada\u00bb, y ha subrayado que la contraprestaci\u00f3n pasa a ser totalmente en acciones. Adem\u00e1s, el banco que dirige Torres ha indicado que no har\u00e1 m\u00e1s mejoras ni extender\u00e1 el plazo de aceptaci\u00f3n, de manera que esta nueva oferta es lo que la empresa considera su propuesta final. <\/p>\n<p>Una vez que la CNMV ha avalado la nueva oferta, el consejo de administraci\u00f3n del Sabadell tiene cinco d\u00edas para reunirse y manifestarse sobre el cambio. El presidente del Banco Sabadell, <strong>Josep Oliu<\/strong>, ha considerado que la nueva propuesta del BBVA es como \u00abun plato de lentejas\u00bb y la ha calificado de \u00abmalo\u00bb. En una entrevista al diario ARA, el directivo se\u00f1ala que con <a href=\"https:\/\/www.eltriangle.eu\/es\/2025\/09\/22\/el-bbva-mejora-un-10-la-oferta-en-la-opa-al-banco-sabadell\/\" target=\"_blank\" rel=\"noopener nofollow\">la mejora de un 10%<\/a> de la entidad financiera vasca \u00abno basta [\u2026] para convencer a la mayor\u00eda de los accionistas\u00bb. La acci\u00f3n ordinaria de nueva emisi\u00f3n del BBVA por cada 4,8376 del banco catal\u00e1n que ha puesto encima de la mesa \u00absigue siendo una oferta baja\u00bb, porque \u00abdar\u00e1 menos rendimientos al accionista, menos retribuci\u00f3n; no tiene prima o tiene una prima del 2%\u00bb. <\/p>\n<p>Por otro lado, Oliu ha afirmado que la opa supone un \u00abtap\u00f3n\u00bb para el futuro en la estrategia para hacer alianzas europeas que tiene \u00abdesde hace tiempo\u00bb el banco. En este sentido, el presidente del Banco Sabadell ha concretado que la entidad bancaria tiene acuerdos con <strong>Zurich<\/strong>, <strong>Cr\u00e9dit Agricole<\/strong> para los fondos de inversi\u00f3n, <strong>BNP<\/strong> y <strong>Nexi<\/strong>, pero que si triunfa la transacci\u00f3n \u00abdesaparecer\u00e1\u00bb, y ha criticado que el BBVA promueva que la opa es un movimiento \u00abhacia hacer m\u00e1s Europa\u00bb, cuando \u00aben realidad es una operaci\u00f3n hacia hacer menos Europa y m\u00e1s Espa\u00f1a o m\u00e1s pa\u00edses emergentes\u00bb. <\/p>\n<p>Oliu ha insistido en que aceptar el canje de acciones \u00abes dejarse convencer por los cantos de sirena\u00bb y ha recalcado que la propuesta est\u00e1 \u00ablejos\u00bb de un precio lo suficientemente bueno.<\/p>\n<p>(Visited 5 times, 5 visits today)<\/p>\n","protected":false},"excerpt":{"rendered":"El presidente del banco catal\u00e1n dice que la propuesta de mejora del banco vasco es \u00abmala\u00bb e insuficiente&hellip;\n","protected":false},"author":2,"featured_media":137822,"comment_status":"","ping_status":"","sticky":false,"template":"","format":"standard","meta":{"footnotes":""},"categories":[80],"tags":[43406,3285,82,43407,95,94,25,24,3284,23],"class_list":{"0":"post-137821","1":"post","2":"type-post","3":"status-publish","4":"format-standard","5":"has-post-thumbnail","7":"category-economia","8":"tag-banco-de-sabadell","9":"tag-bbva","10":"tag-business","11":"tag-comision-nacional-del-mercado-de-valores-cnmv","12":"tag-economia","13":"tag-economy","14":"tag-es","15":"tag-espana","16":"tag-opa","17":"tag-spain"},"share_on_mastodon":{"url":"","error":""},"_links":{"self":[{"href":"https:\/\/www.europesays.com\/es\/wp-json\/wp\/v2\/posts\/137821","targetHints":{"allow":["GET"]}}],"collection":[{"href":"https:\/\/www.europesays.com\/es\/wp-json\/wp\/v2\/posts"}],"about":[{"href":"https:\/\/www.europesays.com\/es\/wp-json\/wp\/v2\/types\/post"}],"author":[{"embeddable":true,"href":"https:\/\/www.europesays.com\/es\/wp-json\/wp\/v2\/users\/2"}],"replies":[{"embeddable":true,"href":"https:\/\/www.europesays.com\/es\/wp-json\/wp\/v2\/comments?post=137821"}],"version-history":[{"count":0,"href":"https:\/\/www.europesays.com\/es\/wp-json\/wp\/v2\/posts\/137821\/revisions"}],"wp:featuredmedia":[{"embeddable":true,"href":"https:\/\/www.europesays.com\/es\/wp-json\/wp\/v2\/media\/137822"}],"wp:attachment":[{"href":"https:\/\/www.europesays.com\/es\/wp-json\/wp\/v2\/media?parent=137821"}],"wp:term":[{"taxonomy":"category","embeddable":true,"href":"https:\/\/www.europesays.com\/es\/wp-json\/wp\/v2\/categories?post=137821"},{"taxonomy":"post_tag","embeddable":true,"href":"https:\/\/www.europesays.com\/es\/wp-json\/wp\/v2\/tags?post=137821"}],"curies":[{"name":"wp","href":"https:\/\/api.w.org\/{rel}","templated":true}]}}