{"id":137825,"date":"2025-09-25T11:33:10","date_gmt":"2025-09-25T11:33:10","guid":{"rendered":"https:\/\/www.europesays.com\/es\/137825\/"},"modified":"2025-09-25T11:33:10","modified_gmt":"2025-09-25T11:33:10","slug":"calendario-laboral-de-madrid-2026-cinco-puentes-el-ano-que-viene-y-la-semana-santa-empieza-en-abril-el-mundo","status":"publish","type":"post","link":"https:\/\/www.europesays.com\/es\/137825\/","title":{"rendered":"Calendario laboral de Madrid 2026: cinco puentes el a\u00f1o que viene y la Semana Santa empieza en abril &#8211; El Mundo"},"content":{"rendered":"<ol>\n<li><a href=\"https:\/\/news.google.com\/rss\/articles\/CBMid0FVX3lxTFBkYmtYVTRPMUs3OHNGZ0pnQzMxdHVpMW9qZnNwUTM3NzJuM2tTbDktbXJacjZTc0xrb1p1eG9VYUV4M3VVMUFSV1gzbUtfX052SDFPQVBlRklLUmx2ZDd2T3VYUlNuUW1lVlVxMnNWcDZPZGkwdVE40gF3QVVfeXFMT1JWU1V5Q3JGY0RIaGFkV29CVVpKTEJfYmJMamhmNFRLbzB4amJkTmdEY2g4UWdMMlJHZDNidHY5OHhpQWpQWTJBN0NvaHJiX2djRDhFMFY0dWlYU1lWSkxER083eDQ4eWd0Rkk4QWdFaEtfZldhSkU?oc=5\" target=\"_blank\" rel=\"nofollow noopener\">Calendario laboral de Madrid 2026: cinco puentes el a\u00f1o que viene y la Semana Santa empieza en abril<\/a>&nbsp;&nbsp;El Mundo<\/li>\n<li><a href=\"https:\/\/news.google.com\/rss\/articles\/CBMi0AFBVV95cUxPWVBWZDFHYnBfVml4QUFMZXdlTEE3TnN0VjBfSm1ZQ1hnc0tiUV9uOFJQTlFKYkxoSkpfRy0tbGRyZzFwWk5CVWJ1REJMbzhxdWxqNVI5WlJOREdXems5NVB2TTI4cjMxNHVrNGp1LU9wYk95R3ptOWpWdjV4RU5PZXVIVzEyS3M2eElBUmpQdndhMU5Cc1JxZ2haZXEwZWdRc25GT1J6OUhDbWtFTEhhNFNZSzBIZ0VmUHI1aEVzWjRTRzliY21qUnY5X0p4NDRM?oc=5\" target=\"_blank\" rel=\"nofollow noopener\">Calendario laboral 2026: el pr\u00f3ximo a\u00f1o tendr\u00e1 cuatro fines de semana largos en toda Espa\u00f1a<\/a>&nbsp;&nbsp;EL PA\u00cdS<\/li>\n<li><a href=\"https:\/\/news.google.com\/rss\/articles\/CBMiqAFBVV95cUxPMkttenpSanBsT3VaR3BoQ3Zaa05yNzBybTFPTHVjLVZWaFZPSjVISVVyVzdNdTQyV0JEZlBtVkRhNkE1aEs4WE5iMElHZTBnenRwbFk3UkM5d1lRWFZ2MWpLcjRUVXljR0dpSUs2UnhWYjhyZU16SjFvTWtpbUsyUjVOeUl0TGY0bzFyQVBMazFodE5rUXliVjZXLWMtUlpIbmZhVWI4R0w?oc=5\" target=\"_blank\" rel=\"nofollow noopener\">Calendario laboral 2026 en Espa\u00f1a: d\u00edas festivos por comunidad aut\u00f3noma<\/a>&nbsp;&nbsp;ABC<\/li>\n<li><a href=\"https:\/\/news.google.com\/rss\/articles\/CBMi0AFBVV95cUxOWF9XR0ZTUTJmUG1yWVpERUlYTEtTZGpKN3NTMFNyWS1FT1Y3NXdOOFFMajhZNTUzZUNqTnhIVm1SemhMTkw0RFI3SUtTSDI4UUFoYjhVR1VxVHJlQnRsWlZycy01ZDRxNnJKMmEteXlUZzBkSWlXazNzZVBWczlianQ0aXc5NF9RZDFCd1pFSjRGOW5ubG9yNG0teGVXUnI5Z1NXTTBSNU9qSjBuQ2dMQ2hwX2ZaQV92T1F2cll5RF9UM0VSblROam1FQ1FMc1Bo?oc=5\" target=\"_blank\" rel=\"nofollow noopener\">La Comunidad de Madrid aprueba el calendario laboral de 2026 con 12 festivos y dos que fijar\u00e1n los ayuntamientos<\/a>&nbsp;&nbsp;Comunidad de Madrid |<\/li>\n<li><a href=\"https:\/\/news.google.com\/rss\/articles\/CBMiowFBVV95cUxNMTVoaExzcWZIZkd4UWo4dzZ3cDBoSlIzMGxfdHU5LUlfbWwzSjJydjc1REVxRVpTYjlQMjdVSU9zM3pkX3VtSGtyb2ppSzBfS3hZZHJuUmdfZXBMMkFHd1p1RDlUVFVhVEcwWjNYVktKaTJ6WnhzMWJVT1NUeDE2REhpTDZSa1RUR3Z2djdpcGVwQjkySHk0QnJkT0t2d2JUVnlz0gGoAUFVX3lxTE00SV9ucU5lUGRVTkNUcG1KeHF0QlVNdUxhaWVqbFdROUswT184dWJtV1MyNVlzVkxMdG05UkE4MGNJX1p1aFNhWlF4U0dpSGttVlk1b196dDVQbmtEZ3c2R3dxOVNmZVVEZER2SmppWVVDUXNCWmR3Z3p0SGhRV0lKcUZzbTFZOUJOeHBlTkp3SW04VVhqck1BLUNkQ216MzQ1emUzREE4RA?oc=5\" target=\"_blank\" rel=\"nofollow noopener\">Domingos de fiesta que se pasan al lunes y varios puentes: as\u00ed queda el calendario de festivos de Madrid para 2026<\/a>&nbsp;&nbsp;El Confidencial<\/li>\n<\/ol>\n","protected":false},"excerpt":{"rendered":"Calendario laboral de Madrid 2026: cinco puentes el a\u00f1o que viene y la Semana Santa empieza en abril&nbsp;&nbsp;El&hellip;\n","protected":false},"author":2,"featured_media":137826,"comment_status":"","ping_status":"","sticky":false,"template":"","format":"standard","meta":{"footnotes":""},"categories":[8],"tags":[17,18,2170,729,25,24,13,14,11,19,20,205,9,10,15,16,23,12,21,22],"class_list":{"0":"post-137825","1":"post","2":"type-post","3":"status-publish","4":"format-standard","5":"has-post-thumbnail","7":"category-espana","8":"tag-breaking-news","9":"tag-breakingnews","10":"tag-como","11":"tag-dda","12":"tag-es","13":"tag-espana","14":"tag-featured-news","15":"tag-featurednews","16":"tag-headlines","17":"tag-latest-news","18":"tag-latestnews","19":"tag-madrid","20":"tag-news","21":"tag-noticias","22":"tag-noticias-destacadas","23":"tag-noticiasdestacadas","24":"tag-spain","25":"tag-titulares","26":"tag-ultimas-noticias","27":"tag-ultimasnoticias"},"share_on_mastodon":{"url":"","error":""},"_links":{"self":[{"href":"https:\/\/www.europesays.com\/es\/wp-json\/wp\/v2\/posts\/137825","targetHints":{"allow":["GET"]}}],"collection":[{"href":"https:\/\/www.europesays.com\/es\/wp-json\/wp\/v2\/posts"}],"about":[{"href":"https:\/\/www.europesays.com\/es\/wp-json\/wp\/v2\/types\/post"}],"author":[{"embeddable":true,"href":"https:\/\/www.europesays.com\/es\/wp-json\/wp\/v2\/users\/2"}],"replies":[{"embeddable":true,"href":"https:\/\/www.europesays.com\/es\/wp-json\/wp\/v2\/comments?post=137825"}],"version-history":[{"count":0,"href":"https:\/\/www.europesays.com\/es\/wp-json\/wp\/v2\/posts\/137825\/revisions"}],"wp:featuredmedia":[{"embeddable":true,"href":"https:\/\/www.europesays.com\/es\/wp-json\/wp\/v2\/media\/137826"}],"wp:attachment":[{"href":"https:\/\/www.europesays.com\/es\/wp-json\/wp\/v2\/media?parent=137825"}],"wp:term":[{"taxonomy":"category","embeddable":true,"href":"https:\/\/www.europesays.com\/es\/wp-json\/wp\/v2\/categories?post=137825"},{"taxonomy":"post_tag","embeddable":true,"href":"https:\/\/www.europesays.com\/es\/wp-json\/wp\/v2\/tags?post=137825"}],"curies":[{"name":"wp","href":"https:\/\/api.w.org\/{rel}","templated":true}]}}