{"id":137829,"date":"2025-09-25T11:35:12","date_gmt":"2025-09-25T11:35:12","guid":{"rendered":"https:\/\/www.europesays.com\/es\/137829\/"},"modified":"2025-09-25T11:35:12","modified_gmt":"2025-09-25T11:35:12","slug":"samuel-cordies-ahora-tengo-la-confianza","status":"publish","type":"post","link":"https:\/\/www.europesays.com\/es\/137829\/","title":{"rendered":"Samuel Cordi\u00e9s: \u00abAhora tengo la confianza\u00bb"},"content":{"rendered":"<p class=\"paragraph\">El Bada Huesca juega este s\u00e1bado en Cangas, donde buscar\u00e1 ante el Frigor\u00edficos del Morrazo su segunda victoria liguera. El cubano Samuel Cordi\u00e9s, destacado en las dos primeras jornadas ligueras, y el t\u00e9cnico del equipo, Jos\u00e9 Nolasco, comparecieron este jueves en el Hotel Abba.<\/p>\n<p class=\"paragraph\">Samuel Cordi\u00e9s destaca que estas \u00faltimas actuacines individuales vienen derivadas del \u00abtrabajo\u00bb que viene haciendo. <b>\u00abLa calidad estaba ah\u00ed, pero faltaba confianza y ahora la tengo y est\u00e1n saliendo las cosas\u00bb<\/b>, dice. Cordi\u00e9s est\u00e1 encantado de poder aportar \u00abofensiva y defensivamente\u00bb al equipo, sea con robos de bal\u00f3n, metiendo goles o dando asistencias . Y destaca la alegr\u00eda de la victoria de la semana pasada.\u00a0<\/p>\n<p class=\"paragraph\">Comenta que <b>el hecho de tener tantos lesionados le \u00abda m\u00e1s minutos\u00bb y est\u00e1 \u00abaprovech\u00e1ndolo\u00bb.\u00a0<\/b><\/p>\n<p class=\"paragraph\">El peque\u00f1o de los hermanos Cordi\u00e9s reconoce que <b>quedan \u00abmuchas cosas por mejorar\u00bb <\/b>tomando como referencia el encuentro ganado ante el Aranda. \u00abTuvimos demasiadas p\u00e9rdidas y eso nos puede costar el partido otro d\u00eda\u00bb, avisa.<\/p>\n<p class=\"paragraph\"><b>En Cangas espera un rival \u00abactivo en defensa y ataque\u00bb, que juega \u00abr\u00e1pido e intenso\u00bb<\/b>. Pero conf\u00eda en las opciones del equipo. \u00abSi plantamos cara al partido, podemos sacar un buen resultado\u00bb.<\/p>\n<p class=\"paragraph\">Sobre la llegada de Yoel Cuni dice que \u00abes un placer tenerlo al lado\u00bb por su gran experiencia con equipos punteros en Europa.<\/p>\n<p class=\"paragraph\">Nolasco cont\u00f3 que en Cangas tendr\u00e1 los mismos jugadores que la semana pasada, a los que<b> se a\u00f1aden Yoel Cuni, ya inscrito, y Fabricio de Souza, que podr\u00e1 jugar pese a tener dolores en un codo.<\/b><\/p>\n<p class=\"paragraph\">Espera que Yoel Cuni les d\u00e9 el plus de su experiencia y calidad, aunque avisa de que su condici\u00f3n f\u00edsica a\u00fan no es la \u00f3ptima y habr\u00e1 que dosificarlo mucho. Pero espera de \u00e9l que sea \u00abun baluarte\u00bb tanto en ataque como en defensa.<\/p>\n<p class=\"paragraph\">Nolasco no quiere que el partido de Aranda haga caer en la complacencia, sino todo lo contrario:<b> \u00ab\u00b7No hicimos un gran partido. Cometimos demasiados errores y en otro momento lo hubi\u00e9ramos pagado\u00bb, dice.<\/b> Aspira a hacer mejor balonmano y un gran partido.\u00a0<\/p>\n<p class=\"paragraph\">Entonces el equipo se bas\u00f3 en \u00abla defensa\u00bb, que estuvo equilibrada y la porter\u00eda y esta vez tambi\u00e9n se trata de empezar por ah\u00ed.\u00a0<\/p>\n<p class=\"paragraph\">Avisa de que espera un partido complicado ante <b>un Cangas que va \u00aba salir enchufado\u00bb y que necesita ganar para romper una racha de dos derrotas<\/b> iniciales y que le obliga a ganar en casa. Ante ello Bada tiene que estar preparado y luchar.<\/p>\n<p class=\"paragraph\">Nolasco explica que en Cangas <b>se van a topar con una defensa que \u00abcontacta, cierra espacios, tiene movilidad y es dif\u00edcil de superar\u00bb<\/b>. Y ante ella quiere \u00abprofundidad\u00bb como la que est\u00e1 mostrando Samuel Cordi\u00e9s y buen juego. Recuerda que las defensas cada vez atan m\u00e1s a Artur Parera y la primera l\u00ednea tendr\u00e1 m\u00e1s exigencia.<\/p>\n<p class=\"paragraph\">Nolasco reconoce que<b> el juego de los centrales \u00abno est\u00e1 ajustado del todo\u00bb y se \u00abtienen que hacer al juego\u00bb<\/b>, despu\u00e9s de \u00abdos grandes centrales como Miguel y Dija\u00bb. Pero tambi\u00e9n recuerda que son jugadores distintos y que Ignacio Su\u00e1rez tiene caracter\u00edsticas que no tienen otros centrales con su verticalidad , electricidad y fortaleza, mientras que Tchitombi es otro tipo de jugador m\u00e1s director. Cree que <b>a\u00fan \u00abfalta equilibrio\u00bb, pero tambi\u00e9n lo achaca a la falta de zurdo en los partidos anteriores<\/b>, pues con u diestro en el lateral se pierda anchura. Con Yoel Cuni van a poder ir resolvi\u00e9ndolo.<\/p>\n<p class=\"paragraph\">Nolasco quiere que <b>el equipo sea capaz de mantener la \u00abconcentraci\u00f3n, el luchar y darle importancia a cada bal\u00f3n y la forma de salir\u00bb de la temporada pasada<\/b> sin que tengan que verse con el agua al cuello para ello. \u00abHay que tener una actitud competitiva desde el principio\u00bb y afrontar los partidos como finales y no dejarse ir como sucedi\u00f3 en Valladolid.<\/p>\n<p class=\"paragraph\">De Cangas destaca que ha tenido cambios importantes, pero se\u00f1ala que si salieron jugadores como Thyman, Rares o Toth, han entrado otros como \u00c1ngel Rivero, el pivote Javi Garc\u00eda, el noruego Valderhaug o Csaba. Y considera que<b> Quique Dom\u00ednguez ha mantenido la esencia del juego que ten\u00edan con Nacho Moyano, pero le ha a\u00f1adido su af\u00e1n por correr<\/b> y unido \u00ablo mejor de uno y de otro\u00bb.<\/p>\n","protected":false},"excerpt":{"rendered":"El Bada Huesca juega este s\u00e1bado en Cangas, donde buscar\u00e1 ante el Frigor\u00edficos del Morrazo su segunda victoria&hellip;\n","protected":false},"author":2,"featured_media":137830,"comment_status":"","ping_status":"","sticky":false,"template":"","format":"standard","meta":{"footnotes":""},"categories":[278],"tags":[376,3092,43408,168,25,24,375,21640,23,167],"class_list":{"0":"post-137829","1":"post","2":"type-post","3":"status-publish","4":"format-standard","5":"has-post-thumbnail","7":"category-balonmano","8":"tag-balonmano","9":"tag-confianza","10":"tag-cordies","11":"tag-deportes","12":"tag-es","13":"tag-espana","14":"tag-handball","15":"tag-samuel","16":"tag-spain","17":"tag-sports"},"share_on_mastodon":{"url":"","error":""},"_links":{"self":[{"href":"https:\/\/www.europesays.com\/es\/wp-json\/wp\/v2\/posts\/137829","targetHints":{"allow":["GET"]}}],"collection":[{"href":"https:\/\/www.europesays.com\/es\/wp-json\/wp\/v2\/posts"}],"about":[{"href":"https:\/\/www.europesays.com\/es\/wp-json\/wp\/v2\/types\/post"}],"author":[{"embeddable":true,"href":"https:\/\/www.europesays.com\/es\/wp-json\/wp\/v2\/users\/2"}],"replies":[{"embeddable":true,"href":"https:\/\/www.europesays.com\/es\/wp-json\/wp\/v2\/comments?post=137829"}],"version-history":[{"count":0,"href":"https:\/\/www.europesays.com\/es\/wp-json\/wp\/v2\/posts\/137829\/revisions"}],"wp:featuredmedia":[{"embeddable":true,"href":"https:\/\/www.europesays.com\/es\/wp-json\/wp\/v2\/media\/137830"}],"wp:attachment":[{"href":"https:\/\/www.europesays.com\/es\/wp-json\/wp\/v2\/media?parent=137829"}],"wp:term":[{"taxonomy":"category","embeddable":true,"href":"https:\/\/www.europesays.com\/es\/wp-json\/wp\/v2\/categories?post=137829"},{"taxonomy":"post_tag","embeddable":true,"href":"https:\/\/www.europesays.com\/es\/wp-json\/wp\/v2\/tags?post=137829"}],"curies":[{"name":"wp","href":"https:\/\/api.w.org\/{rel}","templated":true}]}}