{"id":137847,"date":"2025-09-25T11:47:07","date_gmt":"2025-09-25T11:47:07","guid":{"rendered":"https:\/\/www.europesays.com\/es\/137847\/"},"modified":"2025-09-25T11:47:07","modified_gmt":"2025-09-25T11:47:07","slug":"una-soltera-la-lia-en-first-dates-y-destroza-la-decoracion-del-restaurante-carlos-censurad-esto","status":"publish","type":"post","link":"https:\/\/www.europesays.com\/es\/137847\/","title":{"rendered":"Una soltera la l\u00eda en &#8216;First Dates&#8217; y destroza la decoraci\u00f3n del restaurante: \u00abCarlos, censurad esto\u00bb"},"content":{"rendered":"<p data-mrf-recirculation=\"Links P\u00e1rrafos\" class=\"ue-c-article__paragraph paragraph ue-c-article--first-letter-highlighted\">Cuatro emiti\u00f3 en la noche del pasado mi\u00e9rcoles, 24 de septiembre, una nueva entrega de \u2018First Dates\u2019 con <strong>Carlos Sobera<\/strong>. Entre las muchas citas, destac\u00f3 la protagonizada por <strong>Patricia y Rafael<\/strong>, quienes se llevaron todas las miradas de los presentes en el programa debido a una escena que acab\u00f3 con parte del decorado roto y la joven con las piernas en la cabeza.<\/p>\n<p data-mrf-recirculation=\"Links P\u00e1rrafos\" class=\"ue-c-article__paragraph paragraph\">La primera en entrar al restaurante fue Patricia, una quiromasajista de 28 a\u00f1os que <strong>se defin\u00eda a s\u00ed misma como \u201cextraterrestre\u201d<\/strong>. Como petici\u00f3n, explic\u00f3 ante Carlos Sobera qu\u00e9 deseaba que tuviera su cita: \u201cBuena, que le guste la Minnie Mouse, los extraterrestres y los donuts\u201d.<\/p>\n<p><img decoding=\"async\" width=\"1980\" height=\"1320\" class=\"ue-c-article__image lazyload\" alt=\"Patricia y Rafael.\" loading=\"lazy\" src=\"https:\/\/www.europesays.com\/es\/wp-content\/uploads\/2025\/09\/68d4eb7064bc1.jpeg\"\/><\/p>\n<p>Patricia y Rafael.CUATRO<\/p>\n<p>Patricia, mejor sola y con las piernas en la cabeza<\/p>\n<p data-mrf-recirculation=\"Links P\u00e1rrafos\" class=\"ue-c-article__paragraph paragraph\">Qued\u00f3 encantada al ver a Rafael, y as\u00ed lo demostr\u00f3 con una frase de lo m\u00e1s expl\u00edcita sobre su f\u00edsico. <strong>\u201cEst\u00e1 bien rico el ni\u00f1o\u201d<\/strong>, expres\u00f3 Patricia, que durante la cena se mostr\u00f3 dispuesta a hacer todo tipo de locuras, con<strong> una personalidad arrolladora<\/strong>. Tanto fue as\u00ed que Rafael no dud\u00f3 en admitir que sent\u00eda cierta excitaci\u00f3n por ella.<\/p>\n<p data-mrf-recirculation=\"Links P\u00e1rrafos\" class=\"ue-c-article__paragraph paragraph\">En cuanto al sexo, Patricia revel\u00f3 que llevaba un a\u00f1o sin pareja y que, en la actualidad, <strong>no ve\u00eda con malos ojos tener sexo con ella misma<\/strong>. \u201cMe parece que sola me lo paso mejor\u201d, dijo en referencia a la masturbaci\u00f3n. Rafael, por su parte,<strong> tambi\u00e9n sostuvo que era defensor del \u201csexo con una persona\u201d<\/strong>.<\/p>\n<p data-mrf-recirculation=\"Links P\u00e1rrafos\" class=\"ue-c-article__paragraph paragraph\">La joven fue un paso m\u00e1s all\u00e1 y quiso ense\u00f1ar a su cita una de sus habilidades, la cual hab\u00eda comenzado a mostrar en redes sociales: ponerse los pies en la cabeza. Al tratar de hacer una demostraci\u00f3n, lleg\u00f3 lo m\u00e1s inesperado: <strong>golpe\u00f3 varios jarrones del decorado de \u2018First Dates\u2019.<\/strong> Incluso Carlos Sobera, asustado, se vio obligado a intervenir. \u201cCensurad esto\u201d, pidi\u00f3 Patricia mientras Rafael no pod\u00eda salir de su asombro.\u00a0<\/p>\n","protected":false},"excerpt":{"rendered":"Cuatro emiti\u00f3 en la noche del pasado mi\u00e9rcoles, 24 de septiembre, una nueva entrega de \u2018First Dates\u2019 con&hellip;\n","protected":false},"author":2,"featured_media":137848,"comment_status":"","ping_status":"","sticky":false,"template":"","format":"standard","meta":{"footnotes":""},"categories":[171],"tags":[146,147,25,24,23,214],"class_list":{"0":"post-137847","1":"post","2":"type-post","3":"status-publish","4":"format-standard","5":"has-post-thumbnail","7":"category-tv","8":"tag-entertainment","9":"tag-entretenimiento","10":"tag-es","11":"tag-espana","12":"tag-spain","13":"tag-tv"},"share_on_mastodon":{"url":"","error":""},"_links":{"self":[{"href":"https:\/\/www.europesays.com\/es\/wp-json\/wp\/v2\/posts\/137847","targetHints":{"allow":["GET"]}}],"collection":[{"href":"https:\/\/www.europesays.com\/es\/wp-json\/wp\/v2\/posts"}],"about":[{"href":"https:\/\/www.europesays.com\/es\/wp-json\/wp\/v2\/types\/post"}],"author":[{"embeddable":true,"href":"https:\/\/www.europesays.com\/es\/wp-json\/wp\/v2\/users\/2"}],"replies":[{"embeddable":true,"href":"https:\/\/www.europesays.com\/es\/wp-json\/wp\/v2\/comments?post=137847"}],"version-history":[{"count":0,"href":"https:\/\/www.europesays.com\/es\/wp-json\/wp\/v2\/posts\/137847\/revisions"}],"wp:featuredmedia":[{"embeddable":true,"href":"https:\/\/www.europesays.com\/es\/wp-json\/wp\/v2\/media\/137848"}],"wp:attachment":[{"href":"https:\/\/www.europesays.com\/es\/wp-json\/wp\/v2\/media?parent=137847"}],"wp:term":[{"taxonomy":"category","embeddable":true,"href":"https:\/\/www.europesays.com\/es\/wp-json\/wp\/v2\/categories?post=137847"},{"taxonomy":"post_tag","embeddable":true,"href":"https:\/\/www.europesays.com\/es\/wp-json\/wp\/v2\/tags?post=137847"}],"curies":[{"name":"wp","href":"https:\/\/api.w.org\/{rel}","templated":true}]}}