{"id":137851,"date":"2025-09-25T11:49:12","date_gmt":"2025-09-25T11:49:12","guid":{"rendered":"https:\/\/www.europesays.com\/es\/137851\/"},"modified":"2025-09-25T11:49:12","modified_gmt":"2025-09-25T11:49:12","slug":"que-es-el-training-day-y-cuando-se-celebra","status":"publish","type":"post","link":"https:\/\/www.europesays.com\/es\/137851\/","title":{"rendered":"qu\u00e9 es el Training Day y cu\u00e1ndo se celebra"},"content":{"rendered":"<p><strong><a target=\"_blank\" data-generated=\"auto\" href=\"https:\/\/www.aragondigital.es\/seccion\/zaragoza\/\" rel=\"nofollow noopener\">Zaragoza<\/a><\/strong> prev\u00e9 <strong>una curiosa visita procedente de una galaxia muy lejana.<\/strong> Un ej\u00e9rcito solidario de <strong>Star Wars<\/strong> realizar\u00e1 <strong>un <a target=\"_blank\" href=\"https:\/\/www.aragondigital.es\/tags\/desfile\/\" rel=\"nofollow noopener\">desfile<\/a> internacional <\/strong>por las calles del centro de Zaragoza este mismo s\u00e1bado. \u00a0Chewbacca, Obi-Wan Kenobi, R2-D2, Luke Skywalker, Anakin Skywalker, Yoda, Darth Vader, Palpatine\u2026 ninguno de los m\u00edticos <a target=\"_blank\" href=\"https:\/\/www.aragondigital.es\/tags\/personajes\/\" rel=\"nofollow noopener\">personajes<\/a> faltar\u00e1n a una de las citas m\u00e1s esperadas por los amantes de la saga:<strong> el Training Day.<\/strong><\/p>\n<p>La pasi\u00f3n por Star Wars es la gran protagonista en lo que promete ser<strong> uno de los eventos culturales del a\u00f1o en Zaragoza.<\/strong> El Training Day consiste en<strong> la reuni\u00f3n anual de la Legi\u00f3n 501 \u2013 Spanish Garrison,<\/strong> una organizaci\u00f3n conformada por seguidores de la saga de toda <a target=\"_blank\" data-generated=\"auto\" href=\"https:\/\/www.aragondigital.es\/blog\/section\/espana\/\" rel=\"nofollow noopener\">Espa\u00f1a<\/a> que <strong>realiza encuentros solidarios en <a target=\"_blank\" href=\"https:\/\/www.aragondigital.es\/tags\/hospital\/\" rel=\"nofollow noopener\">hospitales<\/a>, colegios o eventos, <\/strong>a los que acuden equipados con sus <strong>espectaculares trajes y accesorios.\u00a0<\/strong><\/p>\n<p>Y es que los m\u00e1s llamativo del desfile que se va a llevar a cabo en Zaragoza este s\u00e1bado, 27 de septiembre,\u00a0van a ser <strong>las r\u00e9plicas construidas al mil\u00edmetro que portar\u00e1n los participantes.<\/strong> Los trajes que se podr\u00e1n ver en el centro de la capital aragonesa son de una <strong>calidad <a target=\"_blank\" href=\"https:\/\/www.aragondigital.es\/tags\/cine\/\" rel=\"nofollow noopener\">cinematogr\u00e1fica,<\/a><\/strong> hasta el punto de que deben recibir una aprobaci\u00f3n oficial. <strong>Stormtroopers, jedis, siths, droides y h\u00e9roes rebeldes<\/strong> prometen dar mucho juego por las calles zaragozanas.\u00a0<\/p>\n<p><img loading=\"lazy\" decoding=\"async\" width=\"1000\" height=\"563\" alt=\"Training-day\" src=\"https:\/\/www.europesays.com\/es\/wp-content\/uploads\/2025\/09\/2025092212102052978.jpg\" class=\"lazyload\" \/><br \/>\nEl Training Day ya ha visitado varias ciudades en Espa\u00f1a<\/p>\n<p>PARTICIPACI\u00d3N Y RECORRIDO<\/p>\n<p>Se espera la participaci\u00f3n de <strong>unas 1.000 personas en el desfile<\/strong>, a las que se sumar\u00e1n 200 m\u00fasicos y 300 colaboradores. El recorrido del Training Day <strong>partir\u00e1 a las 17.30 horas del CEIP C\u00e1ndido Domingo<\/strong>. Desde all\u00ed <strong>cruzar\u00e1 el Puente de Piedra, seguir\u00e1 por Don Jaime y el Coso y Plaza Espa\u00f1a<\/strong>, continuar\u00e1 por la <strong>calle Alfonso I y entrar\u00e1 en la Plaza del Pilar. <\/strong>El regreso se har\u00e1 por <strong>Echegaray y Caballero<\/strong>, atravesando de nuevo el <strong>Puente de Piedra<\/strong> hasta el cuartel general.<\/p>\n<p>Zaragoza acoge as\u00ed la XV edici\u00f3n de un evento que ya ha conquistado <strong>Madrid, Valencia, C\u00f3rdoba y Salamanca.<\/strong> El Training Day se abrir\u00e1 con un concierto solidario en la Plaza del Pilar y un photocall ben\u00e9fico con asociaciones colaboradoras: <strong>Aspanoa, Somos Pera y 4 Gatos<\/strong> y t\u00fa el dia previo al desfile. Adem\u00e1s, el Centro de Historias acoge una exposici\u00f3n tem\u00e1tica, llamada <strong>\u201cLegi\u00f3n 501. Un imperio solidario\u201d <\/strong>donde se pueden ver de cerca los trajes que utiliza la organizaci\u00f3n en sus misiones.<\/p>\n<p style=\"font-size: 1.2rem;\"><strong>Queremos conocer tu opini\u00f3n<\/strong><br \/>Comenta las noticias en nuestras Redes: <a target=\"_blank\" href=\"https:\/\/www.facebook.com\/aragondigital\/\" rel=\"nofollow noopener\">Facebook<\/a>, <a target=\"_blank\" href=\"https:\/\/www.instagram.com\/aragon_digital\/\" rel=\"nofollow noopener\">Instagram<\/a>, <a target=\"_blank\" href=\"https:\/\/www.tiktok.com\/@aragondigital\" rel=\"nofollow noopener\">TikTok<\/a>, <a target=\"_blank\" href=\"https:\/\/x.com\/aragondigital\" rel=\"nofollow\">X<\/a>, <a target=\"_blank\" href=\"https:\/\/www.youtube.com\/user\/grupoaragondigital\" rel=\"nofollow noopener\">Youtube<\/a>, <a target=\"_blank\" href=\"https:\/\/www.linkedin.com\/company\/aragondigital-es\/\" rel=\"nofollow noopener\">Linkedin<\/a>&#8230;<br \/>Ap\u00fantate gratis a nuestro <a target=\"_blank\" href=\"https:\/\/www.aragondigital.es\/user\/register\/?target=newsletter\" rel=\"nofollow noopener\">bolet\u00edn<\/a> y ll\u00e9vanos en tu m\u00f3vil descarg\u00e1ndote la <a target=\"_blank\" href=\"https:\/\/play.google.com\/store\/apps\/details?id=com.opennemas.aragondigital\" rel=\"nofollow noopener\">App<\/a> o en el canal de <a target=\"_blank\" href=\"https:\/\/www.whatsapp.com\/channel\/0029VaCzzD5It5rxtjfrj71U\" rel=\"nofollow noopener\">WhatsApp<\/a>.<br \/>Y para contacto directo por mail con nuestros periodistas: <a href=\"http:\/\/www.aragondigital.es\/cdn-cgi\/l\/email-protection#0d7f68696c6e6e6462634d6c7f6c6a626369646a64796c6123687e\" rel=\"nofollow noopener\" target=\"_blank\">[email\u00a0protected]<\/a><br \/><strong>Porque t\u00fa tambi\u00e9n eres <a target=\"_blank\" data-generated=\"auto\" href=\"https:\/\/www.aragondigital.es\/tags\/aragon\/\" rel=\"nofollow noopener\">Arag\u00f3n<\/a> Digital<\/strong><\/p>\n<p>                          <script async src=\"\/\/www.instagram.com\/embed.js\"><\/script><script async src=\"\/\/www.tiktok.com\/embed.js\"><\/script><\/p>\n","protected":false},"excerpt":{"rendered":"Zaragoza prev\u00e9 una curiosa visita procedente de una galaxia muy lejana. Un ej\u00e9rcito solidario de Star Wars realizar\u00e1&hellip;\n","protected":false},"author":2,"featured_media":137852,"comment_status":"","ping_status":"","sticky":false,"template":"","format":"standard","meta":{"footnotes":""},"categories":[169],"tags":[177,209,43412,146,147,25,24,176,175,30874,338,11378,23,11377,491],"class_list":{"0":"post-137851","1":"post","2":"type-post","3":"status-publish","4":"format-standard","5":"has-post-thumbnail","7":"category-cine","8":"tag-cine","9":"tag-cultura","10":"tag-desfile","11":"tag-entertainment","12":"tag-entretenimiento","13":"tag-es","14":"tag-espana","15":"tag-film","16":"tag-movies","17":"tag-planes-zaragoza","18":"tag-portada","19":"tag-que-hacer","20":"tag-spain","21":"tag-te-interesa","22":"tag-zaragoza"},"share_on_mastodon":{"url":"","error":""},"_links":{"self":[{"href":"https:\/\/www.europesays.com\/es\/wp-json\/wp\/v2\/posts\/137851","targetHints":{"allow":["GET"]}}],"collection":[{"href":"https:\/\/www.europesays.com\/es\/wp-json\/wp\/v2\/posts"}],"about":[{"href":"https:\/\/www.europesays.com\/es\/wp-json\/wp\/v2\/types\/post"}],"author":[{"embeddable":true,"href":"https:\/\/www.europesays.com\/es\/wp-json\/wp\/v2\/users\/2"}],"replies":[{"embeddable":true,"href":"https:\/\/www.europesays.com\/es\/wp-json\/wp\/v2\/comments?post=137851"}],"version-history":[{"count":0,"href":"https:\/\/www.europesays.com\/es\/wp-json\/wp\/v2\/posts\/137851\/revisions"}],"wp:featuredmedia":[{"embeddable":true,"href":"https:\/\/www.europesays.com\/es\/wp-json\/wp\/v2\/media\/137852"}],"wp:attachment":[{"href":"https:\/\/www.europesays.com\/es\/wp-json\/wp\/v2\/media?parent=137851"}],"wp:term":[{"taxonomy":"category","embeddable":true,"href":"https:\/\/www.europesays.com\/es\/wp-json\/wp\/v2\/categories?post=137851"},{"taxonomy":"post_tag","embeddable":true,"href":"https:\/\/www.europesays.com\/es\/wp-json\/wp\/v2\/tags?post=137851"}],"curies":[{"name":"wp","href":"https:\/\/api.w.org\/{rel}","templated":true}]}}