{"id":137853,"date":"2025-09-25T11:50:13","date_gmt":"2025-09-25T11:50:13","guid":{"rendered":"https:\/\/www.europesays.com\/es\/137853\/"},"modified":"2025-09-25T11:50:13","modified_gmt":"2025-09-25T11:50:13","slug":"burrull-da-la-razon-al-sporting-el-ex-arbitro-no-habria-sacado-tarjeta-a-rosas-corredera-y-kevin-la-voz-de-asturias","status":"publish","type":"post","link":"https:\/\/www.europesays.com\/es\/137853\/","title":{"rendered":"Burrull da la raz\u00f3n al Sporting; el ex \u00e1rbitro no habr\u00eda sacado tarjeta a Rosas, Corredera y Kevin &#8211; La Voz de Asturias"},"content":{"rendered":"<ol>\n<li><a href=\"https:\/\/news.google.com\/rss\/articles\/CBMilgJBVV95cUxNRE5KdzRsdUlKa1VzeDNTM1ZoMmh3WHJhTGdDcWpFNjEzYy1RTmZlTkZoT1piMk4ybWE4M0pfc2NBdktEU2ZLTy1GY1BGTjd4TlpwUXBjSWhpMDdNQWlvczBkRkhoNXY4MG9Fb0FPNEpXTkZ6cDRnb0lOWHRXM3NtSzFIMTlMRmU2dHJNYi03Z1dKN2pFVi1hWjE2RXNxZWpUM0FCQWY3bTBQeTFaN1dCaGktSnUwYXVyYk9LTmhIWklGNV9ud1B2dEpRZF81NWRhSVBCX01kYklYUUJ1Z05WR2owNWRCb2I3cXVQaGZ3WlFFRWJ4dDRUTTlobmRpdU00czBwUDZyWUNaejlud29VblpQRUtyUdIBsgJBVV95cUxNQ0lMVXl2NUh1ejNrUUk2NzYtYWVHcWkzd1QtR3pxaVpuV05EY2M5S1JFOHdCbkdJSHluZE1leEdMTDJHTnN0T0syRHN1emdxMU13YjlvOFdFczdiN04zV2dMa1ZRRUwxVUdTdXhBdVhJc1RZUGU4SGJON2hwbF9Lck9OdFlmNGdYaVRLbGRwUGtEeTJ6NFN2dlFhc0ZlYmJfQzdUUXg0NEhYOXAwVmRQMDBmbnBFODZLSWtSd19QNXNqWGJxcmw2WjJUaXBjR3RxbkNENldlQUVTQjJuMFR4VmV6cmJNV0NSN2lJUGdVUU95OXlyME8zUjhPUUtzdDFIQndwM3l3dEJQdE9ISzh5U2VzLWFGZWFMWF9Vb1B3QnZvQW9lMEhWSkVRYTVvWVJNQ0E?oc=5\" target=\"_blank\" rel=\"nofollow noopener\">Burrull da la raz\u00f3n al Sporting; el ex \u00e1rbitro no habr\u00eda sacado tarjeta a Rosas, Corredera y Kevin<\/a>&nbsp;&nbsp;La Voz de Asturias<\/li>\n<li><a href=\"https:\/\/news.google.com\/rss\/articles\/CBMilwFBVV95cUxPQ1FKNm5KbUZiOTV3TWpfTXczZkVHaFN0am9OT05adHdCcXRTb2s1bW5faExGaFZIY1F5R21ySGlpVHFvdTZhaHFlX2toV0xxTW42VG5nSE56UXAtV25pNkNQbVFuN2NmMFIyQ1J2cVBZOFI5Q193RENOdU9UY0RpOHB6QTBxNllMSi1BcXc3U2g4bVRUZk1J0gGrAUFVX3lxTE4zNG5pZW8xd0NxdHE3Z21pY1VTMm0tRzBubnVFUGs5TDhZSlcwZEhrVmpGVWl2VlJNeWtEd3AwejJLWUpuVUpXSlRhYnNuTWtQRVk2X1F0RUkwVEpkalVmM0JLbDczLXBoYTBCdW9ULTQ2TDFwZnZJdnVhR1Rxem5pajNLVy00aTVhNHJuNzdnb3hPdm9OSFB3VE1kT3hKQlVZcXVUUHZWMFlpVQ?oc=5\" target=\"_blank\" rel=\"nofollow noopener\">Solo prospera el recurso contra la tarjeta mostrada a Kevin V\u00e1zquez<\/a>&nbsp;&nbsp;Diario AS<\/li>\n<li><a href=\"https:\/\/news.google.com\/rss\/articles\/CBMi3gFBVV95cUxNQk1TeFlKQmlxUFdfS3RON0lmdEZYMWVydnBFZjUzdDE5Q3kzNjdnVDlsTHlvamdrMEpWVURTOFFLeGxnRkxoWDNqTnJXY0RTQ1FEZVpSSTF1NXpWY25aY1ZSdWJtT0NoNE40QjVFU3lVQ3NleVdVbGhQZzJjc0tMemdDT1BmanZVNUZOSFFLQ0Y1LUcwbnZ4MVNhVU96bFJkNWtlTm9fX1o5clNXOU9HbTFiczRleDN0cXBfcjF5SC16ck4wcW0wSVFCT3pZXzAtTDdna1hfU25qUFdBVVHSAfIBQVVfeXFMTVdrUE93cDBQSWRla01sLTAxc3NMSGZyMUd6aUZCS2lIZjdaN3BpaFgxWUlyRG1RRDRSRGhUN0RwV2FtSHQ2X1QxMldVa2Qwc0FJWnhEcGVINEJ3MFZaOTczbGkyZG5OaDJHeGJmbXRqN3FPUU5WUmlkU3QxazgzNFRlTGgwMWlhWThIRDV2cTNJeFl6X2VMVWl1M0VLeVhILXYyc2VtUjJIMGJxR2NvQXJNdGJ5NlkwZ1FEV2JNSTMtX2cwRGR5b0l4X3hnR2V1b1JLMDZvQnZuRTg1U2otNmRqd0JkN2RZRFRvNmk4ZllId0E?oc=5\" target=\"_blank\" rel=\"nofollow noopener\">Disciplina mantiene el castigo a Rosas y Corredera y solo retira la amarilla a Kevin V\u00e1zquez<\/a>&nbsp;&nbsp;Cadena SER<\/li>\n<li><a href=\"https:\/\/news.google.com\/rss\/articles\/CBMisgFBVV95cUxNa2YzS25JdzQyVUxCTGx3cHNPaXA2YU5DVzg3eFFEYzVFUTZaQVozUEprcmc3SEpaTlQ2djV1SUVwbHU1TFVLQy1HRWtfeTAwMFkzd3E2TFFlQXRCSU84SHI1Z2hwV0NzRlJxbW15MlhUQU5CdGNESWZmZHdlWHpweVRQOXJZMnRLUldjajNGWmJoUXZSY0ZzZHlod1IxeHZldU9fUFljajdiWjdDVFlNalF30gGyAUFVX3lxTE1vOWhCTlRVeWNiR3BzNDA1STBMVHlVNDVSV2VhSGNoX0JiNnYtOGROWlhpYldjQWotNVhOcFV5RGl3NXpEZTdlRWxnTFVpejBuU2lCcVZwcVhCYmdBcHlWVDhCZF9DRWpxNkFGRjRpVy16aU9jYnJKTzJIR3NkTDZ4ZFJGRVJuMmdCSi1rM1kzYU5jcXZqa3QyOXptVXJBOGJPNzQ2UFVIUUV2UWZKNmcxaEE?oc=5\" target=\"_blank\" rel=\"nofollow noopener\">El Sporting presenta alegaciones al arbitraje de Miguel \u00c1ngel P\u00e9rez<\/a>&nbsp;&nbsp;MARCA<\/li>\n<li><a href=\"https:\/\/news.google.com\/rss\/articles\/CBMikgFBVV95cUxQckVBaHlwT0ZqZXFDN3BwSGhOWXZhZlFzVFJIMkRIWkVzWERySFlUbVgxV0JQVHNhckRTVTNsSjhrdUZ1SW5LVGo0cnRELUExWHRuVWppY28wMjhma01JY2xVal9Oam1EeGdmWFk1SUY1SFBfRDBYQUU2UDFqM0paNjVjRUJacGxreVF1YjI3QnNtZw?oc=5\" target=\"_blank\" rel=\"nofollow noopener\">INSIDE SPORTING (UD Almer\u00eda-Real Sporting)<\/a>&nbsp;&nbsp;Real Sporting<\/li>\n<\/ol>\n","protected":false},"excerpt":{"rendered":"Burrull da la raz\u00f3n al Sporting; el ex \u00e1rbitro no habr\u00eda sacado tarjeta a Rosas, Corredera y Kevin&nbsp;&nbsp;La&hellip;\n","protected":false},"author":2,"featured_media":128855,"comment_status":"","ping_status":"","sticky":false,"template":"","format":"standard","meta":{"footnotes":""},"categories":[93],"tags":[168,25,24,23,4783,167],"class_list":{"0":"post-137853","1":"post","2":"type-post","3":"status-publish","4":"format-standard","5":"has-post-thumbnail","7":"category-deportes","8":"tag-deportes","9":"tag-es","10":"tag-espana","11":"tag-spain","12":"tag-sporting-de-gijon","13":"tag-sports"},"share_on_mastodon":{"url":"","error":""},"_links":{"self":[{"href":"https:\/\/www.europesays.com\/es\/wp-json\/wp\/v2\/posts\/137853","targetHints":{"allow":["GET"]}}],"collection":[{"href":"https:\/\/www.europesays.com\/es\/wp-json\/wp\/v2\/posts"}],"about":[{"href":"https:\/\/www.europesays.com\/es\/wp-json\/wp\/v2\/types\/post"}],"author":[{"embeddable":true,"href":"https:\/\/www.europesays.com\/es\/wp-json\/wp\/v2\/users\/2"}],"replies":[{"embeddable":true,"href":"https:\/\/www.europesays.com\/es\/wp-json\/wp\/v2\/comments?post=137853"}],"version-history":[{"count":0,"href":"https:\/\/www.europesays.com\/es\/wp-json\/wp\/v2\/posts\/137853\/revisions"}],"wp:featuredmedia":[{"embeddable":true,"href":"https:\/\/www.europesays.com\/es\/wp-json\/wp\/v2\/media\/128855"}],"wp:attachment":[{"href":"https:\/\/www.europesays.com\/es\/wp-json\/wp\/v2\/media?parent=137853"}],"wp:term":[{"taxonomy":"category","embeddable":true,"href":"https:\/\/www.europesays.com\/es\/wp-json\/wp\/v2\/categories?post=137853"},{"taxonomy":"post_tag","embeddable":true,"href":"https:\/\/www.europesays.com\/es\/wp-json\/wp\/v2\/tags?post=137853"}],"curies":[{"name":"wp","href":"https:\/\/api.w.org\/{rel}","templated":true}]}}