{"id":137854,"date":"2025-09-25T11:51:12","date_gmt":"2025-09-25T11:51:12","guid":{"rendered":"https:\/\/www.europesays.com\/es\/137854\/"},"modified":"2025-09-25T11:51:12","modified_gmt":"2025-09-25T11:51:12","slug":"los-pediatras-aconsejan-vacunar-de-gripe-hasta-los-17-anos","status":"publish","type":"post","link":"https:\/\/www.europesays.com\/es\/137854\/","title":{"rendered":"Los pediatras aconsejan vacunar de gripe hasta los 17 a\u00f1os"},"content":{"rendered":"<p>\t\t\t\t\t<a href=\"https:\/\/www.facebook.com\/adolfo.fernandezalonso\" target=\"_blank\" aria-label=\"banneradolfo-min\" rel=\"nofollow noopener\"><img fetchpriority=\"high\" decoding=\"async\" src=\"https:\/\/www.europesays.com\/es\/wp-content\/uploads\/2025\/07\/banneradolfo-min.gif\" alt=\"\" width=\"620\" height=\"100\"\/><\/a><\/p>\n<p><strong>La\u00a0Asociaci\u00f3n Espa\u00f1ola de Pediatr\u00eda\u00a0(<a href=\"https:\/\/www.aeped.es\/\" target=\"_blank\" rel=\"noreferrer noopener nofollow\">AEP<\/a>), la Sociedad Espa\u00f1ola de Infectolog\u00eda Pedi\u00e1trica (SEIP) y la Asociaci\u00f3n Espa\u00f1ola de Vacunolog\u00eda (AEV) recomiendan la vacunaci\u00f3n sistem\u00e1tica frente a la gripe de todos los ni\u00f1os y adolescentes de entre 6 meses y 17 a\u00f1os.\u00a0<\/strong><\/p>\n<p><a href=\"https:\/\/www.europesays.com\/es\/wp-content\/uploads\/2025\/09\/D6409112-9D39-4FDA-8944-1C14731C4832.jpeg\"><img loading=\"lazy\" decoding=\"async\" width=\"1000\" height=\"750\" src=\"https:\/\/www.europesays.com\/es\/wp-content\/uploads\/2025\/09\/D6409112-9D39-4FDA-8944-1C14731C4832.jpeg\" alt=\"La\u00a0Asociaci\u00f3n Espa\u00f1ola de Pediatr\u00eda\u00a0(AEP) recomienda la vacuna sistem\u00e1tica frente a la gripe de entre los 6 meses y los 17 a\u00f1os.\u00a0\" class=\"wp-image-75620\"  \/><\/a><\/p>\n<p>Pediatras, infect\u00f3logos y vacun\u00f3logos reclaman vacunaci\u00f3n antigripal sistem\u00e1tica entre los 6 meses y los 17 a\u00f1os<\/p>\n<p>Desde hace tres a\u00f1os, la vacuna de la gripe est\u00e1 financiada en la infancia, pero solo para aquellos ni\u00f1os entre 6 y 59 meses de edad, y en ni\u00f1os mayores considerados de riesgo. <\/p>\n<p>Sin embargo, los expertos advierten que no se deben subestimar los efectos de la gripe. Este virus afecta, cada temporada, al 30 % \u2013 40 % de la poblaci\u00f3n infantil, genera a nivel mundial hasta 4 millones de casos graves en menores de 18 a\u00f1os y provoca hasta 35 000 muertes en los menores de 5 a\u00f1os, es decir, m\u00e1s fallecimientos que los que ocasiona la enfermedad meningoc\u00f3cica.<\/p>\n<p><a href=\"https:\/\/www.celiacosmancha.org\/\" target=\"_blank\" aria-label=\"CELIACOS MANCHA 620X100\" rel=\"nofollow noopener\"><img loading=\"lazy\" decoding=\"async\" src=\"https:\/\/www.europesays.com\/es\/wp-content\/uploads\/2025\/07\/CELIACOS-MANCHA-620X100.gif\" alt=\"\" width=\"620\" height=\"100\"\/><\/a><\/p>\n<p>La situaci\u00f3n se da tambi\u00e9n en otros pa\u00edses: as\u00ed, datos recientes de Estados Unidos muestran un aumento de la mortalidad causada por la gripe en el grupo de 5 a 17 a\u00f1os comparado con a\u00f1os anteriores, as\u00ed como un incremento de los ingresos en las UCI en el grupo de 5 a 9 a\u00f1os en Australia.<\/p>\n<p>Un escudo para toda la comunidad<\/p>\n<p>Como ha indicado el doctor\u00a0Fernando Baquero, presidente de la SEIP, \u00abtanto la incidencia y la hospitalizaci\u00f3n, como los ingresos en la UCI, apuntan a la necesidad de reforzar la vacunaci\u00f3n en la infancia y la adolescencia\u00bb. Adem\u00e1s, \u00abdebemos tener en cuenta el importante papel como transmisores de la enfermedad que tienen los ni\u00f1os y ni\u00f1as. Albergan el virus en grandes cantidades y su periodo de transmisi\u00f3n es m\u00e1s largo. Los adultos transmitimos la gripe un d\u00eda antes y hasta cinco d\u00edas despu\u00e9s de mostrar los s\u00edntomas. Los ni\u00f1os lo hacen desde una semana antes y dos o tres semanas despu\u00e9s\u00bb, puntualiza el experto en infectolog\u00eda. \u00abPor eso, vacunar a la infancia no solo los protege a ellos, sino que act\u00faa como un escudo para toda la comunidad\u00bb.<\/p>\n<p><a href=\"https:\/\/usicam.es\/\" target=\"_blank\" aria-label=\"USICAM 620X100\" rel=\"nofollow noopener\"><img loading=\"lazy\" decoding=\"async\" src=\"https:\/\/www.europesays.com\/es\/wp-content\/uploads\/2025\/07\/USICAM-620X100.gif\" alt=\"\" width=\"620\" height=\"100\"\/><\/a><\/p>\n<p>Medidas de alto impacto<\/p>\n<p><a href=\"https:\/\/www.europesays.com\/es\/wp-content\/uploads\/2025\/09\/vacuna-gripe-sanitarios.jpg\"><img loading=\"lazy\" decoding=\"async\" width=\"696\" height=\"457\" src=\"https:\/\/www.europesays.com\/es\/wp-content\/uploads\/2025\/09\/vacuna-gripe-sanitarios.jpg\" alt=\"\" class=\"wp-image-113208\"  \/><\/a><\/p>\n<p>Adem\u00e1s de la recomendaci\u00f3n sistem\u00e1tica de vacunaci\u00f3n antigripal infantil y del adolescente, las entidades firmantes destacan que es primordial establecer estrategias de alto impacto que permitan aumentar las coberturas vacunales y proponen las siguientes:<\/p>\n<ul class=\"wp-block-list\">\n<li><strong>Formaci\u00f3n espec\u00edfica de los profesionales sanitarios:\u00a0<\/strong>establecer los canales adecuados para ello,\u00a0con el fin de mejorar la calidad de la recomendaci\u00f3n y la comunicaci\u00f3n con las familias.<\/li>\n<li\/>\n<li><strong>La recomendaci\u00f3n activa por parte del profesional sanitario:<\/strong>\u00a0es el determinante m\u00e1s importante en la toma de decisi\u00f3n de vacunar a los ni\u00f1os por parte de los progenitores. <\/li>\n<li\/>\n<li><strong>Informaci\u00f3n a la poblaci\u00f3n<\/strong>: las campa\u00f1as tradicionales, como carteler\u00eda, no consiguen aumentar las coberturas vacunales. La difusi\u00f3n de la informaci\u00f3n en redes sociales, plataformas digitales, medios de comunicaci\u00f3n y farmacias ayuda a que esta llegue a los padres y madres y alcance a colectivos vulnerables o con barrera idiom\u00e1tica.<\/li>\n<li><strong>Captaci\u00f3n activa<\/strong>: como ha sucedido en la inmunizaci\u00f3n frente al Virus Respiratorio Sincitial (VRS), permite conseguir notables incrementos en la cobertura al mismo tiempo que alcanza tambi\u00e9n a la poblaci\u00f3n vulnerable, como los pacientes de riesgo.<\/li>\n<li><strong>Mejorar la accesibilidad a la vacunaci\u00f3n<\/strong>: es determinante ya que, al ser una vacunaci\u00f3n de campa\u00f1a estacional, requiere un esfuerzo adicional para que los colectivos accedan a la misma. <\/li>\n<li><strong>Aumentar la aceptabilidad<\/strong>: disponer de una vacuna de administraci\u00f3n intranasal ha permitido mejorar las coberturas, especialmente en aquellas que realizan vacunaci\u00f3n escolar. <\/li>\n<li><strong>Alineamiento de Salud P\u00fablica y sociedades cient\u00edfico-m\u00e9dicas:<\/strong>\u00a0es importante que tanto la ciudadan\u00eda como los profesionales perciban que existe convergencia entre las recomendaciones de la autoridad sanitaria y de los profesionales sanitarios, reforzando as\u00ed la confianza global en la vacunaci\u00f3n.<\/li>\n<li><strong>Informaci\u00f3n actualizada sobre resultados en salud de la campa\u00f1a a profesionales y ciudadan\u00eda<\/strong>: afianzando la confianza en la vacunaci\u00f3n y permitiendo tomar medidas correctoras.<\/li>\n<\/ul>\n","protected":false},"excerpt":{"rendered":"La\u00a0Asociaci\u00f3n Espa\u00f1ola de Pediatr\u00eda\u00a0(AEP), la Sociedad Espa\u00f1ola de Infectolog\u00eda Pedi\u00e1trica (SEIP) y la Asociaci\u00f3n Espa\u00f1ola de Vacunolog\u00eda (AEV)&hellip;\n","protected":false},"author":2,"featured_media":137855,"comment_status":"","ping_status":"","sticky":false,"template":"","format":"standard","meta":{"footnotes":""},"categories":[92],"tags":[43413,3194,25,24,7749,165,2932,166,43414,23,8177,7589],"class_list":{"0":"post-137854","1":"post","2":"type-post","3":"status-publish","4":"format-standard","5":"has-post-thumbnail","7":"category-salud","8":"tag-17-anos","9":"tag-adolescentes","10":"tag-es","11":"tag-espana","12":"tag-gripe","13":"tag-health","14":"tag-ninos","15":"tag-salud","16":"tag-seis-meses","17":"tag-spain","18":"tag-vacuna","19":"tag-vacunacion"},"share_on_mastodon":{"url":"","error":""},"_links":{"self":[{"href":"https:\/\/www.europesays.com\/es\/wp-json\/wp\/v2\/posts\/137854","targetHints":{"allow":["GET"]}}],"collection":[{"href":"https:\/\/www.europesays.com\/es\/wp-json\/wp\/v2\/posts"}],"about":[{"href":"https:\/\/www.europesays.com\/es\/wp-json\/wp\/v2\/types\/post"}],"author":[{"embeddable":true,"href":"https:\/\/www.europesays.com\/es\/wp-json\/wp\/v2\/users\/2"}],"replies":[{"embeddable":true,"href":"https:\/\/www.europesays.com\/es\/wp-json\/wp\/v2\/comments?post=137854"}],"version-history":[{"count":0,"href":"https:\/\/www.europesays.com\/es\/wp-json\/wp\/v2\/posts\/137854\/revisions"}],"wp:featuredmedia":[{"embeddable":true,"href":"https:\/\/www.europesays.com\/es\/wp-json\/wp\/v2\/media\/137855"}],"wp:attachment":[{"href":"https:\/\/www.europesays.com\/es\/wp-json\/wp\/v2\/media?parent=137854"}],"wp:term":[{"taxonomy":"category","embeddable":true,"href":"https:\/\/www.europesays.com\/es\/wp-json\/wp\/v2\/categories?post=137854"},{"taxonomy":"post_tag","embeddable":true,"href":"https:\/\/www.europesays.com\/es\/wp-json\/wp\/v2\/tags?post=137854"}],"curies":[{"name":"wp","href":"https:\/\/api.w.org\/{rel}","templated":true}]}}