{"id":137856,"date":"2025-09-25T11:52:09","date_gmt":"2025-09-25T11:52:09","guid":{"rendered":"https:\/\/www.europesays.com\/es\/137856\/"},"modified":"2025-09-25T11:52:09","modified_gmt":"2025-09-25T11:52:09","slug":"hoy-comienza-el-festival-de-opera-de-sevilla-en-la-real-fabrica-de-artilleria","status":"publish","type":"post","link":"https:\/\/www.europesays.com\/es\/137856\/","title":{"rendered":"Hoy comienza el Festival de \u00d3pera de Sevilla en la Real F\u00e1brica de Artiller\u00eda"},"content":{"rendered":"<p style=\"text-align: justify;\"><strong>Sevilla, jueves 25 de septiembre de 2025.-<\/strong> El Festival de \u00d3pera de Sevilla, organizado por el Ayuntamiento de Sevilla, a trav\u00e9s del \u00e1rea de Turismo y Cultura,\u00a0 celebra hoy su arranque oficial con un encuentro en la Real F\u00e1brica de Artiller\u00eda, sede principal del Festival. La delegada de Turismo y Cultura, <strong>Angie Moreno<\/strong>, ha presidido el acto junto al director art\u00edstico del festival, Francisco Soriano, y a los equipos art\u00edsticos de Les Enfants Terribles, de Philip Glass, y de Il Califfo di Bagdad, de Manuel Garc\u00eda.<\/p>\n<p style=\"text-align: justify;\">La primera funci\u00f3n, con las entradas ya agotadas, tendr\u00e1 lugar esta misma noche en este emblem\u00e1tico enclave patrimonial, rescatado para la vida art\u00edstica de la ciudad, con el estreno de Les Enfants Terribles. La \u00f3pera de c\u00e1mara de Philip Glass, inspirada en la novela de Jean Cocteau, re\u00fane un s\u00f3lido equipo creativo encabezado por <strong>Susana G\u00f3mez<\/strong> en la direcci\u00f3n de escena y <strong>Juan Garc\u00eda Rodr\u00edguez<\/strong> en la direcci\u00f3n musical, junto a <strong>Juan Ruesga<\/strong> (escenograf\u00eda), <strong>Laura Iturralde<\/strong> (iluminaci\u00f3n), <strong>Florencia Oz<\/strong> (coreograf\u00eda) y <strong>Nino Baut\u00ed<\/strong> (vestuario). Este \u00faltimo es tambi\u00e9n responsable del vestuario de Il Califfo di Bagdad, reforzando as\u00ed un hilo est\u00e9tico que conecta ambas producciones inaugurales.<\/p>\n<p style=\"text-align: justify;\">El reparto de Les Enfants Terribles lo conforman la soprano <strong>Clara Barbier<\/strong>, la mezzosoprano <strong>Lydia Vinyes-Curtis<\/strong>, el tenor <strong>Samy Camps<\/strong> y el bar\u00edtono <strong>Dietrich Henschel<\/strong>, acompa\u00f1ados en escena por las bailarinas <strong>Florencia e Isidora Oz<\/strong>. Tres pianistas \u2014<strong>\u00d3scar Mart\u00edn, Patricia Arauzo y Julio Moguer<\/strong>\u2014 completan esta propuesta que convierte la Real F\u00e1brica en un espacio donde confluyen voz, danza y piano en un mismo plano esc\u00e9nico. \u00abCon Les Enfants Terribles la Real F\u00e1brica de Artiller\u00eda se transforma en un laboratorio esc\u00e9nico donde conviven m\u00fasica, danza y palabra. Es una obra que refleja la capacidad del festival para dialogar con la contemporaneidad y abrir la \u00f3pera a nuevas miradas\u00bb, ha se\u00f1alado Angie Moreno.<\/p>\n<p style=\"text-align: justify;\">\u00a0<\/p>\n<p><strong>Il Califfo di Bagdad en el Real Alc\u00e1zar<\/strong><\/p>\n<p style=\"text-align: justify;\">El <strong>Real Alc\u00e1zar<\/strong>, cuyas dos funciones han agotado todas sus localidades, tomar\u00e1 el relevo ma\u00f1ana y el s\u00e1bado, 26 y 27 de septiembre, con Il Califfo di Bagdad, partitura de Manuel Garc\u00eda que devuelve al presente la herencia sevillana en la historia de la \u00f3pera. La producci\u00f3n cuenta con direcci\u00f3n esc\u00e9nica de <strong>Guillermo Amaya<\/strong> y direcci\u00f3n musical de <strong>Alessandro D\u2019Agostini<\/strong>, con la asistencia de <strong>Francesco Massimi<\/strong>, adem\u00e1s de la escenograf\u00eda de <strong>Juan Ruesga<\/strong>, la iluminaci\u00f3n de <strong>Adolfo Carmona<\/strong> y el vestuario de <strong>Nino Baut\u00ed<\/strong>.<\/p>\n<p style=\"text-align: justify;\">Sobre el escenario, la <strong>Real Orquesta Sinf\u00f3nica de Sevilla<\/strong> y el <strong>Joven Coro de Andaluc\u00eda<\/strong> acompa\u00f1ar\u00e1n a un elenco encabezado por el tenor <strong>Juan de Dios Mateos<\/strong> en el rol del califa Isa\u00fan, junto a la soprano <strong>Leonor Bonilla<\/strong> como Zetulb\u00e9, el tenor <strong>Pepe Hannan<\/strong> como Jemald\u00e9n, la mezzosoprano <strong>Alicia Naranjo<\/strong> como Kesia, la mezzosoprano <strong>Nerea Berraondo<\/strong> como Lemed\u00e9 y el bajo-bar\u00edtono <strong>Eugenio Maria Degiacomi<\/strong> en el papel de El Cad\u00ed.<\/p>\n<p style=\"text-align: justify;\">Para Angie Moreno, la recuperaci\u00f3n de esta obra supone un gesto decisivo: \u00abComenzar con Manuel Garc\u00eda, en el a\u00f1o del 250 aniversario de su nacimiento, es reafirmar la ra\u00edz sevillana de la \u00f3pera. Il Califfo di Bagdad nos conecta con un creador universal nacido en esta ciudad y demuestra que Sevilla no solo fue escenario de grandes historias l\u00edricas, sino tambi\u00e9n cuna de sus compositores. Comenzar el festival con esta obra, en un lugar tan emblem\u00e1tico como el Alc\u00e1zar, es toda una declaraci\u00f3n de intenciones\u00bb.<\/p>\n<p style=\"text-align: justify;\">La delegada ha subrayado adem\u00e1s la dimensi\u00f3n del proyecto: \u00abEste festival nace con la ambici\u00f3n de consolidar a Sevilla como capital oper\u00edstica en el \u00e1mbito internacional. Queremos que cada edici\u00f3n sea un encuentro con nuestro patrimonio, con la vanguardia y con la diversidad de voces que hacen de la \u00f3pera un arte total\u00bb.<\/p>\n<p style=\"text-align: justify;\">Con estas dos primeras producciones \u2014y con las localidades ya agotadas en sus estrenos\u2014, el Festival de \u00d3pera de Sevilla se pone en marcha como nueva cita bienal que, hasta el 12 de octubre, desplegar\u00e1 \u00f3peras, recitales y actividades en siete espacios patrimoniales de la ciudad, entre ellos el Teatro de la Maestranza, el Espacio Turina y las Casas Palacio.<\/p>\n<p style=\"text-align: justify;\">\u00a0<\/p>\n<p><strong>Un fin de semana entre la \u00f3pera \u00edntima y la gran voz del bel canto<\/strong><\/p>\n<p style=\"text-align: justify;\">Tras la inauguraci\u00f3n en la Real F\u00e1brica de Artiller\u00eda y el Alc\u00e1zar, la programaci\u00f3n continuar\u00e1 el <strong>domingo 28 de septiembre<\/strong> con una doble cita. Por un lado, las Casas Palacio abrir\u00e1n su cap\u00edtulo l\u00edrico con Quien porf\u00eda mucho alcanza, de Manuel Garc\u00eda, que se presentar\u00e1 en el <strong>Palacio de las Due\u00f1as<\/strong> en formato \u00edntimo y adaptado al car\u00e1cter hist\u00f3rico de estos espacios. Bajo la direcci\u00f3n esc\u00e9nica de <strong>Emiliano Su\u00e1rez<\/strong> y la direcci\u00f3n musical de <strong>Rub\u00e9n S\u00e1nchez Vieco<\/strong>, el elenco estar\u00e1 formado por <strong>Carolina Moncada<\/strong>, <strong>Gerardo Bull\u00f3n<\/strong>, <strong>Pancho Corujo<\/strong> y <strong>Ruth Ter\u00e1n<\/strong>, acompa\u00f1ados por el <strong>Cuarteto Palat\u00edn<\/strong>.<br \/>Este mismo t\u00edtulo se podr\u00e1 disfrutar los d\u00edas <strong>29 y 30 de septiembre en Casa Salinas y el Hospital de la Caridad<\/strong> respectivamente.\u00a0<\/p>\n<p style=\"text-align: justify;\">Ese mismo d\u00eda, el <strong>Espacio Turina<\/strong> acoger\u00e1 el primero de sus recitales, a las 12h: la mezzosoprano <strong>Vivica Genaux<\/strong>, gran referencia internacional del bel canto, ofrecer\u00e1 a las 12:00 horas un programa dedicado a Domenico Scarlatti junto a <strong>Carles Blanch<\/strong> (archila\u00fad), <strong>Rami Alqhai<\/strong> (viola da gamba) y <strong>Egon Mihajlovic<\/strong> (clave). Este concierto marcar\u00e1 el arranque de un ciclo de recitales que subrayar\u00e1 la versatilidad del g\u00e9nero l\u00edrico en di\u00e1logo con el patrimonio musical europeo.<\/p>\n<p style=\"text-align: justify;\">De esta forma, el Festival de \u00d3pera de Sevilla, tras inaugurar su recorrido con la contemporaneidad de Philip Glass y el patrimonio recuperado de Manuel Garc\u00eda, se adentrar\u00e1 en un fin de semana que une la intimidad de la \u00f3pera de sal\u00f3n con la excelencia vocal de una de las grandes figuras internacionales del canto.<\/p>\n<p style=\"text-align: justify;\">\u00a0<\/p>\n<p style=\"text-align: justify;\">El <strong>Festival de \u00d3pera de Sevilla<\/strong> est\u00e1 organizado por el <strong>Ayuntamiento de Sevilla<\/strong> a trav\u00e9s de su delegaci\u00f3n de Cultura y Turismo con el <strong>patrocinio de UNICAJA, Getyourguide y la Asociaci\u00f3n de Hoteleros de Sevilla<\/strong>, y con la colaboraci\u00f3n del <strong>Instituto Polaco<\/strong>, la <strong>ASAO \u2013 Asociaci\u00f3n Sevillana de Amigos de la \u00d3pera<\/strong>, la <strong>Fundaci\u00f3n Abades<\/strong>, <strong>CaixaForum Sevilla<\/strong>, <strong>Casas Palacio de Sevilla, <\/strong>la <strong>Real Maestranza de Caballer\u00eda de Sevilla y la Universidad Loyola.<\/strong><\/p>\n<p>\u00a0<\/p>\n<p><strong>M\u00e1s informaci\u00f3n: <\/strong><a href=\"http:\/\/www.sevilla.org\/festivaldeopera\" rel=\"nofollow noopener\" target=\"_blank\"><strong>festivaldeopera<\/strong><\/a><\/p>\n","protected":false},"excerpt":{"rendered":"Sevilla, jueves 25 de septiembre de 2025.- El Festival de \u00d3pera de Sevilla, organizado por el Ayuntamiento de&hellip;\n","protected":false},"author":2,"featured_media":137857,"comment_status":"","ping_status":"","sticky":false,"template":"","format":"standard","meta":{"footnotes":""},"categories":[91],"tags":[146,147,25,24,23],"class_list":{"0":"post-137856","1":"post","2":"type-post","3":"status-publish","4":"format-standard","5":"has-post-thumbnail","7":"category-entretenimiento","8":"tag-entertainment","9":"tag-entretenimiento","10":"tag-es","11":"tag-espana","12":"tag-spain"},"share_on_mastodon":{"url":"","error":""},"_links":{"self":[{"href":"https:\/\/www.europesays.com\/es\/wp-json\/wp\/v2\/posts\/137856","targetHints":{"allow":["GET"]}}],"collection":[{"href":"https:\/\/www.europesays.com\/es\/wp-json\/wp\/v2\/posts"}],"about":[{"href":"https:\/\/www.europesays.com\/es\/wp-json\/wp\/v2\/types\/post"}],"author":[{"embeddable":true,"href":"https:\/\/www.europesays.com\/es\/wp-json\/wp\/v2\/users\/2"}],"replies":[{"embeddable":true,"href":"https:\/\/www.europesays.com\/es\/wp-json\/wp\/v2\/comments?post=137856"}],"version-history":[{"count":0,"href":"https:\/\/www.europesays.com\/es\/wp-json\/wp\/v2\/posts\/137856\/revisions"}],"wp:featuredmedia":[{"embeddable":true,"href":"https:\/\/www.europesays.com\/es\/wp-json\/wp\/v2\/media\/137857"}],"wp:attachment":[{"href":"https:\/\/www.europesays.com\/es\/wp-json\/wp\/v2\/media?parent=137856"}],"wp:term":[{"taxonomy":"category","embeddable":true,"href":"https:\/\/www.europesays.com\/es\/wp-json\/wp\/v2\/categories?post=137856"},{"taxonomy":"post_tag","embeddable":true,"href":"https:\/\/www.europesays.com\/es\/wp-json\/wp\/v2\/tags?post=137856"}],"curies":[{"name":"wp","href":"https:\/\/api.w.org\/{rel}","templated":true}]}}