{"id":137870,"date":"2025-09-25T12:03:11","date_gmt":"2025-09-25T12:03:11","guid":{"rendered":"https:\/\/www.europesays.com\/es\/137870\/"},"modified":"2025-09-25T12:03:11","modified_gmt":"2025-09-25T12:03:11","slug":"gema-pascual-vamos-con-todo-con-paula-blasi","status":"publish","type":"post","link":"https:\/\/www.europesays.com\/es\/137870\/","title":{"rendered":"Gema Pascual: \u00abVamos con todo con Paula Blasi\u00bb"},"content":{"rendered":"<p style=\"text-align: justify;\">La <strong>Uni\u00f3n Ciclista Internacional (UCI)<\/strong> decidi\u00f3 separar por fin los <strong>Campeonatos del Mundo femeninos en elite por un lado y, por primera vez, en sub-23<\/strong> por otro, en lugar de competir mezcladas por dos oros que en ocasiones desvirtuaba la competici\u00f3n. Esta distinci\u00f3n m\u00e1s igualitaria es un regalo para la selecci\u00f3n espa\u00f1ola porque una de las revelaciones de la temporada, la catalana <strong>Paula Blasi<\/strong>, tiene opciones seria de podio -quiz\u00e1 una de las m\u00e1s claras de la selecci\u00f3n-, aunque debe recuperarse de su fiasco en la cronometrada individual que parece encarrilado tras una nueva contrarreloj mixta. A su lado estar\u00e1n las hermanas <strong>Laura y Luc\u00eda Ruiz<\/strong> y <strong>Ainara Albert<\/strong>. Un cuarteto que dirigir\u00e1 <strong>Gema Pascual<\/strong> que desgrana para este medio una carrera hist\u00f3rica.<\/p>\n<p><a href=\"https:\/\/www.ciclo21.com\/mundial-kigali-2025-sub-23-feminas\/\" target=\"_blank\" rel=\"noopener nofollow\"><strong>PREVIA CAMPEONATO MUNDO F\u00c9MINAS SUB-23<\/strong><\/a><\/p>\n<p><a href=\"https:\/\/www.ciclo21.com\/wp-content\/uploads\/2025\/09\/blasi-ruiz.jpg\" rel=\"nofollow noopener\" target=\"_blank\"><img fetchpriority=\"high\" decoding=\"async\" aria-describedby=\"caption-attachment-448320\" class=\"size-large wp-image-448320 lazy\" src=\"data:image\/svg+xml,%3Csvg%20xmlns=\" http:=\"\" data-src=\"https:\/\/www.europesays.com\/es\/wp-content\/uploads\/2025\/09\/blasi-ruiz-1024x682.jpg\" alt=\"\" width=\"620\" height=\"413\" data- data-\/><\/a><\/p>\n<p id=\"caption-attachment-448320\" class=\"wp-caption-text\">Blasi y las hermanas Ruiz \u00a9 RFEC<\/p>\n<p style=\"text-align: justify;\"><strong><a href=\"https:\/\/x.com\/fernanferrari\" target=\"_blank\" rel=\"noopener nofollow\">Fernando Ferrari.<\/a> Kigali (Ruanda). Enviado especial <a href=\"https:\/\/www.ciclo21.com\/whatsapp-telegram-2025\/\" target=\"_blank\" rel=\"noopener nofollow\">Ciclo 21<\/a><\/strong><\/p>\n<p style=\"text-align: justify;\"><strong>-\u00bfC\u00f3mo analiza este primera edici\u00f3n exclusiva para las sub-23?<\/strong><\/p>\n<p style=\"text-align: justify;\">-Bueno, pues a final ya hemos visto hoy que era un recorrido exigente, muy r\u00e1pido tambi\u00e9n porque tiene unas zonas muy veloces y un circuito muy resolutivo al final. Creo que vamos a encontrar una carrera dura. Es la primera vez que nos enfrentamos a un Campeonato del Mundo sub-23 femenino y por tanto vamos a ver c\u00f3mo se afronta. Hasta ahora ya ven\u00edamos arrastrando que era una carrera dentro de otra y eso tambi\u00e9n influ\u00eda la resoluci\u00f3n final. Ahora nos encontramos una una nueva situaci\u00f3n. Bien es cierto que ya han corrido de t\u00fa a t\u00fa, en el Porvenir, Europeos y dem\u00e1s, pero estamos ante una nueva competici\u00f3n que puede marcar la forma de correr.<\/p>\n<p style=\"text-align: justify;\"><strong>-Obviamente, entiendo que para usted como seleccionadora es mejor para mayor pureza de la competici\u00f3n.<\/strong><\/p>\n<p style=\"text-align: justify;\">-S\u00ed, claro. Al final, creo que si no nos encontrar\u00edamos un vac\u00edo. Los chicos ya lo tienen hace a\u00f1os y nosotras hasta este a\u00f1o no lo hemos podido tener y creo que es un campeonato necesario. Hemos de tener esa escalera y no un precipicio en esa competici\u00f3n. Creo que se est\u00e1 logrando y por tanto era m\u00e1s que necesario. Ahora vamos a ver. Tambi\u00e9n nos encontramos que este a\u00f1o todav\u00eda la normativa de los equipos del World Tour no de aplica. Por lo menos este a\u00f1o se ve beneficiada Blasi y las hermanas Ruiz. Eso al final es tambi\u00e9n parte del juego.<\/p>\n<p style=\"text-align: justify;\"><strong>-\u00bfLe preocupa el mal momento de Paula Blasi en la contrarreloj individual o ya se ha recuperado? \u00bfSigue siendo una baza para el podio?<\/strong><\/p>\n<p style=\"text-align: justify;\">-Para m\u00ed s\u00ed es en una baza muy importante. Que empiece una buena carrera y vamos a ver. Es verdad que la contrarreloj le sali\u00f3 mal, pero porque no tuvo piernas ese d\u00eda, desde el principio. Se pod\u00eda analizar de muchas maneras, pero no hab\u00eda piernas del principio. Ahora Paula est\u00e1 bien, no hay ning\u00fan problema. Fue un d\u00eda malo, confiamos ciento por ciento en ella y hoy adem\u00e1s en la crono mixta se ha encontrado muy bien. Est\u00e1 acostumbrada a situaciones de carga de dos d\u00edas y creo que ha sido muy beneficioso tenerla en la contrarreloj mixta. Estaba recuperada y estaba convencida de que estaba bien, que simplemente fue un d\u00eda malo el d\u00eda de la crono individual y que ma\u00f1ana va a por todas.<\/p>\n<p style=\"text-align: justify;\"><strong>-\u00bfQu\u00e9 dorsales tienen marcados para la prueba?<\/strong><\/p>\n<p style=\"text-align: justify;\">-Sobre tenemos marcada a la brit\u00e1nica Cat Ferguson y a la canadiense Isabella Holmgren y la italiana Eleonora Ciabocco que es muy peligrosa. Son corredoras con diferentes perfiles que vienen de brillar en Porvenir y Ard\u00e8che y hemos de tenerlo en cuenta. Nos vamos a encontrar varias elecciones con corredoras sub-23 y no podemos despistarnos. Creo que tambi\u00e9n el circuito va a ser muy selectivo para marcar y como tengas un d\u00eda mal,\u00a0 no te da tiempo para recuperarte y eso tambi\u00e9n es importante para al final.<\/p>\n<p style=\"text-align: justify;\"><strong>-\u00bfQu\u00e9 estrategia tiene pensada?<\/strong><\/p>\n<p style=\"text-align: justify;\">-A\u00fan no he hablado con las chicas, pero s\u00ed con Paula. Lo importante era que recuperara un poco las sensaciones, sin presionarla. Quer\u00eda\u00a0 ver que estaba bien en la contrarreloj. La prueba ha sido positiva y a partir de ah\u00ed, pues evidentemente vamos a todo con Paula. Confiemos que podamos llevar la carrera tampoco controlada, pero s\u00ed apoyarla en todo lo que se pueda y ver un poco tambi\u00e9n el movimiento de otras selecciones. Es una carrera nueva, es un Mundial que nunca se ha disputado y creo que tambi\u00e9n es muy importante para la competici\u00f3n y para las corredoras y las selecciones.<\/p>\n","protected":false},"excerpt":{"rendered":"La Uni\u00f3n Ciclista Internacional (UCI) decidi\u00f3 separar por fin los Campeonatos del Mundo femeninos en elite por un&hellip;\n","protected":false},"author":2,"featured_media":137871,"comment_status":"","ping_status":"","sticky":false,"template":"","format":"standard","meta":{"footnotes":""},"categories":[273],"tags":[313,312,168,25,24,43416,39237,43417,23,167],"class_list":{"0":"post-137870","1":"post","2":"type-post","3":"status-publish","4":"format-standard","5":"has-post-thumbnail","7":"category-ciclismo","8":"tag-ciclismo","9":"tag-cycling","10":"tag-deportes","11":"tag-es","12":"tag-espana","13":"tag-gema-pascual","14":"tag-mundial-kigali","15":"tag-paula-blasi","16":"tag-spain","17":"tag-sports"},"share_on_mastodon":{"url":"","error":""},"_links":{"self":[{"href":"https:\/\/www.europesays.com\/es\/wp-json\/wp\/v2\/posts\/137870","targetHints":{"allow":["GET"]}}],"collection":[{"href":"https:\/\/www.europesays.com\/es\/wp-json\/wp\/v2\/posts"}],"about":[{"href":"https:\/\/www.europesays.com\/es\/wp-json\/wp\/v2\/types\/post"}],"author":[{"embeddable":true,"href":"https:\/\/www.europesays.com\/es\/wp-json\/wp\/v2\/users\/2"}],"replies":[{"embeddable":true,"href":"https:\/\/www.europesays.com\/es\/wp-json\/wp\/v2\/comments?post=137870"}],"version-history":[{"count":0,"href":"https:\/\/www.europesays.com\/es\/wp-json\/wp\/v2\/posts\/137870\/revisions"}],"wp:featuredmedia":[{"embeddable":true,"href":"https:\/\/www.europesays.com\/es\/wp-json\/wp\/v2\/media\/137871"}],"wp:attachment":[{"href":"https:\/\/www.europesays.com\/es\/wp-json\/wp\/v2\/media?parent=137870"}],"wp:term":[{"taxonomy":"category","embeddable":true,"href":"https:\/\/www.europesays.com\/es\/wp-json\/wp\/v2\/categories?post=137870"},{"taxonomy":"post_tag","embeddable":true,"href":"https:\/\/www.europesays.com\/es\/wp-json\/wp\/v2\/tags?post=137870"}],"curies":[{"name":"wp","href":"https:\/\/api.w.org\/{rel}","templated":true}]}}