{"id":137878,"date":"2025-09-25T12:10:08","date_gmt":"2025-09-25T12:10:08","guid":{"rendered":"https:\/\/www.europesays.com\/es\/137878\/"},"modified":"2025-09-25T12:10:08","modified_gmt":"2025-09-25T12:10:08","slug":"no-estamos-para-blanquear-ni-exaltar-el-franquismo","status":"publish","type":"post","link":"https:\/\/www.europesays.com\/es\/137878\/","title":{"rendered":"No estamos para blanquear ni exaltar el franquismo"},"content":{"rendered":"<p class=\"article-text\">\n        <strong>Jos\u00e9 Pablo L\u00f3pez<\/strong> y <strong>Manuel Mariscal Zabala<\/strong> han protagonizado un nuevo intercambio de acusaciones en la Comisi\u00f3n Mixta de Control Parlamentario de <strong>RTVE<\/strong>. Y decimos &#8216;nuevo&#8217; porque es habitual que el presidente de la radiotelevisi\u00f3n p\u00fablica y el diputado de Vox <a href=\"https:\/\/www.eldiario.es\/vertele\/noticias\/video-presidente-rtve-jose-pablo-lopez-demuestra-mentira-vox-pide-rectificar-ironia-bulo-transigido-manuel-mariscal-zabala-diputado_1_12255725.html\" target=\"_blank\" data-mrf-recirculation=\"links-noticia\" class=\"link\" rel=\"nofollow noopener\">defiendan opiniones opuestas<\/a> cada vez que coinciden en el Congreso.\n    <\/p>\n<p>    <a href=\"https:\/\/www.eldiario.es\/vertele\/videos\/actualidad\/sarah-santaolalla-llama-ortega-smith-fascista-atacar-inmigracion-nacho-abad-frena-hazme-caso_7_12631453.html\" data-mrf-recirculation=\"saber-mas\" data-dl-event=\"saber-mas\" rel=\"nofollow noopener\" target=\"_blank\"><\/p>\n<p class=\"know-more__title\">Sarah Santaolalla llama a Ortega Smith \u00abfascista\u00bb por atacar a la inmigraci\u00f3n, y Nacho Abad la frena: \u00abHazme caso\u00bb<\/p>\n<p>            <img decoding=\"async\" class=\"lazy\" loading=\"lazy\" data-src=\"https:\/\/static.eldiario.es\/clip\/c5396c12-3255-4b6d-b188-d9face9471fe_16-9-aspect-ratio_default_0.jpg\" src=\"data:image\/svg+xml,%3Csvg xmlns=\" http:=\"\" viewbox=\"0 0 880 495\" alt=\"Sarah Santaolalla llama a Ortega Smith &quot;fascista&quot; por atacar a la inmigraci\u00f3n, y Nacho Abad la frena: &quot;Hazme caso&quot;\"\/><\/p>\n<p>                            <img decoding=\"async\" class=\"ni-multimedia\" src=\"https:\/\/www.eldiario.es\/assets\/img\/svg\/icons\/gallery-video.h-2e826467718e0ad0cb33a0bdb174f603.svg\" alt=\"Sarah Santaolalla llama a Ortega Smith &quot;fascista&quot; por atacar a la inmigraci\u00f3n, y Nacho Abad la frena: &quot;Hazme caso&quot;\"\/><br \/>\n                        <\/a><\/p>\n<p class=\"article-text\">\n        El encuentro entre ambos vivido este jueves ven\u00eda precedido por una amenaza de Mariscal, que en la tarde del mi\u00e9rcoles manifest\u00f3 su intenci\u00f3n de <a href=\"https:\/\/www.eldiario.es\/vertele\/noticias\/diputado-vox-manuel-mariscal-zabala-marc-giro-despedido-late-xou-rtve-varon-espanol_1_12630138.html\" target=\"_blank\" data-mrf-recirculation=\"links-noticia\" class=\"link\" rel=\"nofollow noopener\">\u201cdespedir fulminantemente\u201d a Marc Gir\u00f3<\/a> cuando su partido \u201cllegue a RTVE\u201d por haberse \u201cre\u00eddo de los espa\u00f1oles\u201d con su \u00faltimo mon\u00f3logo en Late Xou, que el catal\u00e1n dedic\u00f3 al \u201cvar\u00f3n espa\u00f1ol\u201d. El diputado de Vox ha extendido esta acusaci\u00f3n al resto de \u201cpresentadores y tertulianos de RTVE\u201d, as\u00ed como al presidente de la Corporaci\u00f3n, a los que tambi\u00e9n ha acusado de <strong>\u201cinsultar\u201d a los espa\u00f1oles<\/strong> y de \u201cse\u00f1alar a los hombres\u201d nacidos en nuestro pa\u00eds \u201cdici\u00e9ndoles que tienen conductas machistas\u201d.\n    <\/p>\n<p class=\"article-text\">\n        Durante su intervenci\u00f3n, el ultraderechista tambi\u00e9n ha criticado a la radiotelevisi\u00f3n p\u00fablica por dedicar \u201choras y horas a guerras y conflictos que se encuentran a miles de kil\u00f3metros de nuestro pa\u00eds mientras ocultan los problemas reales de los espa\u00f1oles y los casos de corrupci\u00f3n que rodean a este Gobierno\u201d. Adem\u00e1s, ha se\u00f1alado directamente a varios presentadores de La 1: \u201cLos espa\u00f1oles est\u00e1n hartos de ver la sonrisa que se dibuja en la cara de <strong>Javier Ruiz<\/strong>, <strong>Jes\u00fas Cintora<\/strong>, <strong>Silvia Intxaurrondo<\/strong>, <strong>Buenafuente<\/strong> y otros tantos mientras se est\u00e1n llenando los bolsillos a manos llenas e insultan, manipulan y mienten a los espa\u00f1oles\u201d. \u201cSolo tenemos una duda: si entraremos en RTVE <strong>con motosierra o con lanzallamas<\/strong>\u201d, ha concluido Mariscal.\n    <\/p>\n<p class=\"article-text\">\n        Jos\u00e9 Pablo L\u00f3pez ha empezado con sorna su turno de r\u00e9plica: \u201cYa veo que el mon\u00f3logo de Marc Gir\u00f3 sobre el var\u00f3n espa\u00f1ol no le ha gustado. Y mire que lo siento, porque a m\u00ed me parece muy gracioso. <strong>No ha afectado a mi virilidad<\/strong>, que como todo el mundo sabe, la mantengo intacta despu\u00e9s de haber visto el mon\u00f3logo de Marc Gir\u00f3\u201d.\n    <\/p>\n<p>    \u201cRTVE no est\u00e1 para exaltar el franquismo\u201d<\/p>\n<p class=\"article-text\">\n        A continuaci\u00f3n, el presidente de RTVE se ha puesto serio para enumerar todo aquello para lo que no est\u00e1 el ente. \u201cNo estamos para exaltar un <strong>nacionalismo espa\u00f1ol excluyente<\/strong> que enfrenta a los territorios y a los ciudadanos que viven en nuestro pa\u00eds, como usted hace. No estamos para promover el se\u00f1alamiento al que piensa diferente ni para juzgar el patriotismo de la gente por su orientaci\u00f3n y voto. No estamos para usar estad\u00edsticas manipuladas que se\u00f1alan al inmigrante como el origen de los problemas de nuestra sociedad, <strong>ni tampoco para hundir barcos<\/strong> que van a rescatar a gente que se est\u00e1 hundiendo en el mar. No estamos tampoco para deshumanizar a los menores no acompa\u00f1ados\u201d, ha comentado de inicio.\n    <\/p>\n<blockquote class=\"twitter-tweet\" data-lang=\"es\"><p><a href=\"https:\/\/twitter.com\/X\/status\/1971179248259100971?ref_src=twsrc%5Etfw\" rel=\"nofollow noopener\" target=\"_blank\"><\/p><\/blockquote>\n<p class=\"article-text\">\n        \u201cNo estamos para <strong>atacar a las lenguas cooficiales<\/strong> de Espa\u00f1a distintas al castellano, sino para poner en valor su riqueza. No estamos para difundir bulos racistas, como hicieron ustedes en Torre Pacheco y Jumilla. Al contrario, estamos para desmontarlos. No estamos para blanquear <strong>ni exaltar el franquismo<\/strong> porque, al contrario de lo que usted opina, no creemos en RTVE que la dictadura fuese una etapa de progreso y reconciliaci\u00f3n, sino todo lo contrario\u201d, ha dicho a continuaci\u00f3n.\n    <\/p>\n<p>    <a href=\"https:\/\/www.eldiario.es\/vertele\/noticias\/diputado-vox-manuel-mariscal-zabala-marc-giro-despedido-late-xou-rtve-varon-espanol_1_12630138.html\" data-mrf-recirculation=\"saber-mas-abajo\" data-dl-event=\"saber-mas-abajo\" rel=\"nofollow noopener\" target=\"_blank\"><\/p>\n<p class=\"know-more__title\">Un diputado de Vox amenaza con \u201cdespedir fulminantemente\u201d a Marc Gir\u00f3 cuando su partido \u201cllegue a RTVE\u201d\n<\/p>\n<p>            <img decoding=\"async\" class=\"lazy\" loading=\"lazy\" data-src=\"https:\/\/static.eldiario.es\/clip\/6e9fc228-eaa6-4fd4-b6bf-a54846b2b4bf_16-9-aspect-ratio_default_0.jpg\" src=\"data:image\/svg+xml,%3Csvg xmlns=\" http:=\"\" viewbox=\"0 0 880 495\" alt=\"Un diputado de Vox amenaza con &quot;despedir fulminantemente&quot; a Marc Gir\u00f3 cuando su partido &quot;llegue a RTVE&quot;\"\/><\/p>\n<p>                        <\/a><\/p>\n<p class=\"article-text\">\n        Por \u00faltimo, Jos\u00e9 Pablo L\u00f3pez ha a\u00f1adido lo siguiente para dar por finalizada su respuesta al diputado de Vox: \u201cNo estamos para <strong>atacar al cine espa\u00f1ol<\/strong>, ni a sus actores ni a sus directores. Tampoco estamos para proyectar una imagen monol\u00edtica de la cultura espa\u00f1ola. Y por supuesto, y aunque a usted le pese, no estamos ni para ocultar el <strong>genocidio que se est\u00e1 produciendo en Gaza<\/strong> ni para defender la masacre de civiles de ni\u00f1os\u201d.\n    <\/p>\n<p>                <script async src=\"https:\/\/platform.twitter.com\/widgets.js\" charset=\"utf-8\"><\/script><\/p>\n","protected":false},"excerpt":{"rendered":"Jos\u00e9 Pablo L\u00f3pez y Manuel Mariscal Zabala han protagonizado un nuevo intercambio de acusaciones en la Comisi\u00f3n Mixta&hellip;\n","protected":false},"author":2,"featured_media":137879,"comment_status":"","ping_status":"","sticky":false,"template":"","format":"standard","meta":{"footnotes":""},"categories":[171],"tags":[5608,34235,5443,146,147,25,24,43420,43421,1470,13040,689,518,23,214,624],"class_list":{"0":"post-137878","1":"post","2":"type-post","3":"status-publish","4":"format-standard","5":"has-post-thumbnail","7":"category-tv","8":"tag-ataques","9":"tag-blanquear","10":"tag-defiende","11":"tag-entertainment","12":"tag-entretenimiento","13":"tag-es","14":"tag-espana","15":"tag-estamos","16":"tag-exaltar","17":"tag-franquismo","18":"tag-jose-pablo-lopez","19":"tag-no","20":"tag-rtve","21":"tag-spain","22":"tag-tv","23":"tag-vox"},"share_on_mastodon":{"url":"","error":""},"_links":{"self":[{"href":"https:\/\/www.europesays.com\/es\/wp-json\/wp\/v2\/posts\/137878","targetHints":{"allow":["GET"]}}],"collection":[{"href":"https:\/\/www.europesays.com\/es\/wp-json\/wp\/v2\/posts"}],"about":[{"href":"https:\/\/www.europesays.com\/es\/wp-json\/wp\/v2\/types\/post"}],"author":[{"embeddable":true,"href":"https:\/\/www.europesays.com\/es\/wp-json\/wp\/v2\/users\/2"}],"replies":[{"embeddable":true,"href":"https:\/\/www.europesays.com\/es\/wp-json\/wp\/v2\/comments?post=137878"}],"version-history":[{"count":0,"href":"https:\/\/www.europesays.com\/es\/wp-json\/wp\/v2\/posts\/137878\/revisions"}],"wp:featuredmedia":[{"embeddable":true,"href":"https:\/\/www.europesays.com\/es\/wp-json\/wp\/v2\/media\/137879"}],"wp:attachment":[{"href":"https:\/\/www.europesays.com\/es\/wp-json\/wp\/v2\/media?parent=137878"}],"wp:term":[{"taxonomy":"category","embeddable":true,"href":"https:\/\/www.europesays.com\/es\/wp-json\/wp\/v2\/categories?post=137878"},{"taxonomy":"post_tag","embeddable":true,"href":"https:\/\/www.europesays.com\/es\/wp-json\/wp\/v2\/tags?post=137878"}],"curies":[{"name":"wp","href":"https:\/\/api.w.org\/{rel}","templated":true}]}}