{"id":137880,"date":"2025-09-25T12:12:12","date_gmt":"2025-09-25T12:12:12","guid":{"rendered":"https:\/\/www.europesays.com\/es\/137880\/"},"modified":"2025-09-25T12:12:12","modified_gmt":"2025-09-25T12:12:12","slug":"tengo-un-compromiso-que-comparto-con-mis-dos-hermanos-javier-y-con-monica-que-es-no-hacer-nada-que-no-enorgulleceria-a-mi-madre","status":"publish","type":"post","link":"https:\/\/www.europesays.com\/es\/137880\/","title":{"rendered":"\u201cTengo un compromiso que comparto con mis dos hermanos, Javier y con M\u00f3nica, que es no hacer nada que no enorgullecer\u00eda a mi madre\u201d"},"content":{"rendered":"<p data-gtm-element-container=\"modulo-texto-link\" class=\"paragraph\">El mayor de los hijos de Pilar Bardem, hermano de M\u00f3nica y Javier, es actor, escritor y guionista, pero su compromiso con los derechos humanos y su activismo le han convertido adem\u00e1s en un reconocido pensador cr\u00edtico y un brillante intelectual con voz propia.\u00a0Hace unas semanas gan\u00f3 el Premio La Cultura Comprometida que otorga la Asociaci\u00f3n Arte y Memoria por su compromiso con los cambios sociales y pol\u00edticos que han marcado la historia reciente de Espa\u00f1a y por su habilidad a la hora de reflejarlos en sus creaciones art\u00edsticas.<\/p>\n<p data-gtm-element-container=\"modulo-texto-link\" class=\"paragraph\">Con nueva novela en las librer\u00edas,\u00a0Badaq, con una serie acaba de estrenar en televisi\u00f3n,\u00a0La agencia,\u00a0y con una pel\u00edcula a punto de entrar en salas,\u00a0In the grey, Bardem reconoce c\u00f3mo ha conseguido pasar de estar en conflicto permanente con el mundo a caerse un poco mejor y cuidarse mental y f\u00edsicamente.<\/p>\n<blockquote>\n<p>        Estamos asistiendo por primera vez en la historia a un genocidio en tiempo real en 4K. Muchas personas lo justifican y lo aplauden, pero esto no debe llevarnos a la desesperanza<\/p>\n<p>            Carlos Bardem62 a\u00f1os<\/p>\n<\/blockquote>\n<p>        Lee tambi\u00e9n<\/p>\n<p>    X\u00e8nia Lobo<\/p>\n<p>             <img loading=\"lazy\" decoding=\"async\" data-full-src=\"https:\/\/www.lavanguardia.com\/uploads\/2025\/09\/08\/68be94ac08018.jpeg\" alt=\"Horizontal\" width=\"104\" height=\"108\" src=\"https:\/\/www.europesays.com\/es\/wp-content\/uploads\/2025\/09\/68be94ac08018.r_d.2340-1343.jpeg\" class=\"lazy\"\/><\/p>\n<p data-gtm-element-container=\"modulo-texto-link\" class=\"paragraph\"><strong>Usted, que como actor y como escritor tanto ha indagado en la sociedad actual y en la complejidad humana, \u00bfha llegado a entender por qu\u00e9 a veces nos sentimos tan c\u00f3modos sacando lo peor de nosotros mismos?<\/strong><\/p>\n<p data-gtm-element-container=\"modulo-texto-link\" class=\"paragraph\">Yo dir\u00eda que la gente que se deja llevar por estos comportamientos o por estas ideas es gente asustada. La violencia y todas las ideolog\u00edas del odio tienen una ra\u00edz profunda en el miedo a perder lo que tienes, al cambio, pero la ciencia y la historia nos muestran que los grandes per\u00edodos de florecimiento de la humanidad siempre han venido de la mano de lo solidario, de lo colaborativo. La historia es dial\u00e9ctica y, a momentos de mucha incertidumbre y violencia, se suceden momentos de profunda humanidad. Un ejemplo es la Declaraci\u00f3n Universal de los Derechos Humanos, que surge despu\u00e9s de la atrocidad del holocausto nazi.\u00a0<\/p>\n<p data-gtm-element-container=\"modulo-texto-link\" class=\"paragraph\"><strong>\u00bfCree que esa din\u00e1mica entre miedo, violencia y esperanza tambi\u00e9n se refleja en los grandes conflictos contempor\u00e1neos y en la forma en que reaccionamos ante ellos como sociedad?<\/strong><\/p>\n<p data-gtm-element-container=\"modulo-texto-link\" class=\"paragraph\">Ahora estamos asistiendo por primera vez en la historia a un genocidio en tiempo real en 4K. Muchas personas lo justifican y lo aplauden, pero esto no debe llevarnos a la desesperanza, sino a actuar y a defender lo que sea necesario. Vivimos en un mundo donde predomina una visi\u00f3n muy cortoplacista de la pol\u00edtica. Si la gente se une, sale, grita y boicotea a los genocidas, eso puede llevar a cambios pr\u00e1cticos e importantes en el caso del genocidio de Gaza.<\/p>\n<p>    Lee tambi\u00e9n<\/p>\n<p data-gtm-element-container=\"modulo-texto-link\" class=\"paragraph\"><strong>\u00bfC\u00f3mo consigue ser tan optimista?<\/strong><\/p>\n<p data-gtm-element-container=\"modulo-texto-link\" class=\"paragraph\">Una receta muy sencilla es aislarme del ruido permanente, de la intoxicaci\u00f3n de las redes sociales, y procurar informarme, leer y escuchar a quienes verdaderamente saben de los problemas del mundo y ofrecen soluciones. Unas soluciones que siempre son complejas, porque los problemas lo son y hay que desconfiar de quienes ofrecen soluciones m\u00e1gicas e inmediatas. Creo que en esta sociedad de la inmediatez t\u00f3xica en la que vivimos, uno de los mayores actos revolucionarios que podemos ejecutar de manera individual es abrir un libro. Cuando t\u00fa est\u00e1s leyendo no puedes estar haciendo otra cosa, no puedes estar mirando pantallas ni escuchando gilipolleces, y tienes que estar concentrado en pensar. No hay nada m\u00e1s revolucionario que dedicar un rato al d\u00eda a pensar.<\/p>\n<p data-gtm-element-container=\"modulo-texto-link\" class=\"paragraph\"><strong>Dicen que ese, de hecho, es el prop\u00f3sito de cualquier creaci\u00f3n art\u00edstica, ya sea literaria, pict\u00f3rica o musical: despertar nuestra mente. \u00bfQu\u00e9 le aporta a usted el arte?<\/strong><\/p>\n<p data-gtm-element-container=\"modulo-texto-link\" class=\"paragraph\">Me aporta siempre inspiraci\u00f3n, paz, conexiones sin\u00e1pticas. Cuando t\u00fa escuchas una pieza musical o contemplas una obra pl\u00e1stica verdaderamente art\u00edsticas, inevitablemente se van a generar en ti pensamientos que no ten\u00edas antes. Esa es la funci\u00f3n del arte, regalarnos lo m\u00e1s hermoso que puede producir la humanidad. Y nos hace mucha falta en estos momentos de horror. Mientras haya gente que ocupe y se preocupe de crear arte, hay esperanza para la humanidad.<\/p>\n<blockquote>\n<p>        Tengo un compromiso que comparto con Javier y con M\u00f3nica, mis dos hermanos: no hacer nada nunca que no enorgullecer\u00eda a mi madre<\/p>\n<p>            Carlos Bardem62 a\u00f1os<\/p>\n<\/blockquote>\n<p>                <img loading=\"lazy\" decoding=\"async\" data-full-src=\"https:\/\/www.lavanguardia.com\/uploads\/2025\/09\/22\/68d12709ec473.jpeg\" alt=\"Carlos Bardem.\" width=\"449\" height=\"253\" src=\"https:\/\/www.europesays.com\/es\/wp-content\/uploads\/2025\/09\/68d12709ec473.r_d.2586-2690.jpeg\" class=\"lazy\"\/><\/p>\n<p class=\"caption-title \">Carlos Bardem.<\/p>\n<p>                    Ana Ma\u00f1ez<\/p>\n<p>        Lee tambi\u00e9n<\/p>\n<p>    Paka D\u00edaz<\/p>\n<p>             <img loading=\"lazy\" decoding=\"async\" data-full-src=\"https:\/\/www.lavanguardia.com\/uploads\/2025\/09\/02\/68b6e386c6edc.jpeg\" alt=\"Benjam\u00edn Prado, escritor\" width=\"104\" height=\"108\" src=\"https:\/\/www.europesays.com\/es\/wp-content\/uploads\/2025\/09\/68b6e386c6edc.r_d.985-431.jpeg\" class=\"lazy\"\/><\/p>\n<p data-gtm-element-container=\"modulo-texto-link\" class=\"paragraph\"><strong>Despu\u00e9s de escribir ocho libros y unos cuantos guiones de cine, usted tambi\u00e9n despierta la mente de sus lectores\u2026<\/strong><\/p>\n<p data-gtm-element-container=\"modulo-texto-link\" class=\"paragraph\">Siempre me gust\u00f3 leer y, cuando te gusta leer, llega un momento que quiz\u00e1 te hayas dotado de las herramientas necesarias para empezar a escribir los libros que a ti te gustar\u00eda leer y que no encuentras. Por eso empec\u00e9 a escribir. En la escritura he encontrado sobre todo una manera de reflexionar. Hay un dicho que dice que escribir es una manera de leer m\u00e1s profundamente y yo, cuando escribo mis novelas, principalmente lo que intento es entender, lo que intento es leer profundamente el mundo.<\/p>\n<p data-gtm-element-container=\"modulo-texto-link\" class=\"paragraph\"><strong>Sin embargo, la de escritor y guionista no es su \u00fanica ocupaci\u00f3n. Tambi\u00e9n le reconocemos como actor y, de hecho, como miembro de una de las sagas de actores m\u00e1s populares y queridas de nuestro pa\u00eds, los Bardem. \u00bfQu\u00e9 le mantiene con los pies en el suelo?<\/strong><\/p>\n<p data-gtm-element-container=\"modulo-texto-link\" class=\"paragraph\">Agarrarme a la gente que quiero: a mi pareja, a mis amigos, a mi familia\u2026 Pero luego tengo una cosa que comparto con Javier y con M\u00f3nica, mis dos hermanos, que es una cosa que nos dijimos al poco de morir mi madre, Pilar Bardem: el compromiso de no hacer nada nunca que pens\u00e1ramos que no enorgullecer\u00eda a mi madre, hacer siempre lo que creemos que ella hubiera aprobado. Era un ser humano excepcionalmente comprometido, excepcionalmente bueno y excepcionalmente solidario y humano.<\/p>\n<p>    Lee tambi\u00e9n<\/p>\n<p data-gtm-element-container=\"modulo-texto-link\" class=\"paragraph\"><strong>\u00bfEs ella su referente?<\/strong><\/p>\n<p data-gtm-element-container=\"modulo-texto-link\" class=\"paragraph\">Pasados los sarampiones de la adolescencia, aprend\u00ed a admirar mucho a Pilar Bardem como persona. He amado con locura a mi madre, pero es que adem\u00e1s admiraba mucho a mi amiga Pilar Bardem y ella ha sido siempre un modelo. Me miro y veo una persona con fallos, pero buena, que no pretende nunca aprovecharse de los dem\u00e1s. Con la edad, creo que he conseguido llevarme relativamente bien conmigo mismo y creo que eso es un buen logro: caerte bien a ti. He sido una persona bastante peleada con lo que me rodeaba y conmigo mismo, y hasta mayor viv\u00eda en guerra con el mundo. La edad me ha hecho entender que hay cosas que no puedo cambiar y cosas que puedo potenciar. Alguien dec\u00eda que todos llevamos dentro un Hitler y un Mozart y que nuestra labor en la vida es estrangular a nuestro Hitler y alimentar a nuestro Mozart. Bueno, pues yo ando en eso desde hace algunos a\u00f1os.<\/p>\n<p data-gtm-element-container=\"modulo-texto-link\" class=\"paragraph\"><strong>P\u00f3ngame un ejemplo de algo que quiere potenciar\u2026<\/strong><\/p>\n<p data-gtm-element-container=\"modulo-texto-link\" class=\"paragraph\">La empat\u00eda. Soy muy emp\u00e1tico con el sufrimiento de los dem\u00e1s, pero no soy inmune al enfado y a veces me sorprendo con arranques que s\u00e9 que no me hacen ning\u00fan bien y que no me ayudan a explicar mejor lo que pienso. Le\u00f3n Tolst\u00f3i escribi\u00f3 que si sientes dolor est\u00e1s vivo, pero si sientes el dolor de los dem\u00e1s eres humano. Ahora hay una sobreabundancia de dolor e injusticia en el mundo, y cuanto m\u00e1s nuestro hagamos ese dolor, mejores personas seremos. Yo intento seguir eso.<\/p>\n<blockquote>\n<p>        Todos los seres humanos tenemos miedo a la soledad y m\u00e1s cuando encaramos el \u00faltimo acto de la vida<\/p>\n<p>            Carlos Bardem62 a\u00f1os<\/p>\n<\/blockquote>\n<p>        Lee tambi\u00e9n<\/p>\n<p>    Cristina Gaggioli<\/p>\n<p>             <img loading=\"lazy\" decoding=\"async\" data-full-src=\"https:\/\/www.lavanguardia.com\/uploads\/2025\/07\/23\/6880fb6387b39.jpeg\" alt=\"Horizontal\" width=\"104\" height=\"108\" src=\"https:\/\/www.europesays.com\/es\/wp-content\/uploads\/2025\/09\/6880fb6387b39.r_d.1919-1280.jpeg\" class=\"lazy\"\/><\/p>\n<p data-gtm-element-container=\"modulo-texto-link\" class=\"paragraph\"><strong>Usted ha practicado rugby durante muchos a\u00f1os. \u00bfQuiz\u00e1 era una manera de canalizar esos enfados y arranques?<\/strong><\/p>\n<p data-gtm-element-container=\"modulo-texto-link\" class=\"paragraph\">Para m\u00ed es el deporte m\u00e1s maravilloso que existe: creo en los valores que te inculca, creo que es el deporte de equipo por excelencia, y tiene mucho de lucha y de aprender a sobreponerte a los golpes, en este caso no figurados\u2026 Cuando me cans\u00e9 de darme golpes en un campo de rugby y busqu\u00e9 algo m\u00e1s individual, entr\u00e9 en el boxeo. Podr\u00eda haber elegido las damas, pero aquel chaval en conflicto con el mundo encontr\u00f3 un sitio donde agotarse mejor en un ring.<\/p>\n<p data-gtm-element-container=\"modulo-texto-link\" class=\"paragraph\"><strong>\u00bfSigue practicando alg\u00fan deporte?<\/strong><\/p>\n<p data-gtm-element-container=\"modulo-texto-link\" class=\"paragraph\">Cuando has hecho deporte toda tu vida, es muy dif\u00edcil dejarlo, pero he cambiado mis objetivos. He adaptado el deporte que hago a las necesidades de mi edad y sobre todo del hombre que voy a ser dentro de unos a\u00f1os, si no acontece ninguna desgracia. Procuro no fatigarme tanto, no hago deportes aer\u00f3bicos, no corro ni aunque me persigan, hago buenos entrenamientos de fuerza para mantener la armadura corporal y procuro trabajar movilidad y flexibilidad para ser un se\u00f1or mayor que me pueda valer. Esa es la imagen de quien me gustar\u00eda ser: alguien independiente el mayor tiempo posible en esta pel\u00edcula.<\/p>\n<p>    Lee tambi\u00e9n<\/p>\n<p data-gtm-element-container=\"modulo-texto-link\" class=\"paragraph\"><strong>Cuando cumpli\u00f3 57 a\u00f1os, public\u00f3 un mensaje en sus redes sociales donde dec\u00eda que llegaba ah\u00ed con \u201cpocos pero eternos amigos\u201d\u2026<\/strong><\/p>\n<p data-gtm-element-container=\"modulo-texto-link\" class=\"paragraph\">\u00a1La amistad es una de las formas m\u00e1s importantes del amor! Yo de verdad envidio a esta gente que tiene much\u00edsimos amigos, pero creo que con la edad vas descartando. Hay mucha gente con la que haces una parte de tu vida y luego, por una raz\u00f3n u otra, los caminos se separan. Yo tengo literalmente cinco o seis amigos, que lo somos desde hace m\u00e1s de cuarenta a\u00f1os y que cada uno somos de un mundo absolutamente distinto, cosa que me rescata de tener una sola visi\u00f3n de las cosas o del mundo. Con una salvedad: mi mejor amigo y mi amistad m\u00e1s profunda y m\u00e1s larga es con un actor, Javier Bardem. Tengo la suerte de que mi hermano es mi mejor amigo.<\/p>\n<p data-gtm-element-container=\"modulo-texto-link\" class=\"paragraph\"><strong>Uno de los grandes temores cuando nos hacemos mayores es estar solos. \u00bfLe asusta la soledad?<\/strong><\/p>\n<p data-gtm-element-container=\"modulo-texto-link\" class=\"paragraph\">La soledad escogida es maravillosa, la soledad impuesta es terrible. Yo s\u00e9 estar muy bien solo y, es m\u00e1s, como dec\u00eda Fernan G\u00f3mez, estoy perfectamente capacitado para no hacer nada, para estar tranquilamente en mi casa pensando en la brevedad de la vida o en lo que sea. Dicho esto, creo que todos los seres humanos tenemos miedo a la soledad y m\u00e1s cuando encaramos el \u00faltimo acto de la vida. Como es inevitable, m\u00e1s vale afrontarlo con una predisposici\u00f3n a poner de tu parte para no aislarte. Es muy interesante el asociacionismo, integrarte en grupos de cosas que nunca hayas hecho antes. Aparte de que es bueno para la salud neurol\u00f3gica, a partir de cierta edad, si no lo has hecho nunca, es interesante ponerte a tocar la mandolina, a hacer macram\u00e9 o apuntarte a un grupo de gente que cante.<\/p>\n<blockquote>\n<p>        El pilates me tiene fascinado y lamento no haberlo empezado antes porque soy de madera, un pinocho, y me encanta<\/p>\n<p>            Carlos Bardem62 a\u00f1os<\/p>\n<\/blockquote>\n<p>        Lee tambi\u00e9n<\/p>\n<p>    \u00c1ngeles G\u00f3mez<\/p>\n<p>             <img loading=\"lazy\" decoding=\"async\" data-full-src=\"https:\/\/www.lavanguardia.com\/uploads\/2025\/07\/22\/687f3ed5941a5.jpeg\" alt=\"Juan Antonio Corbal\u00e1n, exjugador de baloncesto y m\u00e9dico\" width=\"104\" height=\"108\" src=\"https:\/\/www.europesays.com\/es\/wp-content\/uploads\/2025\/09\/687f3ed5941a5.r_d.985-414.jpeg\" class=\"lazy\"\/><\/p>\n<p data-gtm-element-container=\"modulo-texto-link\" class=\"paragraph\"><strong>Le cojo la palabra. \u00bfHay alguna actividad que usted haya iniciado recientemente?<\/strong><\/p>\n<p data-gtm-element-container=\"modulo-texto-link\" class=\"paragraph\">\u00a1Pilates! El pilates me tiene fascinado y lamento no haberlo empezado antes porque soy de madera, un pinocho, y me encanta. Y tambi\u00e9n estoy retomando alg\u00fan idioma que estudi\u00e9 de ni\u00f1o y que luego abandon\u00e9. De todas maneras, en mi caso tiene trampa. Cada vez que act\u00fao, tengo que ser otra persona y aprender su mundo, sus intereses. Y esto es incluso mucho m\u00e1s extremo cuando escribo, cuando tengo que crear situaciones, mundos y personajes de la nada. Mi trabajo me obliga a mantenerme curioso e interesado por cosas que en principio no est\u00e1n en absoluto conectadas con mi experiencia.<\/p>\n<p data-gtm-element-container=\"modulo-texto-link\" class=\"paragraph\"><strong>Alguien dijo que \u201cel ser humano est\u00e1 condenado a la locura porque es el \u00fanico animal consciente de que va a morir\u201d. \u00bfC\u00f3mo lleva usted esa locura, Carlos? \u00bfPiensa en ello?<\/strong><\/p>\n<p data-gtm-element-container=\"modulo-texto-link\" class=\"paragraph\">S\u00ed, es inevitable, y cada vez m\u00e1s. Yo creo que la \u00fanica receta contra eso es vivir de la manera m\u00e1s plena que podamos. Y vivir de una manera plena, insisto, para m\u00ed tiene mucho que ver no solo con la creatividad, sino con la empat\u00eda.<\/p>\n<p>    Lee tambi\u00e9n<\/p>\n<p data-gtm-element-container=\"modulo-texto-link\" class=\"paragraph\"><strong>El d\u00eda antes de morir su madre, sus hijos le cantaron Bienvenidos de Miguel R\u00edos. \u00bfHa pensado c\u00f3mo le gustar\u00eda a usted que fuera ese instante en su vida?<\/strong><\/p>\n<p data-gtm-element-container=\"modulo-texto-link\" class=\"paragraph\">S\u00e9 que a mi madre le hizo mucha ilusi\u00f3n ese momento, porque esa canci\u00f3n es muy especial para todos. Pero yo creo que a m\u00ed lo que me gustar\u00eda de c\u00f3mo ella se fue es que lo hizo sonriendo a sus hijos. Me importa un poco menos la canci\u00f3n que me pongan, pero si me gustar\u00eda tener la oportunidad de sonre\u00edr a quienes quiero.<\/p>\n","protected":false},"excerpt":{"rendered":"El mayor de los hijos de Pilar Bardem, hermano de M\u00f3nica y Javier, es actor, escritor y guionista,&hellip;\n","protected":false},"author":2,"featured_media":137881,"comment_status":"","ping_status":"","sticky":false,"template":"","format":"standard","meta":{"footnotes":""},"categories":[169],"tags":[177,146,147,25,24,176,175,23],"class_list":{"0":"post-137880","1":"post","2":"type-post","3":"status-publish","4":"format-standard","5":"has-post-thumbnail","7":"category-cine","8":"tag-cine","9":"tag-entertainment","10":"tag-entretenimiento","11":"tag-es","12":"tag-espana","13":"tag-film","14":"tag-movies","15":"tag-spain"},"share_on_mastodon":{"url":"","error":""},"_links":{"self":[{"href":"https:\/\/www.europesays.com\/es\/wp-json\/wp\/v2\/posts\/137880","targetHints":{"allow":["GET"]}}],"collection":[{"href":"https:\/\/www.europesays.com\/es\/wp-json\/wp\/v2\/posts"}],"about":[{"href":"https:\/\/www.europesays.com\/es\/wp-json\/wp\/v2\/types\/post"}],"author":[{"embeddable":true,"href":"https:\/\/www.europesays.com\/es\/wp-json\/wp\/v2\/users\/2"}],"replies":[{"embeddable":true,"href":"https:\/\/www.europesays.com\/es\/wp-json\/wp\/v2\/comments?post=137880"}],"version-history":[{"count":0,"href":"https:\/\/www.europesays.com\/es\/wp-json\/wp\/v2\/posts\/137880\/revisions"}],"wp:featuredmedia":[{"embeddable":true,"href":"https:\/\/www.europesays.com\/es\/wp-json\/wp\/v2\/media\/137881"}],"wp:attachment":[{"href":"https:\/\/www.europesays.com\/es\/wp-json\/wp\/v2\/media?parent=137880"}],"wp:term":[{"taxonomy":"category","embeddable":true,"href":"https:\/\/www.europesays.com\/es\/wp-json\/wp\/v2\/categories?post=137880"},{"taxonomy":"post_tag","embeddable":true,"href":"https:\/\/www.europesays.com\/es\/wp-json\/wp\/v2\/tags?post=137880"}],"curies":[{"name":"wp","href":"https:\/\/api.w.org\/{rel}","templated":true}]}}