{"id":137890,"date":"2025-09-25T12:17:08","date_gmt":"2025-09-25T12:17:08","guid":{"rendered":"https:\/\/www.europesays.com\/es\/137890\/"},"modified":"2025-09-25T12:17:08","modified_gmt":"2025-09-25T12:17:08","slug":"la-ue-defiende-frente-a-apple-su-emblematica-ley-contra-los-abusos-de-los-gigantes-tecnologicos","status":"publish","type":"post","link":"https:\/\/www.europesays.com\/es\/137890\/","title":{"rendered":"La UE defiende frente a Apple su emblem\u00e1tica ley contra los abusos de los gigantes tecnol\u00f3gicos"},"content":{"rendered":"<p>    <img src=\"https:\/\/www.europesays.com\/es\/wp-content\/uploads\/2025\/09\/2025-09-25T033A263A11Z-90063127.jpg\" width=\"1024\" height=\"682\" alt=\"\" loading=\"eager\" decoding=\"sync\" fetchpriority=\"high\"\/><\/p>\n<p>            afp_tickers        <\/p>\n<p>        Este contenido fue publicado en    <\/p>\n<p>        25 septiembre 2025 &#8211; 13:47\n<\/p>\n<p>La Uni\u00f3n Europea defendi\u00f3 este jueves su emblem\u00e1tica ley de regulaci\u00f3n de los mercados digitales y rechaz\u00f3 el llamamiento del gigante tecnol\u00f3gico estadounidense Apple a derogarla por supuestos riesgos de seguridad.<\/p>\n<p>Apple, que se opone a esta normativa desde el principio, considera que degrada los servicios ofrecidos a sus usuarios y que los expone a vulnerabilidades de las que antes estaban protegidos.<\/p>\n<p>\u00abLa DMA [sigas en ingl\u00e9s de Ley de Mercados Digitales] debe ser derogada y sustituida por un instrumento legislativo m\u00e1s adecuado y acorde con su prop\u00f3sito\u00bb, dijo Apple en una contribuci\u00f3n oficial a una consulta lanzada por la Comisi\u00f3n Europea (CE).<\/p>\n<p>Como alternativa a su eliminaci\u00f3n, Apple propuso una lista de cambios profundos, comenzando con la creaci\u00f3n de una agencia reguladora distinta de la CE que se encargar\u00eda de hacer cumplir las normas.<\/p>\n<p>La Uni\u00f3n Europea rechaz\u00f3 categ\u00f3ricamente estos ataques e hizo saber que no tiene \u00abla m\u00e1s m\u00ednima intenci\u00f3n\u00bb de derogar la DMA.<\/p>\n<p>\u00abNo nos sorprende el posicionamiento de lobby de Apple, que nos pide derogar la DMA\u00bb, coment\u00f3 el portavoz comunitario de asuntos digitales, Thomas Regnier, recordando que la tecnol\u00f3gica californiana \u00abha venido contestando cada elemento de la DMA desde su entrada en vigor\u00bb.<\/p>\n<p>Estas cr\u00edticas a la DMA resuenan con los ataques del presidente estadounidense, Donald Trump, al intervencionismo de la UE en el \u00e1mbito digital.<\/p>\n<p>Apple acusa a esta normativa de privar a los consumidores europeos de algunas funciones de sus nuevos dispositivos mientras se verifica si cumplen con las restricciones.<\/p>\n<p>En este sentido, seg\u00fan Apple, la DMA est\u00e1 lejos de fomentar la innovaci\u00f3n en beneficio de los consumidores, su objetivo final.<\/p>\n<p>\u2013 Auriculares limitados \u2013<\/p>\n<p>Apple cit\u00f3 varios ejemplos en un comunicado publicado el jueves.\u00a0<\/p>\n<p>El grupo asegura que ha tenido que eliminar en la UE la funci\u00f3n de traducci\u00f3n autom\u00e1tica \u00aben vivo\u00bb de sus nuevos auriculares inal\u00e1mbricos Airpods Pro 3, uno de sus principales atractivos, a causa de la DMA.<\/p>\n<p>El grupo record\u00f3 tambi\u00e9n su oposici\u00f3n a la apertura de sus dispositivos a tiendas de aplicaciones y sistemas alternativos de pago, como impone la DMA, incluso cuando \u00abno cumplen con los mismos est\u00e1ndares elevados de privacidad y seguridad\u00bb que su App Store.<\/p>\n<p>Cit\u00f3 tambi\u00e9n que la DMA ha hecho accesibles aplicaciones pornogr\u00e1ficas en los iPhones, \u00aba pesar de los riesgos que implican, especialmente para los ni\u00f1os\u00bb.<\/p>\n<p>Apple ha construido su \u00e9xito en un ecosistema cerrado, del cual controla todos los par\u00e1metros, citando necesidades de seguridad y confort mejorado para los usuarios.<\/p>\n<p>Una filosof\u00eda claramente opuesta a las normas europeas de competencia que han sido reforzadas con la DMA.<\/p>\n<p>El texto adoptado en 2022 por la UE y que se aplica desde marzo de 2024, prev\u00e9 multas que pueden alcanzar 10% de la facturaci\u00f3n mundial de la empresa, e incluso 20% en caso de reincidencia.<\/p>\n<p>De hecho Apple ya fue sancionada. La Comisi\u00f3n Europea le impuso en abril una multa de 500 millones de euros por cl\u00e1usulas abusivas en la App Store.<\/p>\n<p>La sanci\u00f3n, que el grupo apel\u00f3, fue la primera aplicada contra un gigante tecnol\u00f3gico bajo esta legislaci\u00f3n.<\/p>\n<p>Apple tambi\u00e9n est\u00e1 siendo investigada por la UE en el marco del Reglamento sobre Servicios Digitales, otra legislaci\u00f3n emblem\u00e1tica para regular a los gigantes tecnol\u00f3gicos.<\/p>\n<p>El texto impone obligaciones a las plataformas para proteger a los usuarios frente a contenidos ilegales y peligrosos.<\/p>\n<p>fpo\/mas\/arm\/meb\/pc<\/p>\n","protected":false},"excerpt":{"rendered":"afp_tickers Este contenido fue publicado en 25 septiembre 2025 &#8211; 13:47 La Uni\u00f3n Europea defendi\u00f3 este jueves su&hellip;\n","protected":false},"author":2,"featured_media":137891,"comment_status":"","ping_status":"","sticky":false,"template":"","format":"standard","meta":{"footnotes":""},"categories":[80],"tags":[34499,33132,82,2804,9396,5796,11890,11892,83,95,94,25,24,14688,86,7657,7658,88,23,90],"class_list":{"0":"post-137890","1":"post","2":"type-post","3":"status-publish","4":"format-standard","5":"has-post-thumbnail","7":"category-economia","8":"tag-anti-trust-crime","9":"tag-antitrust-issue","10":"tag-business","11":"tag-civil","12":"tag-company-information","13":"tag-computing-and-information-technology","14":"tag-corporate-crime","15":"tag-crime","16":"tag-diplomacy","17":"tag-economia","18":"tag-economy","19":"tag-es","20":"tag-espana","21":"tag-international-organisation","22":"tag-international-relations","23":"tag-law-and-order","24":"tag-laws","25":"tag-politics","26":"tag-spain","27":"tag-ticker"},"share_on_mastodon":{"url":"","error":""},"_links":{"self":[{"href":"https:\/\/www.europesays.com\/es\/wp-json\/wp\/v2\/posts\/137890","targetHints":{"allow":["GET"]}}],"collection":[{"href":"https:\/\/www.europesays.com\/es\/wp-json\/wp\/v2\/posts"}],"about":[{"href":"https:\/\/www.europesays.com\/es\/wp-json\/wp\/v2\/types\/post"}],"author":[{"embeddable":true,"href":"https:\/\/www.europesays.com\/es\/wp-json\/wp\/v2\/users\/2"}],"replies":[{"embeddable":true,"href":"https:\/\/www.europesays.com\/es\/wp-json\/wp\/v2\/comments?post=137890"}],"version-history":[{"count":0,"href":"https:\/\/www.europesays.com\/es\/wp-json\/wp\/v2\/posts\/137890\/revisions"}],"wp:featuredmedia":[{"embeddable":true,"href":"https:\/\/www.europesays.com\/es\/wp-json\/wp\/v2\/media\/137891"}],"wp:attachment":[{"href":"https:\/\/www.europesays.com\/es\/wp-json\/wp\/v2\/media?parent=137890"}],"wp:term":[{"taxonomy":"category","embeddable":true,"href":"https:\/\/www.europesays.com\/es\/wp-json\/wp\/v2\/categories?post=137890"},{"taxonomy":"post_tag","embeddable":true,"href":"https:\/\/www.europesays.com\/es\/wp-json\/wp\/v2\/tags?post=137890"}],"curies":[{"name":"wp","href":"https:\/\/api.w.org\/{rel}","templated":true}]}}