{"id":137931,"date":"2025-09-25T12:45:11","date_gmt":"2025-09-25T12:45:11","guid":{"rendered":"https:\/\/www.europesays.com\/es\/137931\/"},"modified":"2025-09-25T12:45:11","modified_gmt":"2025-09-25T12:45:11","slug":"estas-son-las-ganaderias-del-festival-de-antonete-en-las-ventas","status":"publish","type":"post","link":"https:\/\/www.europesays.com\/es\/137931\/","title":{"rendered":"Estas son las ganader\u00edas del festival de Anto\u00f1ete en Las Ventas"},"content":{"rendered":"<p>Del festival en homenaje a <strong>Anto\u00f1ete<\/strong> del pr\u00f3ximo 12 de octubre en <strong>Las Ventas<\/strong> faltaban por desvelarse las ganader\u00edas que se van a lidiar. <a href=\"https:\/\/www.aplausos.es\/morante-antonete-debe-tener-su-monumento-en-su-plaza-como-monumental-era-su-toreo\/?swcfpc=1\" target=\"_blank\" rel=\"noopener nofollow\">Este jueves, durante la presentaci\u00f3n de la obra que ilustra el festejo se dieron a conocer los hierros<\/a>.<\/p>\n<p>Para el rejoneador <strong>Pablo Hermoso de Mendoza<\/strong> saltar\u00e1 al ruedo un toro de <strong>El Capea<\/strong>, mientras que para la lidia a pie cuatro astados llevar\u00e1n el hierro de <strong>Garcigrande<\/strong>, otro el de <strong>Vellosino<\/strong> y otro el de <strong>Jos\u00e9 Luis Osborne<\/strong>. En el festejo, adem\u00e1s del rejoneador navarro est\u00e1n anunciados los diestros <strong>Curro V\u00e1zquez<\/strong>, <strong>C\u00e9sar<\/strong> <strong>Rinc\u00f3n<\/strong>, <strong>Enrique<\/strong> <strong>Ponce<\/strong>, <strong>Julio<\/strong> <strong>Aparicio<\/strong> y <strong>Morante<\/strong> <strong>de la Puebla<\/strong>, y la novillera <strong>Olga<\/strong> <strong>Casado<\/strong>.<\/p>\n","protected":false},"excerpt":{"rendered":"Del festival en homenaje a Anto\u00f1ete del pr\u00f3ximo 12 de octubre en Las Ventas faltaban por desvelarse las&hellip;\n","protected":false},"author":2,"featured_media":137932,"comment_status":"","ping_status":"","sticky":false,"template":"","format":"standard","meta":{"footnotes":""},"categories":[277],"tags":[10705,373,168,25,24,3931,3728,205,1392,43427,23,167,374],"class_list":{"0":"post-137931","1":"post","2":"type-post","3":"status-publish","4":"format-standard","5":"has-post-thumbnail","7":"category-toreo","8":"tag-antonete","9":"tag-bullfighting","10":"tag-deportes","11":"tag-es","12":"tag-espana","13":"tag-festival","14":"tag-las-ventas","15":"tag-madrid","16":"tag-morante-de-la-puebla","17":"tag-plaza-1","18":"tag-spain","19":"tag-sports","20":"tag-toreo"},"share_on_mastodon":{"url":"","error":""},"_links":{"self":[{"href":"https:\/\/www.europesays.com\/es\/wp-json\/wp\/v2\/posts\/137931","targetHints":{"allow":["GET"]}}],"collection":[{"href":"https:\/\/www.europesays.com\/es\/wp-json\/wp\/v2\/posts"}],"about":[{"href":"https:\/\/www.europesays.com\/es\/wp-json\/wp\/v2\/types\/post"}],"author":[{"embeddable":true,"href":"https:\/\/www.europesays.com\/es\/wp-json\/wp\/v2\/users\/2"}],"replies":[{"embeddable":true,"href":"https:\/\/www.europesays.com\/es\/wp-json\/wp\/v2\/comments?post=137931"}],"version-history":[{"count":0,"href":"https:\/\/www.europesays.com\/es\/wp-json\/wp\/v2\/posts\/137931\/revisions"}],"wp:featuredmedia":[{"embeddable":true,"href":"https:\/\/www.europesays.com\/es\/wp-json\/wp\/v2\/media\/137932"}],"wp:attachment":[{"href":"https:\/\/www.europesays.com\/es\/wp-json\/wp\/v2\/media?parent=137931"}],"wp:term":[{"taxonomy":"category","embeddable":true,"href":"https:\/\/www.europesays.com\/es\/wp-json\/wp\/v2\/categories?post=137931"},{"taxonomy":"post_tag","embeddable":true,"href":"https:\/\/www.europesays.com\/es\/wp-json\/wp\/v2\/tags?post=137931"}],"curies":[{"name":"wp","href":"https:\/\/api.w.org\/{rel}","templated":true}]}}