{"id":138020,"date":"2025-09-25T13:45:16","date_gmt":"2025-09-25T13:45:16","guid":{"rendered":"https:\/\/www.europesays.com\/es\/138020\/"},"modified":"2025-09-25T13:45:16","modified_gmt":"2025-09-25T13:45:16","slug":"gala-de-entrega-del-premio-marca-leyenda-fernando-belasteguin","status":"publish","type":"post","link":"https:\/\/www.europesays.com\/es\/138020\/","title":{"rendered":"Gala de entrega del Premio MARCA Leyenda Fernando Belastegu\u00edn"},"content":{"rendered":"<p> \u00daltima hora de la ceremonia de entrega del Premio MARCA Leyenda a Fernando Belastegu\u00edn<\/p>\n<p class=\"ue-c-article__paragraph \">\u00a1Muy buenos d\u00edas a todos y todas! Bienvenidos a un directo muy especial como es este en el que se entrega el <strong>Premio MARCA Leyenda<\/strong>. En esta ocasi\u00f3n, el galardonado ser\u00e1 el primero que lo recibe dentro de su deporte, el p\u00e1del y no es otro que el gran <strong>Fernando Belastegu\u00edn<\/strong>. <strong>Retirado a finales de 2024<\/strong> de las pistas, este diario ha querido hacerle entrega de este premio en se\u00f1al de reconocimiento a toda su trayectoria deportiva. <\/p>\n<p class=\"ue-c-article__paragraph \">Desde ya, puedes seguir con nosotros la gala en el &#8216;Boss&#8217; recibir\u00e1 el galard\u00f3n. \u00a1COMENZAMOS!<\/p>\n","protected":false},"excerpt":{"rendered":"\u00daltima hora de la ceremonia de entrega del Premio MARCA Leyenda a Fernando Belastegu\u00edn \u00a1Muy buenos d\u00edas a&hellip;\n","protected":false},"author":2,"featured_media":138021,"comment_status":"","ping_status":"","sticky":false,"template":"","format":"standard","meta":{"footnotes":""},"categories":[93],"tags":[168,25,24,6269,23,167],"class_list":{"0":"post-138020","1":"post","2":"type-post","3":"status-publish","4":"format-standard","5":"has-post-thumbnail","7":"category-deportes","8":"tag-deportes","9":"tag-es","10":"tag-espana","11":"tag-padel","12":"tag-spain","13":"tag-sports"},"share_on_mastodon":{"url":"","error":""},"_links":{"self":[{"href":"https:\/\/www.europesays.com\/es\/wp-json\/wp\/v2\/posts\/138020","targetHints":{"allow":["GET"]}}],"collection":[{"href":"https:\/\/www.europesays.com\/es\/wp-json\/wp\/v2\/posts"}],"about":[{"href":"https:\/\/www.europesays.com\/es\/wp-json\/wp\/v2\/types\/post"}],"author":[{"embeddable":true,"href":"https:\/\/www.europesays.com\/es\/wp-json\/wp\/v2\/users\/2"}],"replies":[{"embeddable":true,"href":"https:\/\/www.europesays.com\/es\/wp-json\/wp\/v2\/comments?post=138020"}],"version-history":[{"count":0,"href":"https:\/\/www.europesays.com\/es\/wp-json\/wp\/v2\/posts\/138020\/revisions"}],"wp:featuredmedia":[{"embeddable":true,"href":"https:\/\/www.europesays.com\/es\/wp-json\/wp\/v2\/media\/138021"}],"wp:attachment":[{"href":"https:\/\/www.europesays.com\/es\/wp-json\/wp\/v2\/media?parent=138020"}],"wp:term":[{"taxonomy":"category","embeddable":true,"href":"https:\/\/www.europesays.com\/es\/wp-json\/wp\/v2\/categories?post=138020"},{"taxonomy":"post_tag","embeddable":true,"href":"https:\/\/www.europesays.com\/es\/wp-json\/wp\/v2\/tags?post=138020"}],"curies":[{"name":"wp","href":"https:\/\/api.w.org\/{rel}","templated":true}]}}