{"id":138042,"date":"2025-09-25T13:59:08","date_gmt":"2025-09-25T13:59:08","guid":{"rendered":"https:\/\/www.europesays.com\/es\/138042\/"},"modified":"2025-09-25T13:59:08","modified_gmt":"2025-09-25T13:59:08","slug":"charles-leclerc-sobre-el-potencial-de-max-verstappen-y-red-bull-f1-para-derrotar-a-mclaren-no-volveran","status":"publish","type":"post","link":"https:\/\/www.europesays.com\/es\/138042\/","title":{"rendered":"Charles Leclerc, sobre el potencial de Max Verstappen y Red Bull F1 para derrotar a McLaren: \u00abNo volver\u00e1n&#8230;\u00bb"},"content":{"rendered":"<p data-journey-content=\"true\" data-node-id=\"3\" class=\"css-6wxqfj emevuu60\">Antes del par\u00f3 de verano, la distancia entre Max Verstappen y Oscar Piastri hab\u00eda llegado a ser m\u00e1s de 100 puntos. Sin embargo, el equipo austriaco no ha tirado la toala en un campeonato que se les complicaba desde inicios de temporada, con el intercambio de Liam Lawson por Yuki Tsunoda. A pesar de ello, las esperanzas en el mundial de pilotos se han mantenido por un solo motivo, <a href=\"https:\/\/www.caranddriver.com\/es\/formula-1\/a67986923\/max-verstappen-batalla-lando-norris-oscar-piastri-gp-azerbaiyan-paso\/\" target=\"_blank\" data-vars-ga-outbound-link=\"https:\/\/www.caranddriver.com\/es\/formula-1\/a67986923\/max-verstappen-batalla-lando-norris-oscar-piastri-gp-azerbaiyan-paso\/\" data-vars-ga-ux-element=\"Hyperlink\" data-vars-ga-call-to-action=\"y es la presencia de Max Verstappen\" data-node-id=\"3.1\" class=\"body-link css-168zq96 emevuu60\" rel=\"nofollow noopener\">y es la presencia de Max Verstappen<\/a>, el cuatro veces campe\u00f3n de F\u00f3rmula 1.<\/p>\n<p>Charles Leclerc no conf\u00eda en Max Verstappen<\/p>\n<p data-journey-content=\"true\" data-node-id=\"7\" class=\"css-6wxqfj emevuu60\">En el GP de Italia,<strong data-node-id=\"7.1\"> el RB21 fue capaz de dar un salto de calidad, lo que le permiti\u00f3 al neerland\u00e9s conseguir su tercera victoria del a\u00f1o.<\/strong> La cosa no terminar\u00eda ah\u00ed, porque dos semanas despu\u00e9s, en el GP de Azerbaiy\u00e1n, el Red Bull volver\u00eda a tener posibilidades de pelear por la victoria, tal y como adelantaba <a href=\"https:\/\/www.caranddriver.com\/es\/formula-1\/a67961546\/helmut-marko-advertencia-lando-norris-oscar-piastri-gp-azerbaiyan-max-verstappen\/\" target=\"_blank\" data-vars-ga-outbound-link=\"https:\/\/www.caranddriver.com\/es\/formula-1\/a67961546\/helmut-marko-advertencia-lando-norris-oscar-piastri-gp-azerbaiyan-max-verstappen\/\" data-vars-ga-ux-element=\"Hyperlink\" data-vars-ga-call-to-action=\"Helmut Marko a inicios del fin de semana\" data-node-id=\"7.3\" class=\"body-link css-168zq96 emevuu60\" rel=\"nofollow noopener\">Helmut Marko a inicios del fin de semana<\/a> en Bak\u00fa. Una predicci\u00f3n que se hizo realidad el domingo, donde Max Verstappen logr\u00f3 su 4\u00aa victoria del a\u00f1o. <\/p>\n<p data-journey-content=\"true\" data-node-id=\"9\" class=\"css-6wxqfj emevuu60\">Pero a\u00fan m\u00e1s importante que eso, <strong data-node-id=\"9.1\">hab\u00eda conseguido reducir la distancia en el campeonato a 69 puntos tras el accidente de Oscar Piastri en la primera vuelta de carrera. <\/strong>Aun as\u00ed, el de Red Bull asegur\u00f3 que McLaren todav\u00eda segu\u00eda siendo la favorita a llevarse el gato al agua, algo a lo que se ha querido sumar Charles Leclerc, quien tampoco termina de ver que el RB21 sea capaz de dominar como lo hizo el RB19 durante la temporada 2023.<\/p>\n<p><img draggable=\"true\" alt=\"lando norris, max verstappen y oscar piastri\" title=\"Lando Norris, Max Verstappen y Oscar Piastri\" loading=\"lazy\" width=\"5104\" height=\"3400\" decoding=\"async\" data-nimg=\"1\" style=\"color:transparent;width:100%;height:auto;\"   src=\"https:\/\/www.europesays.com\/es\/wp-content\/uploads\/2025\/09\/gettyimages-2234002940-68d3f7027dab0.jpg\" class=\"css-0 e1g79fud0\"\/><a target=\"_blank\" rel=\"noopener nofollow\" data-theme-key=\"base-link\" href=\"https:\/\/pinterest.com\/pin\/create\/button\/?url=https:\/\/www.caranddriver.com\/es\/formula-1\/a68034818\/charles-leclerc-potencial-max-verstappen-red-bull-f1-derrotar-mclaren\/&amp;description=&amp;media=https:\/\/hips.hearstapps.com\/hmg-prod\/images\/gettyimages-2234002940-68d3f7027dab0.jpg?resize=1600:*\" class=\"pinterest css-on9hn5 e1c1bym14\"><img decoding=\"async\" data-dynamic-svg=\"true\" src=\"https:\/\/www.caranddriver.com\/_assets\/design-tokens\/fre\/static\/icons\/social\/pinterest.e8cf655.svg?primary=%2523ffffff\" loading=\"lazy\" data-testid=\"dynamic-svg-base\" height=\"auto\" width=\"auto\" alt=\"pinterest\" class=\"css-4lml0h e1mlxuuw1\"\/><\/a><\/p>\n<p>Rudy Carezzevoli<\/p>\n<p data-journey-content=\"true\" data-node-id=\"14\" class=\"css-6wxqfj emevuu60\">\u201c<strong data-node-id=\"14.1\">Creo que Max no escatimar\u00e1 esfuerzos, y estoy seguro de ello. Red Bull ha avanzado mucho con el coche y creo que ahora est\u00e1n a un nivel muy alto<\/strong>\u201d, dec\u00eda el piloto de Ferrari.<\/p>\n<p data-journey-content=\"true\" data-node-id=\"16\" class=\"css-6wxqfj emevuu60\">\u201c<strong data-node-id=\"16.1\">Est\u00e1n muy cerca de los McLaren ahora, y s\u00e9 que Max Verstappen est\u00e1 haciendo un trabajo fant\u00e1stico, as\u00ed que lo felicito<\/strong>\u201d, prosigui\u00f3.<\/p>\n<p data-journey-content=\"true\" data-node-id=\"18\" class=\"css-6wxqfj emevuu60\">\u201cEn los dos \u00faltimos fines de semana, los McLaren no han estado muy fuertes, <strong data-node-id=\"18.1\">pero no creo que los Red Bull vuelvan a dominar de esta manera<\/strong>\u201d, concluy\u00f3 <a href=\"https:\/\/www.caranddriver.com\/es\/formula-1\/pilotos\/a3651\/charles-leclerc\/\" target=\"_blank\" data-vars-ga-outbound-link=\"https:\/\/www.caranddriver.com\/es\/formula-1\/pilotos\/a3651\/charles-leclerc\/\" data-vars-ga-ux-element=\"Hyperlink\" data-vars-ga-call-to-action=\"Charles Leclerc.\" data-node-id=\"18.3\" class=\"body-link css-168zq96 emevuu60\" rel=\"nofollow noopener\">Charles Leclerc.<\/a><\/p>\n<p data-journey-content=\"true\" data-node-id=\"20\" class=\"css-6wxqfj emevuu60\">Es as\u00ed como el piloto de Ferrari ha admitido que no conf\u00eda en que Max Verstappen pueda remontar la distancia con McLaren en el campeonato. <\/p>\n<p>Contenidos relacionados<\/p>\n","protected":false},"excerpt":{"rendered":"Antes del par\u00f3 de verano, la distancia entre Max Verstappen y Oscar Piastri hab\u00eda llegado a ser m\u00e1s&hellip;\n","protected":false},"author":2,"featured_media":138043,"comment_status":"","ping_status":"","sticky":false,"template":"","format":"standard","meta":{"footnotes":""},"categories":[270],"tags":[168,253,25,24,306,271,272,23,167],"class_list":{"0":"post-138042","1":"post","2":"type-post","3":"status-publish","4":"format-standard","5":"has-post-thumbnail","7":"category-formula-1","8":"tag-deportes","9":"tag-discover","10":"tag-es","11":"tag-espana","12":"tag-f1","13":"tag-formula-1","14":"tag-formula1","15":"tag-spain","16":"tag-sports"},"share_on_mastodon":{"url":"","error":""},"_links":{"self":[{"href":"https:\/\/www.europesays.com\/es\/wp-json\/wp\/v2\/posts\/138042","targetHints":{"allow":["GET"]}}],"collection":[{"href":"https:\/\/www.europesays.com\/es\/wp-json\/wp\/v2\/posts"}],"about":[{"href":"https:\/\/www.europesays.com\/es\/wp-json\/wp\/v2\/types\/post"}],"author":[{"embeddable":true,"href":"https:\/\/www.europesays.com\/es\/wp-json\/wp\/v2\/users\/2"}],"replies":[{"embeddable":true,"href":"https:\/\/www.europesays.com\/es\/wp-json\/wp\/v2\/comments?post=138042"}],"version-history":[{"count":0,"href":"https:\/\/www.europesays.com\/es\/wp-json\/wp\/v2\/posts\/138042\/revisions"}],"wp:featuredmedia":[{"embeddable":true,"href":"https:\/\/www.europesays.com\/es\/wp-json\/wp\/v2\/media\/138043"}],"wp:attachment":[{"href":"https:\/\/www.europesays.com\/es\/wp-json\/wp\/v2\/media?parent=138042"}],"wp:term":[{"taxonomy":"category","embeddable":true,"href":"https:\/\/www.europesays.com\/es\/wp-json\/wp\/v2\/categories?post=138042"},{"taxonomy":"post_tag","embeddable":true,"href":"https:\/\/www.europesays.com\/es\/wp-json\/wp\/v2\/tags?post=138042"}],"curies":[{"name":"wp","href":"https:\/\/api.w.org\/{rel}","templated":true}]}}