{"id":138080,"date":"2025-09-25T14:22:10","date_gmt":"2025-09-25T14:22:10","guid":{"rendered":"https:\/\/www.europesays.com\/es\/138080\/"},"modified":"2025-09-25T14:22:10","modified_gmt":"2025-09-25T14:22:10","slug":"hamilton-pide-a-sus-fans-que-recen-por-roscoe","status":"publish","type":"post","link":"https:\/\/www.europesays.com\/es\/138080\/","title":{"rendered":"Hamilton pide a sus fans que recen por Roscoe"},"content":{"rendered":"<p data-mrf-recirculation=\"Links P\u00e1rrafos\" class=\"ue-c-article__paragraph paragraph\"><strong>Lewis Hamilton<\/strong> ha compartido en las \u00faltimas horas una imagen de <strong>Roscoe<\/strong>, su inseparable <strong>bulldog<\/strong>, que est\u00e1 ingresado en una cl\u00ednica veterinaria: \u00ab<strong>Han sido unas horas aterradoras. Por favor, tengan a Roscoe en sus pensamientos y oraciones\u00bb, a\u00f1ad\u00eda en en mensaje que hace temer por la vida de su mascota.<\/strong><\/p>\n<p data-mrf-recirculation=\"Links P\u00e1rrafos\" class=\"ue-c-article__paragraph paragraph\">El brit\u00e1nico de 40 a\u00f1os no a\u00f1adi\u00f3 m\u00e1s detalles. <strong>A Roscoe, que cumple 13 a\u00f1os este a\u00f1o, le diagnosticaron una neumon\u00eda en abril<\/strong> y desde entonces ha recibido tratamiento con medicamentos, incluyendo acupuntura.<\/p>\n<p data-mrf-recirculation=\"Links P\u00e1rrafos\" class=\"ue-c-article__paragraph paragraph\">La preocupaci\u00f3n de Lewis Hamilton por la salud de Roscoe comenz\u00f3 entes del Gran Premio de Emilia <strong>Romagna <\/strong>en mayo, el piloto de Ferrari, Hamilton, expres\u00f3 su preocupaci\u00f3n por la salud de su anciano bulldog.<\/p>\n<p data-mrf-recirculation=\"Links P\u00e1rrafos\" class=\"ue-c-article__paragraph paragraph\"><strong>\u00abTiene 12 a\u00f1os y medio, as\u00ed que es un ni\u00f1o mayor\u00bb,<\/strong> dijo Hamilton en Imola. Tuvo neumon\u00eda, pero ya est\u00e1 bien. Sin duda, este es un momento en el que cada vez que recibo un mensaje de texto de la se\u00f1ora que lo cuida, se me para el coraz\u00f3n. \u00bfSabes qu\u00e9 sigue?<\/p>\n<p data-mrf-recirculation=\"Links P\u00e1rrafos\" class=\"ue-c-article__paragraph paragraph\">\u00abTengo muchas ganas de llevarlo a Silverstone [en julio] y a Monza [en septiembre] para animarlo\u00bb, a\u00f1adi\u00f3 el ganador de un r\u00e9cord de 105 carreras. \u00ab<strong>Estuve con \u00e9l antes de Miami [la carrera previa a Imola]. Todav\u00eda quiere competir.<\/strong> Sigue con ese esp\u00edritu, pero duerme mucho\u00bb, dijo entonces. Y luego se recuper\u00f3.<\/p>\n<p><img decoding=\"async\" width=\"2876\" height=\"2000\" class=\"ue-c-article__image lazyload\" alt=\"Hamilton, con Roscoe, en Silverstone.\" loading=\"lazy\" src=\"https:\/\/www.europesays.com\/es\/wp-content\/uploads\/2025\/09\/68d547f7a758f.jpeg\"\/><\/p>\n<p>Hamilton, con Roscoe, en Silverstone.F1.com<\/p>\n<p data-mrf-recirculation=\"Links P\u00e1rrafos\" class=\"ue-c-article__paragraph paragraph\">Roscoe ha acudido a menos carreras de F1 \u00faltimamente, aunque ya es sabido que\u00a0<strong>tiene su propia acreditaci\u00f3n de la FIA y la FOM. <\/strong>Hizo acto de presencia en el paddock de Silverstone en el Gran Premio de Gran Breta\u00f1a, el pasado mes de julio.<\/p>\n","protected":false},"excerpt":{"rendered":"Lewis Hamilton ha compartido en las \u00faltimas horas una imagen de Roscoe, su inseparable bulldog, que est\u00e1 ingresado&hellip;\n","protected":false},"author":2,"featured_media":138081,"comment_status":"","ping_status":"","sticky":false,"template":"","format":"standard","meta":{"footnotes":""},"categories":[270],"tags":[168,25,24,306,271,272,23,167],"class_list":{"0":"post-138080","1":"post","2":"type-post","3":"status-publish","4":"format-standard","5":"has-post-thumbnail","7":"category-formula-1","8":"tag-deportes","9":"tag-es","10":"tag-espana","11":"tag-f1","12":"tag-formula-1","13":"tag-formula1","14":"tag-spain","15":"tag-sports"},"share_on_mastodon":{"url":"","error":""},"_links":{"self":[{"href":"https:\/\/www.europesays.com\/es\/wp-json\/wp\/v2\/posts\/138080","targetHints":{"allow":["GET"]}}],"collection":[{"href":"https:\/\/www.europesays.com\/es\/wp-json\/wp\/v2\/posts"}],"about":[{"href":"https:\/\/www.europesays.com\/es\/wp-json\/wp\/v2\/types\/post"}],"author":[{"embeddable":true,"href":"https:\/\/www.europesays.com\/es\/wp-json\/wp\/v2\/users\/2"}],"replies":[{"embeddable":true,"href":"https:\/\/www.europesays.com\/es\/wp-json\/wp\/v2\/comments?post=138080"}],"version-history":[{"count":0,"href":"https:\/\/www.europesays.com\/es\/wp-json\/wp\/v2\/posts\/138080\/revisions"}],"wp:featuredmedia":[{"embeddable":true,"href":"https:\/\/www.europesays.com\/es\/wp-json\/wp\/v2\/media\/138081"}],"wp:attachment":[{"href":"https:\/\/www.europesays.com\/es\/wp-json\/wp\/v2\/media?parent=138080"}],"wp:term":[{"taxonomy":"category","embeddable":true,"href":"https:\/\/www.europesays.com\/es\/wp-json\/wp\/v2\/categories?post=138080"},{"taxonomy":"post_tag","embeddable":true,"href":"https:\/\/www.europesays.com\/es\/wp-json\/wp\/v2\/tags?post=138080"}],"curies":[{"name":"wp","href":"https:\/\/api.w.org\/{rel}","templated":true}]}}