{"id":138088,"date":"2025-09-25T14:26:09","date_gmt":"2025-09-25T14:26:09","guid":{"rendered":"https:\/\/www.europesays.com\/es\/138088\/"},"modified":"2025-09-25T14:26:09","modified_gmt":"2025-09-25T14:26:09","slug":"el-enigma-del-perro-nueva-revelacion-sobre-la-iconica-ronda-de-noche-de-rembrandt","status":"publish","type":"post","link":"https:\/\/www.europesays.com\/es\/138088\/","title":{"rendered":"El enigma del perro: nueva revelaci\u00f3n sobre la ic\u00f3nica \u201cRonda de noche\u201d de Rembrandt"},"content":{"rendered":"<p><img alt=\"El hallazgo revela que el\" class=\"global-image\" decoding=\"async\" fetchpriority=\"high\" height=\"1080\" loading=\"eager\" src=\"https:\/\/www.europesays.com\/es\/wp-content\/uploads\/2025\/09\/RTBINIWM4FEAJICKV3PMPTLBY4.jpg\" width=\"1920\"\/>El hallazgo revela que el perro de &#8216;La ronda de noche&#8217; de Rembrandt es una copia de un dibujo de Van de Venne<\/p>\n<p class=\"paragraph\">No fue exactamente necesario un trabajo detectivesco tenaz para que un investigador de arte en \u00c1msterdam resolviera un enigma canino que se remonta a la Edad de Oro neerlandesa. <b>Anne Lenders<\/b>, curadora del emblem\u00e1tico <b>Rijksmuseum <\/b>de la ciudad, dijo que fue m\u00e1s o menos por accidente que descubri\u00f3 que el perro que ladra en la famosa <b>Ronda de noche<\/b> de <b>Rembrandt van Rijn<\/b> es una copia casi id\u00e9ntica de uno que aparece en un dibujo a pluma y tinta de 1619 realizado por el tambi\u00e9n artista neerland\u00e9s <b>Adriaen van de Venne<\/b>.<\/p>\n<p class=\"paragraph\">\u201cNo estaba buscando esto; realmente fue inesperado\u201d, dijo Lenders en la sala de cristal donde la <b>Ronda de noche<\/b> est\u00e1 siendo sometida a una extensa restauraci\u00f3n.<\/p>\n<p><img alt=\"El perro de Rembrandt y\" class=\"global-image\" decoding=\"async\" fetchpriority=\"low\" height=\"1080\" loading=\"lazy\" src=\"https:\/\/www.europesays.com\/es\/wp-content\/uploads\/2025\/09\/UAXUTNXHL5BR3PWZCGYEV2KZMQ.jpg\" width=\"1920\"\/>El perro de Rembrandt y el de Van de Venne comparten postura, \u00e1ngulo de la cabeza y detalles del collar<\/p>\n<p class=\"paragraph\">Ella estaba visitando una exposici\u00f3n en el Museo Zeeuws, en el sur de los Pa\u00edses Bajos, cuando su atenci\u00f3n se pos\u00f3 en una imagen de un perro de <b>Van de Venne<\/b> que estaba impresa en un libro del poeta <b>Jacob Cats<\/b>. El dibujo original \u2014que result\u00f3 ser parte de la vasta colecci\u00f3n del propio Rijksmuseum\u2014 tambi\u00e9n estaba en exhibici\u00f3n. \u201cLa semejanza es tan fuerte que en el primer momento pens\u00e9 que \u00e9l (<b>Rembrandt<\/b>) debi\u00f3 haber usado esto\u201d, a\u00f1adi\u00f3. Fue entonces cuando comenz\u00f3 la investigaci\u00f3n: una comparaci\u00f3n entre los perros de <b>Van de Venne <\/b>y <b>Rembrandt<\/b>; su postura, incluso el collar que llevan.<\/p>\n<p><img alt=\"El descubrimiento se suma a\" class=\"global-image\" decoding=\"async\" fetchpriority=\"low\" height=\"1080\" loading=\"lazy\" src=\"https:\/\/www.europesays.com\/es\/wp-content\/uploads\/2025\/09\/IGYNHXODNBCJ3HPIL7BLO336FA.jpg\" width=\"1920\"\/>El descubrimiento se suma a las revelaciones surgidas durante la restauraci\u00f3n y estudio de la obra maestra del artista neerland\u00e9s<\/p>\n<p class=\"paragraph\">\u201cLa cabeza gira exactamente en el mismo \u00e1ngulo, con la boca ligeramente abierta&#8230; Ambos perros tienen el pelo largo y las orejas que cuelgan verticalmente\u201d, dijo Lenders. En la <b>Ronda de noche<\/b>, el perro a\u00f1ade tensi\u00f3n a un rinc\u00f3n oscuro de la composici\u00f3n abarrotada, agazapado y aparentemente ladrando cerca de un tamborilero llamado <b>Jacob Jorisz<\/b> y justo detr\u00e1s de uno de los personajes principales de la ic\u00f3nica pintura de 1642, el teniente <b>Willem van Ruytenburch<\/b>.<\/p>\n<p class=\"paragraph\">El descubrimiento es el \u00faltimo de una serie de revelaciones que han surgido durante un proyecto de varios a\u00f1os para reexaminar el lienzo de 379,5 por 453,5 cent\u00edmetros utilizando t\u00e9cnicas modernas. La \u201cOperaci\u00f3n Ronda de noche\u201d comenz\u00f3 en 2019 con un estudio exhaustivo de la pintura y contin\u00faa con trabajos de restauraci\u00f3n que probablemente tomar\u00e1n a\u00f1os en completarse.<\/p>\n<p><img alt=\"Taco Dibbits, director del Rijksmuseum\" class=\"global-image\" decoding=\"async\" fetchpriority=\"low\" height=\"683\" loading=\"lazy\" src=\"https:\/\/www.europesays.com\/es\/wp-content\/uploads\/2025\/09\/5LZKKJBPWBDR7LJKOEMMIVRGEM.jpg\" width=\"1024\"\/>Taco Dibbits, director del Rijksmuseum de Amsterdam<\/p>\n<p class=\"paragraph\">\u201cUno tiende a pensar, bueno, ya se ha investigado tanto, lo sabemos todo sobre ella\u201d, dijo el director del <b>Rijksmuseum<\/b>, <b>Taco Dibbits<\/b>. \u201cPero lo grandioso del gran arte es que siempre <b>sigues descubriendo cosas<\/b>\u201d.<\/p>\n<p class=\"paragraph\">Una cosa que el Rijksmuseum no pudo determinar fue exactamente qu\u00e9 tipo de perro es, ya que las opiniones de los expertos est\u00e1n divididas entre una raza francesa o neerlandesa. Lo m\u00e1s probable es que ambos artistas usaran un poco de licencia po\u00e9tica.v\u201cNunca llegaremos a una conclusi\u00f3n sobre qu\u00e9 raza es\u201d, dijo Dibbits. \u201cPero sin duda es muy querido\u201d.<\/p>\n<p class=\"paragraph\">Fuente: AP<\/p>\n<p class=\"paragraph\">[Fotos: AP\/Peter Dejong; Simon Wohlfahrt \/ AFP]<\/p>\n","protected":false},"excerpt":{"rendered":"El hallazgo revela que el perro de &#8216;La ronda de noche&#8217; de Rembrandt es una copia de un&hellip;\n","protected":false},"author":2,"featured_media":138089,"comment_status":"","ping_status":"","sticky":false,"template":"","format":"standard","meta":{"footnotes":""},"categories":[173],"tags":[43451,229,233,231,230,232,234,146,147,25,24,408,43452,23],"class_list":{"0":"post-138088","1":"post","2":"type-post","3":"status-publish","4":"format-standard","5":"has-post-thumbnail","7":"category-arte-y-diseno","8":"tag-art-restoration","9":"tag-arte","10":"tag-arte-y-diseno","11":"tag-arts","12":"tag-arts-and-design","13":"tag-design","14":"tag-diseno","15":"tag-entertainment","16":"tag-entretenimiento","17":"tag-es","18":"tag-espana","19":"tag-horizontal","20":"tag-oil-painting","21":"tag-spain"},"share_on_mastodon":{"url":"","error":""},"_links":{"self":[{"href":"https:\/\/www.europesays.com\/es\/wp-json\/wp\/v2\/posts\/138088","targetHints":{"allow":["GET"]}}],"collection":[{"href":"https:\/\/www.europesays.com\/es\/wp-json\/wp\/v2\/posts"}],"about":[{"href":"https:\/\/www.europesays.com\/es\/wp-json\/wp\/v2\/types\/post"}],"author":[{"embeddable":true,"href":"https:\/\/www.europesays.com\/es\/wp-json\/wp\/v2\/users\/2"}],"replies":[{"embeddable":true,"href":"https:\/\/www.europesays.com\/es\/wp-json\/wp\/v2\/comments?post=138088"}],"version-history":[{"count":0,"href":"https:\/\/www.europesays.com\/es\/wp-json\/wp\/v2\/posts\/138088\/revisions"}],"wp:featuredmedia":[{"embeddable":true,"href":"https:\/\/www.europesays.com\/es\/wp-json\/wp\/v2\/media\/138089"}],"wp:attachment":[{"href":"https:\/\/www.europesays.com\/es\/wp-json\/wp\/v2\/media?parent=138088"}],"wp:term":[{"taxonomy":"category","embeddable":true,"href":"https:\/\/www.europesays.com\/es\/wp-json\/wp\/v2\/categories?post=138088"},{"taxonomy":"post_tag","embeddable":true,"href":"https:\/\/www.europesays.com\/es\/wp-json\/wp\/v2\/tags?post=138088"}],"curies":[{"name":"wp","href":"https:\/\/api.w.org\/{rel}","templated":true}]}}