{"id":138094,"date":"2025-09-25T14:29:10","date_gmt":"2025-09-25T14:29:10","guid":{"rendered":"https:\/\/www.europesays.com\/es\/138094\/"},"modified":"2025-09-25T14:29:10","modified_gmt":"2025-09-25T14:29:10","slug":"miley-cyrus-revelo-los-objetos-que-marcaron-su-vida-cada-uno-cuenta-una-parte-importante-de-quien-soy-y-del-camino-que-recorri","status":"publish","type":"post","link":"https:\/\/www.europesays.com\/es\/138094\/","title":{"rendered":"Miley Cyrus revel\u00f3 los objetos que marcaron su vida: \u201cCada uno cuenta una parte importante de qui\u00e9n soy y del camino que recorr\u00ed\u201d"},"content":{"rendered":"<p><img alt=\"Cyrus seleccion\u00f3 piezas emblem\u00e1ticas de\" class=\"global-image\" decoding=\"async\" fetchpriority=\"high\" height=\"1080\" loading=\"eager\" src=\"https:\/\/www.europesays.com\/es\/wp-content\/uploads\/2025\/09\/7GOBZV6IJFFOXD5ZHNQXIBPPMQ.jpg\" width=\"1920\"\/>Cyrus seleccion\u00f3 piezas emblem\u00e1ticas de cada una de sus etapas (REUTERS\/Daniel Cole)<\/p>\n<p class=\"paragraph\"><a href=\"https:\/\/www.infobae.com\/tag\/miley-cyrus\/\" target=\"_blank\" rel=\"noreferrer nofollow noopener\" title=\"https:\/\/www.infobae.com\/tag\/miley-cyrus\/\"><b>Miley Cyrus<\/b><\/a> atraviesa un momento de introspecci\u00f3n y decidi\u00f3 revisar y organizar los objetos m\u00e1s significativos de su <a href=\"https:\/\/www.infobae.com\/entretenimiento\/2025\/09\/23\/miley-cyrus-sorprendio-con-confesiones-sobre-la-fama-y-la-reconciliacion-familiar\/\" target=\"_blank\" rel=\"noreferrer nofollow noopener\" title=\"https:\/\/www.infobae.com\/entretenimiento\/2025\/09\/23\/miley-cyrus-sorprendio-con-confesiones-sobre-la-fama-y-la-reconciliacion-familiar\/\">vida<\/a> y trayectoria. \u201c<b>Estoy tomando el tiempo para mirar con atenci\u00f3n mis cosas y entender lo que representan para m\u00ed<\/b>\u201d, revel\u00f3 la cantante en una entrevista con Vogue.<\/p>\n<p class=\"paragraph\">En esta b\u00fasqueda de orden y sentido, Cyrus seleccion\u00f3 piezas emblem\u00e1ticas de cada una de sus etapas, construyendo un archivo personal que refleja su transformaci\u00f3n art\u00edstica y vital. \u201c<b>Cada objeto cuenta una parte importante de qui\u00e9n soy y del camino que recorr\u00ed<\/b>\u201d, afirm\u00f3 la artista.<\/p>\n<p class=\"paragraph\">Cyrus llama a este ejercicio \u201clegacy rack\u201d: una selecci\u00f3n de looks y objetos asociados a sus distintas eras p\u00fablicas y personales. \u201c<b>Estoy creando un legacy rack<\/b>, que es un par de looks de cada era que quiero que se recuerde\u201d, explica en entrevista con Vogue. <\/p>\n<p><img alt=\"La cantante comparte su proceso\" class=\"global-image\" decoding=\"async\" fetchpriority=\"low\" height=\"1080\" loading=\"lazy\" src=\"https:\/\/www.europesays.com\/es\/wp-content\/uploads\/2025\/09\/B62JVFOTTNEWRNDCWXX2D46RNQ.jpg\" width=\"1920\"\/>La cantante comparte su proceso de introspecci\u00f3n y transformaci\u00f3n personal en entrevista con Vogue (Cr\u00e9dito: IG @mileycyrus)<\/p>\n<p class=\"paragraph\">Entre los art\u00edculos elegidos figuran mu\u00f1ecas American Girl, los Manolos de su madre, premios, cuadernos con letras de canciones y los conjuntos que utiliz\u00f3 en premiaciones. <\/p>\n<p class=\"paragraph\">Para Cyrus, organizar y limpiar constituye una pr\u00e1ctica de <b>bienestar personal<\/b>, que m\u00e1s que una tarea, resulta una fuente de felicidad: \u201c<b>Me siento feliz cuando organizo y limpio; nunca lo percibo como una tarea<\/b>\u201d.<\/p>\n<p class=\"paragraph\">La artista reconoce la importancia emocional de este archivo, que construye junto a su madre. Juntas seleccionan recuerdos que van desde vestidos de momentos privados hasta cartas y objetos ligados a relaciones personales y profesionales. <\/p>\n<p><img alt=\"La artista construye un archivo\" class=\"global-image\" decoding=\"async\" fetchpriority=\"low\" height=\"1212\" loading=\"lazy\" src=\"https:\/\/www.europesays.com\/es\/wp-content\/uploads\/2025\/09\/4GKEU3FCENCXTFUJIPHJKAM3YM.png\" width=\"932\"\/>La artista construye un archivo personal junto a su madre, seleccionando recuerdos \u00edntimos y objetos significativos<\/p>\n<p class=\"paragraph\">Cyrus destac\u00f3 la dificultad de elegir qu\u00e9 compartir con el p\u00fablico y qu\u00e9 reservar exclusivamente para s\u00ed, sobre todo porque muchos de sus momentos \u00edntimos ganaron <b>visibilidad medi\u00e1tica<\/b>. <\/p>\n<p class=\"paragraph\">Frente a la fugacidad del mundo digital, subray\u00f3 el valor de los archivos <b>anal\u00f3gicos<\/b>: \u201cEstas cosas que son anal\u00f3gicas realmente son para siempre\u201d, asegur\u00f3. La presencia de su madre a\u00f1ade una dimensi\u00f3n de acompa\u00f1amiento y apoyo, reafirmando los lazos familiares en cada etapa.<\/p>\n<p class=\"paragraph\">La cantante enfatiz\u00f3 que su transformaci\u00f3n no es un disfraz, sino una sucesi\u00f3n de <b>metamorfosis aut\u00e9nticas<\/b>. Sus diferentes \u201ceras\u201d reflejan una evoluci\u00f3n personal y art\u00edstica real. Este a\u00f1o, Cyrus se propuso \u201ctomar menos decisiones, pero m\u00e1s significativas\u201d, eligiendo proyectos alineados con sus valores y su verdad. <\/p>\n<p><img alt=\"La cantante celebra los finales\" class=\"global-image\" decoding=\"async\" fetchpriority=\"low\" height=\"3939\" loading=\"lazy\" src=\"https:\/\/www.europesays.com\/es\/wp-content\/uploads\/2025\/09\/PSIZEXLLHVGBNIELL55IY2U4GU.jpg\" width=\"5909\"\/>La cantante celebra los finales como logros y apuesta por nuevos comienzos alineados con sus valores (REUTERS\/Mario Anzuoni)<\/p>\n<p class=\"paragraph\">\u201cMe encanta este dicho: solo porque algo termine no significa que no est\u00e9 completo\u201d, se\u00f1al\u00f3. Para ella, los finales deben verse como parte natural de la vida y no como fracasos, sino como <b>logros dignos de celebraci\u00f3n<\/b>. Esta filosof\u00eda se extiende a sus relaciones personales, permiti\u00e9ndole cerrar ciclos con gratitud y satisfacci\u00f3n.<\/p>\n<p class=\"paragraph\">En su rutina diaria, Cyrus reconoce que su energ\u00eda m\u00e1xima aparece en las ma\u00f1anas. \u201cSoy una persona matutina y, desafortunadamente, tambi\u00e9n un poco nocturna. Si tuviera que elegir, soy m\u00e1s de la ma\u00f1ana. Estoy de mejor humor en cuanto abro los ojos, y eso es insoportable para quienes me rodean\u201d, admiti\u00f3. <\/p>\n<p class=\"paragraph\">Aunque el <b>caf\u00e9 <\/b>la acompa\u00f1a como ritual diario, explic\u00f3 que no depende de la cafe\u00edna para comenzar el d\u00eda. <\/p>\n<p><img alt=\"La inspiraci\u00f3n creativa de Miley\" class=\"global-image\" decoding=\"async\" fetchpriority=\"low\" height=\"3497\" loading=\"lazy\" src=\"https:\/\/www.europesays.com\/es\/wp-content\/uploads\/2025\/09\/7IDPISBZIMSRP7KYWUPH24WZK4.jpg\" width=\"5500\"\/>La inspiraci\u00f3n creativa de Miley Cyrus surge de la espontaneidad y la apertura al cambio (REUTERS\/Mario Anzuoni)<\/p>\n<p class=\"paragraph\">Para alcanzar equilibrio, incorpor\u00f3 pr\u00e1cticas como el \u201cdigital detox\u201d: el tel\u00e9fono permanece fuera del dormitorio y no es lo primero ni lo \u00faltimo que ve a diario. \u201c<b>Eso fue fundamental para mi bienestar general<\/b>\u201d. Esta disciplina le permite estar m\u00e1s presente y conectada consigo misma.<\/p>\n<p class=\"paragraph\">Cyrus muestra una apertura total a la transformaci\u00f3n y al cambio en su proceso creativo. Durante la grabaci\u00f3n de su \u00e1lbum, <b>Something Beautiful<\/b>, comparti\u00f3 con los m\u00fasicos diferentes an\u00e9cdotas y, en una ocasi\u00f3n, improvisaron juntos el conocido jingle de una marca de belleza. <\/p>\n<p class=\"paragraph\">La artista destac\u00f3 que la inspiraci\u00f3n surge de modo natural y <b>sin imposiciones externas<\/b>, reafirmando su filosof\u00eda de mantenerse receptiva a nuevas experiencias. Su compromiso con la autenticidad impulsa cada proyecto y decisi\u00f3n.<\/p>\n<p><img alt=\"La int\u00e9rprete de Hannah Montana\" class=\"global-image\" decoding=\"async\" fetchpriority=\"low\" height=\"1080\" loading=\"lazy\" src=\"https:\/\/www.europesays.com\/es\/wp-content\/uploads\/2025\/09\/Y5HQMHH4TVCUPF7SMTM4TLYOHM.jpg\" width=\"1920\"\/>La int\u00e9rprete de Hannah Montana inspira a sus seguidores a valorar los procesos de cambio y celebrar los ciclos de la vida<\/p>\n<p class=\"paragraph\">A lo largo de su carrera, Cyrus cultiv\u00f3 una <b>confianza inquebrantable en s\u00ed misma<\/b>, permiti\u00e9ndole afrontar cada etapa con determinaci\u00f3n, autenticidad y la capacidad de reinventarse continuamente.<\/p>\n","protected":false},"excerpt":{"rendered":"Cyrus seleccion\u00f3 piezas emblem\u00e1ticas de cada una de sus etapas (REUTERS\/Daniel Cole) Miley Cyrus atraviesa un momento de&hellip;\n","protected":false},"author":2,"featured_media":138095,"comment_status":"","ping_status":"","sticky":false,"template":"","format":"standard","meta":{"footnotes":""},"categories":[170],"tags":[3118,146,147,25,24,9375,184,185,3120,3119,23],"class_list":{"0":"post-138094","1":"post","2":"type-post","3":"status-publish","4":"format-standard","5":"has-post-thumbnail","7":"category-musica","8":"tag-arts-culture-entertainment","9":"tag-entertainment","10":"tag-entretenimiento","11":"tag-es","12":"tag-espana","13":"tag-fashion","14":"tag-music","15":"tag-musica","16":"tag-new-york","17":"tag-north-america","18":"tag-spain"},"share_on_mastodon":{"url":"","error":""},"_links":{"self":[{"href":"https:\/\/www.europesays.com\/es\/wp-json\/wp\/v2\/posts\/138094","targetHints":{"allow":["GET"]}}],"collection":[{"href":"https:\/\/www.europesays.com\/es\/wp-json\/wp\/v2\/posts"}],"about":[{"href":"https:\/\/www.europesays.com\/es\/wp-json\/wp\/v2\/types\/post"}],"author":[{"embeddable":true,"href":"https:\/\/www.europesays.com\/es\/wp-json\/wp\/v2\/users\/2"}],"replies":[{"embeddable":true,"href":"https:\/\/www.europesays.com\/es\/wp-json\/wp\/v2\/comments?post=138094"}],"version-history":[{"count":0,"href":"https:\/\/www.europesays.com\/es\/wp-json\/wp\/v2\/posts\/138094\/revisions"}],"wp:featuredmedia":[{"embeddable":true,"href":"https:\/\/www.europesays.com\/es\/wp-json\/wp\/v2\/media\/138095"}],"wp:attachment":[{"href":"https:\/\/www.europesays.com\/es\/wp-json\/wp\/v2\/media?parent=138094"}],"wp:term":[{"taxonomy":"category","embeddable":true,"href":"https:\/\/www.europesays.com\/es\/wp-json\/wp\/v2\/categories?post=138094"},{"taxonomy":"post_tag","embeddable":true,"href":"https:\/\/www.europesays.com\/es\/wp-json\/wp\/v2\/tags?post=138094"}],"curies":[{"name":"wp","href":"https:\/\/api.w.org\/{rel}","templated":true}]}}