{"id":138120,"date":"2025-09-25T14:45:11","date_gmt":"2025-09-25T14:45:11","guid":{"rendered":"https:\/\/www.europesays.com\/es\/138120\/"},"modified":"2025-09-25T14:45:11","modified_gmt":"2025-09-25T14:45:11","slug":"dos-equipos-de-formula-1-prueban-en-mugello-para-2026","status":"publish","type":"post","link":"https:\/\/www.europesays.com\/es\/138120\/","title":{"rendered":"Dos equipos de F\u00f3rmula 1 prueban en Mugello para 2026"},"content":{"rendered":"<p>Haas comenz\u00f3 los ensayos con el <strong>F\u00f3rmula 1<\/strong> recopilando informaci\u00f3n valiosa para el desarrollo de los neum\u00e1ticos del a\u00f1o entrante, en etapa definitoria. Trabaj\u00f3 con sus dos pilotos titulares,<strong> Oliver Bearman y Esteban Ocon<\/strong>, manejando un auto modificado en suspensiones y aerodin\u00e1mica, simulando exigencias para los neum\u00e1ticos nuevos.<\/p>\n<p>El viernes, se espera que el franc\u00e9s <strong>Romain Grosjean<\/strong> regrese a la conducci\u00f3n por primera vez desde su accidente de Bahr\u00e9in 2020, completando una semana de acci\u00f3n en el trazado italiano.<\/p>\n<p><img fetchpriority=\"high\" decoding=\"async\" class=\"alignnone size-full wp-image-177523\" src=\"https:\/\/www.europesays.com\/es\/wp-content\/uploads\/2025\/09\/Romain-Grosjean.jpg\" alt=\"\" width=\"976\" height=\"634\"  \/><\/p>\n<p><strong>Ferrari<\/strong> trabajar\u00e1 para Pirelli el viernes con el SF-25 en versi\u00f3n adaptada, que compartir\u00e1n los titulares <strong>Charles Leclerc y Lewis Hamilton<\/strong>.\u00a0La Scuderia tambi\u00e9n aprovechar\u00e1 estas jornadas organizadas por Pirelli para incluir una versi\u00f3n del modelo SF-23 como pruebas de autos anteriores, con <strong>Guanyu Zhou y Arthur Leclerc<\/strong> al volante. El piloto chino es el tercer piloto, cuando Antonio Giovinazzi no est\u00e1 disponible, as\u00ed como el menor de los Leclerc trabajando habitualmente en el simulador.<\/p>\n","protected":false},"excerpt":{"rendered":"Haas comenz\u00f3 los ensayos con el F\u00f3rmula 1 recopilando informaci\u00f3n valiosa para el desarrollo de los neum\u00e1ticos del&hellip;\n","protected":false},"author":2,"featured_media":138121,"comment_status":"","ping_status":"","sticky":false,"template":"","format":"standard","meta":{"footnotes":""},"categories":[270],"tags":[168,25,24,306,2091,271,272,11354,43455,23,167],"class_list":{"0":"post-138120","1":"post","2":"type-post","3":"status-publish","4":"format-standard","5":"has-post-thumbnail","7":"category-formula-1","8":"tag-deportes","9":"tag-es","10":"tag-espana","11":"tag-f1","12":"tag-ferrari","13":"tag-formula-1","14":"tag-formula1","15":"tag-haas","16":"tag-mugello","17":"tag-spain","18":"tag-sports"},"share_on_mastodon":{"url":"","error":""},"_links":{"self":[{"href":"https:\/\/www.europesays.com\/es\/wp-json\/wp\/v2\/posts\/138120","targetHints":{"allow":["GET"]}}],"collection":[{"href":"https:\/\/www.europesays.com\/es\/wp-json\/wp\/v2\/posts"}],"about":[{"href":"https:\/\/www.europesays.com\/es\/wp-json\/wp\/v2\/types\/post"}],"author":[{"embeddable":true,"href":"https:\/\/www.europesays.com\/es\/wp-json\/wp\/v2\/users\/2"}],"replies":[{"embeddable":true,"href":"https:\/\/www.europesays.com\/es\/wp-json\/wp\/v2\/comments?post=138120"}],"version-history":[{"count":0,"href":"https:\/\/www.europesays.com\/es\/wp-json\/wp\/v2\/posts\/138120\/revisions"}],"wp:featuredmedia":[{"embeddable":true,"href":"https:\/\/www.europesays.com\/es\/wp-json\/wp\/v2\/media\/138121"}],"wp:attachment":[{"href":"https:\/\/www.europesays.com\/es\/wp-json\/wp\/v2\/media?parent=138120"}],"wp:term":[{"taxonomy":"category","embeddable":true,"href":"https:\/\/www.europesays.com\/es\/wp-json\/wp\/v2\/categories?post=138120"},{"taxonomy":"post_tag","embeddable":true,"href":"https:\/\/www.europesays.com\/es\/wp-json\/wp\/v2\/tags?post=138120"}],"curies":[{"name":"wp","href":"https:\/\/api.w.org\/{rel}","templated":true}]}}