{"id":138122,"date":"2025-09-25T14:46:12","date_gmt":"2025-09-25T14:46:12","guid":{"rendered":"https:\/\/www.europesays.com\/es\/138122\/"},"modified":"2025-09-25T14:46:12","modified_gmt":"2025-09-25T14:46:12","slug":"david-urbano-la-ultima-incorporacion-al-real-madrid","status":"publish","type":"post","link":"https:\/\/www.europesays.com\/es\/138122\/","title":{"rendered":"David Urbano, la \u00faltima incorporaci\u00f3n al Real Madrid"},"content":{"rendered":"<p class=\"ft-text\">Durante el partido del <strong>Real Madrid <\/strong>contra el <strong>Alba Berl\u00edn del Torneo Costa del Sol<\/strong> resalt\u00f3 una cara conocida en el banquillo del equipo madrile\u00f1o. El pasado 6 de septiembre se vio a <a class=\"ft-link ft-link--decoration\" href=\"https:\/\/www.sport.es\/es\/noticias\/barca\/baloncesto\/oriol-pauli-acerte-salida-barca-121904034\" rel=\"nofollow noopener\" target=\"_blank\">David Urbano, fisioterapeuta del Barcelona hasta la pasada temporada<\/a>, respaldando al Real Madrid.<\/p>\n<p>La despedida del Bar\u00e7a<\/p>\n<p class=\"ft-text\">Los intercambios entre los dos equipos no sueles ser comunes, por ese mismo motivo la presencia del miembro de los servicios m\u00e9dicos result\u00f3 llamativa en el mencionado amistoso de pretemporada. <strong>Urbano, uno de los fisioterapeutas m\u00e1s prestigiosos del baloncesto espa\u00f1ol,<\/strong> ha dejado atr\u00e1s su etapa en el Palau Blaugurana, donde ha ejercido durante la \u00faltima d\u00e9cada su profesi\u00f3n, para unirse a las filas del principal rival.<\/p>\n<p class=\"ft-text\">Urbano tambi\u00e9n particip\u00f3 en varias ocasiones como parte del equipo de la <strong>selecci\u00f3n espa\u00f1ola de baloncesto, donde coincidi\u00f3 con el ya exseleccionador Sergio Scariolo. El t\u00e9cnico italiano ha sido uno de sus principales valedores para llevarle a su nuevo y remozado proyecto en la capital.<\/strong> Tras su aparici\u00f3n en el banquillo del <strong>Real Madrid, su despedida del conjunto azulgrana se confirma. <\/strong><\/p>\n","protected":false},"excerpt":{"rendered":"Durante el partido del Real Madrid contra el Alba Berl\u00edn del Torneo Costa del Sol resalt\u00f3 una cara&hellip;\n","protected":false},"author":2,"featured_media":138123,"comment_status":"","ping_status":"","sticky":false,"template":"","format":"standard","meta":{"footnotes":""},"categories":[269],"tags":[299,2296,298,43456,168,25,24,665,3048,23,167],"class_list":{"0":"post-138122","1":"post","2":"type-post","3":"status-publish","4":"format-standard","5":"has-post-thumbnail","7":"category-baloncesto","8":"tag-baloncesto","9":"tag-barca","10":"tag-basketball","11":"tag-david-urbano","12":"tag-deportes","13":"tag-es","14":"tag-espana","15":"tag-liga-endesa","16":"tag-real-madrid","17":"tag-spain","18":"tag-sports"},"share_on_mastodon":{"url":"","error":""},"_links":{"self":[{"href":"https:\/\/www.europesays.com\/es\/wp-json\/wp\/v2\/posts\/138122","targetHints":{"allow":["GET"]}}],"collection":[{"href":"https:\/\/www.europesays.com\/es\/wp-json\/wp\/v2\/posts"}],"about":[{"href":"https:\/\/www.europesays.com\/es\/wp-json\/wp\/v2\/types\/post"}],"author":[{"embeddable":true,"href":"https:\/\/www.europesays.com\/es\/wp-json\/wp\/v2\/users\/2"}],"replies":[{"embeddable":true,"href":"https:\/\/www.europesays.com\/es\/wp-json\/wp\/v2\/comments?post=138122"}],"version-history":[{"count":0,"href":"https:\/\/www.europesays.com\/es\/wp-json\/wp\/v2\/posts\/138122\/revisions"}],"wp:featuredmedia":[{"embeddable":true,"href":"https:\/\/www.europesays.com\/es\/wp-json\/wp\/v2\/media\/138123"}],"wp:attachment":[{"href":"https:\/\/www.europesays.com\/es\/wp-json\/wp\/v2\/media?parent=138122"}],"wp:term":[{"taxonomy":"category","embeddable":true,"href":"https:\/\/www.europesays.com\/es\/wp-json\/wp\/v2\/categories?post=138122"},{"taxonomy":"post_tag","embeddable":true,"href":"https:\/\/www.europesays.com\/es\/wp-json\/wp\/v2\/tags?post=138122"}],"curies":[{"name":"wp","href":"https:\/\/api.w.org\/{rel}","templated":true}]}}