{"id":138130,"date":"2025-09-25T14:50:07","date_gmt":"2025-09-25T14:50:07","guid":{"rendered":"https:\/\/www.europesays.com\/es\/138130\/"},"modified":"2025-09-25T14:50:07","modified_gmt":"2025-09-25T14:50:07","slug":"chile-centrara-su-programacion-en-liber-en-la-figura-de-gabriela-mistral","status":"publish","type":"post","link":"https:\/\/www.europesays.com\/es\/138130\/","title":{"rendered":"Chile centrar\u00e1 su programaci\u00f3n en Liber en la figura de Gabriela Mistral"},"content":{"rendered":"<p data-gtm-element-container=\"modulo-texto-link\" class=\"paragraph\">MADRID, 25 (SERVIMEDIA)<\/p>\n<p data-gtm-element-container=\"modulo-texto-link\" class=\"paragraph\">Chile, pa\u00eds invitado en la Feria Internacional del Libro, Liber 2025, que se verificar\u00e1 entre el 7 y el 9 de octubre en Ifema Madrid, tendr\u00e1 como uno de los ejes de su programaci\u00f3n la figura de Gabriela Mistral, coincidiendo con el octog\u00e9simo aniversario de la concesi\u00f3n del Premio Nobel de Literatura a la autora chilena.<\/p>\n<p data-gtm-element-container=\"modulo-texto-link\" class=\"paragraph\">Seg\u00fan inform\u00f3 Liber, Chile ha organizado una serie de actividades para unir a Gabriela Mistral con las voces contempor\u00e1neas de la literatura chilena.<\/p>\n<p data-gtm-element-container=\"modulo-texto-link\" class=\"paragraph\">En ese sentido, la ministra de las Culturas, las Artes y el Patrimonio de Chile, Carolona Arredondo Marz\u00e1n, subray\u00f3 que \u201cla presencia de Chile en este importante evento internacional no s\u00f3lo celebra su rica tradici\u00f3n literaria, sino tambi\u00e9n abre nuevas oportunidades para la proyecci\u00f3n de su industria editorial, fortaleciendo v\u00ednculos culturales y promocionando autoras y autores contempor\u00e1neos en el escenario global\u201d.<\/p>\n<p data-gtm-element-container=\"modulo-texto-link\" class=\"paragraph\">La delegaci\u00f3n chilena en la feria estar\u00e1 compuesta por 17 participantes, entre los que se encuentran editoriales, agencias y otros actores del sector del libro, \u201cen un reflejo de la bibliodiversidad del sector y de la fortaleza de la industria editorial chilena\u201d.<\/p>\n<p data-gtm-element-container=\"modulo-texto-link\" class=\"paragraph\">Compondr\u00e1n esta delegaci\u00f3n Ebooks Patagonia, Escrito con Tiza, Minilupa, Dudo Ediciones, NautaColecciones Editores, Calcetines Animados, VLP Agency, Editorial Zig-Zag, Banda Propia, Descontexto Editores, Ediciones UC, Planeta Sostenible, Kindberg Editorial, Una casa de cart\u00f3n y Humita Dise\u00f1o y Mar\u00eda de los \u00c1ngeles Quinteros y Eduardo Castillo (C\u00e1mara Chilena del Libro).<\/p>\n<p data-gtm-element-container=\"modulo-texto-link\" class=\"paragraph\">La agenda de actividades de Chile reunir\u00e1 mesas redondas, conferencias, lecturas y presentaciones que posibilitar\u00e1n al p\u00fablico especializado \u201cconocer la diversidad de la literatura chilena actual\u201d.<\/p>\n<p data-gtm-element-container=\"modulo-texto-link\" class=\"paragraph\">En los tres d\u00edas de la feria, tendr\u00e1n lugar otros encuentros con autores que abordar\u00e1n la narrativa fant\u00e1stica, los or\u00edgenes de la literatura chilena y pondr\u00e1n en valor su herencia po\u00e9tica.<\/p>\n<p data-gtm-element-container=\"modulo-texto-link\" class=\"paragraph\">El programa tambi\u00e9n incluir\u00e1 presentaciones de libros y recitales que junto a intervenciones art\u00edsticas \u201cmostrar\u00e1n la riqueza cultural de Chile y el dinamismo de sus nuevas generaciones\u201d.<\/p>\n<p data-gtm-element-container=\"modulo-texto-link\" class=\"paragraph\">(SERVIMEDIA)25-SEP-2025 15:17 (GMT +2)MST\/pai<\/p>\n<p data-gtm-element-container=\"modulo-texto-link\" class=\"paragraph\">\u00a9 SERVIMEDIA. Esta informaci\u00f3n es propiedad de Servimedia. S\u00f3lo puede ser difundida por los clientes de esta agencia de noticias citando a Servimedia como autor o fuente. Todos los derechos reservados. Queda prohibida la distribuci\u00f3n y la comunicaci\u00f3n p\u00fablica por terceros mediante cualquier v\u00eda o soporte.<\/p>\n","protected":false},"excerpt":{"rendered":"MADRID, 25 (SERVIMEDIA) Chile, pa\u00eds invitado en la Feria Internacional del Libro, Liber 2025, que se verificar\u00e1 entre&hellip;\n","protected":false},"author":2,"featured_media":134164,"comment_status":"","ping_status":"","sticky":false,"template":"","format":"standard","meta":{"footnotes":""},"categories":[172],"tags":[224,146,147,25,24,225,23],"class_list":{"0":"post-138130","1":"post","2":"type-post","3":"status-publish","4":"format-standard","5":"has-post-thumbnail","7":"category-libros","8":"tag-books","9":"tag-entertainment","10":"tag-entretenimiento","11":"tag-es","12":"tag-espana","13":"tag-libros","14":"tag-spain"},"share_on_mastodon":{"url":"","error":""},"_links":{"self":[{"href":"https:\/\/www.europesays.com\/es\/wp-json\/wp\/v2\/posts\/138130","targetHints":{"allow":["GET"]}}],"collection":[{"href":"https:\/\/www.europesays.com\/es\/wp-json\/wp\/v2\/posts"}],"about":[{"href":"https:\/\/www.europesays.com\/es\/wp-json\/wp\/v2\/types\/post"}],"author":[{"embeddable":true,"href":"https:\/\/www.europesays.com\/es\/wp-json\/wp\/v2\/users\/2"}],"replies":[{"embeddable":true,"href":"https:\/\/www.europesays.com\/es\/wp-json\/wp\/v2\/comments?post=138130"}],"version-history":[{"count":0,"href":"https:\/\/www.europesays.com\/es\/wp-json\/wp\/v2\/posts\/138130\/revisions"}],"wp:featuredmedia":[{"embeddable":true,"href":"https:\/\/www.europesays.com\/es\/wp-json\/wp\/v2\/media\/134164"}],"wp:attachment":[{"href":"https:\/\/www.europesays.com\/es\/wp-json\/wp\/v2\/media?parent=138130"}],"wp:term":[{"taxonomy":"category","embeddable":true,"href":"https:\/\/www.europesays.com\/es\/wp-json\/wp\/v2\/categories?post=138130"},{"taxonomy":"post_tag","embeddable":true,"href":"https:\/\/www.europesays.com\/es\/wp-json\/wp\/v2\/tags?post=138130"}],"curies":[{"name":"wp","href":"https:\/\/api.w.org\/{rel}","templated":true}]}}