{"id":138131,"date":"2025-09-25T14:51:08","date_gmt":"2025-09-25T14:51:08","guid":{"rendered":"https:\/\/www.europesays.com\/es\/138131\/"},"modified":"2025-09-25T14:51:08","modified_gmt":"2025-09-25T14:51:08","slug":"el-presidente-de-rtve-eleva-la-presion-para-que-eurovision-expulse-a-israel-la-voz-de-galicia","status":"publish","type":"post","link":"https:\/\/www.europesays.com\/es\/138131\/","title":{"rendered":"El presidente de RTVE eleva la presi\u00f3n para que Eurovisi\u00f3n expulse a Israel &#8211; La Voz de Galicia"},"content":{"rendered":"<ol>\n<li><a href=\"https:\/\/news.google.com\/rss\/articles\/CBMi2AFBVV95cUxQRGxNSmJyQUR4NVBibS1mQzBhbEVoTlpIQTR4UXlpT2JXYnZOdzlKZEUxNWFaUjdBTFVqRi1jTEprVFpaUFkwaWwtR1lWRUExanRvRC1XSDdUd2RhSXlEQWRZSWVOTVg0ZXloZnhxdHlsNHpHWHR6M0pOdXQ2UUljZnFLeWpISUlfeE01dlFEVnA5RUExTGFQUkEtNS1pc2pRUGNNR3NHZWdXbjhSbXRfQ1V2M1Q2andUaGFpUUI5dVdRTVozRk9jSHFCaFprYWRUZWZJcWdzREzSAfQBQVVfeXFMTWJZdko5UjE3ZEhFWlNTaHRzNGhtdE1rM2htWkNiSWs5YnVsNG5SazVwOTdORlRhYmdDNXROSFloenNRRUhTZkpGNkQzSWdwbzNrU0xLXzBqeS1DWUtQY0tSd3NvN0c1LVVwaVdtRU1hMFBrZnVWWGZBWkhNb3p5eE5Od1JUb0pmWnhJT1lScFN3SVJDVnVxRGZ3dWtwcUZWMFQ5OVJ6RDdqeXk1RFNzLUpjc0ctRGx5cVlBUzQ2VW5tVzRFVGM3bWV1eS02RGItX0g1TkctMzdrb2FmRGVTZDFHN2c2Vy1rdFR0bGs4RnoxSk5OYQ?oc=5\" target=\"_blank\" rel=\"nofollow noopener\">El presidente de RTVE eleva la presi\u00f3n para que Eurovisi\u00f3n expulse a Israel<\/a>&nbsp;&nbsp;La Voz de Galicia<\/li>\n<li><a href=\"https:\/\/news.google.com\/rss\/articles\/CBMisgJBVV95cUxQNVc0MEw3WEx3M095MEZTWkFXOGlyR2pIZko2ZlJZQktvUXlaa3RDbzVaQzVCVndqOGRFZjlubWtibEdRRDFwSmJZXzZiX2k2Z1hlYjZxU3pfUnprNHlJWHluR1FrdTlKa0RUMjlzM2R6M0ZrcjRJd3YxNURVQW9IYl9YVVNiSWJmejd1YmtKMzRsNG5wWjgwTU1UakxkckZkZENTQWxEdk9najdGZVdvVS1qX2VLUERmVmwyWU5oVzBvYTFvUEYtaTJoejFNS3NINzZtdElEMDYxMUlJY0I5YjZiS1VJV19JUkZfNUpaM1A5RFhWZFRfbXUxQmNwWklXY0gxWUxnZ2RLcHRPeGVBbHRNby1Mc2tLdGNabVdWMy0zcFFQUHVndjFOTjRqZGJSTXc?oc=5\" target=\"_blank\" rel=\"nofollow noopener\">El presidente de RTVE defiende en el Congreso retirar a Espa\u00f1a de Eurovisi\u00f3n si Israel permanece: \u201cNo es un mero festival de canciones, su carga pol\u00edtica es enorme\u201d<\/a>&nbsp;&nbsp;EL PA\u00cdS<\/li>\n<li><a href=\"https:\/\/news.google.com\/rss\/articles\/CBMixwFBVV95cUxNdVI5OWtNVUd4YjFkN2ZGRloweU5WdEFkTWJoTTczaHJOUHZCaWMtZzViTXdXWHNaUzNKT041dVRPNHU3aUZldlptLUNha2hHVzRVUHhKLWJYRExyVm1aSlhYNmQ0SXVKUHJQR1FyclFhRE0yVGQycXFOOU1yOFpVblgyV3IyR2NCZWVpcS15dDUtTnJiVUNTNHNKSFl2Z1B3alpHMl8tc3VITTFoSW5sN3dac1E4QjZKeGtOaHpZbWk3d2l5ektn0gHHAUFVX3lxTE8yOHIyU3ZGZWVJWXBuR0JaOW1hVnFjSkNFZmxBQ2NZOWpjZDFrQ2ZRWDY2X2R1NW0wNWJ3eEsxcEN2a2lPWi1ldXFCWlNXZmliYkFBaUlMb3Y0NHV6RjRHTnVkLWVXb1EwbWVmTDBocEdVQlUxQXA0T2ViZzItNU1KNV8zS2pkWEN1WS16MjhiOWM0dExnMXlDS3c2enhsMUU0NmRxd25IYkpBY1VkMUNTSy1YMy0zejVUMkswQmpPQTE5dHptMWs?oc=5\" target=\"_blank\" rel=\"nofollow noopener\">El presidente de RTVE, sobre Israel en Eurovisi\u00f3n: \u00abEl da\u00f1o que la direcci\u00f3n de la UER est\u00e1 provocando al festival es inmenso\u00bb<\/a>&nbsp;&nbsp;RTVE.es<\/li>\n<li><a href=\"https:\/\/news.google.com\/rss\/articles\/CBMivgFBVV95cUxPakJUc1lEMWo2ZktZaEJvNzE0ek1wVGNuQ3JRdGl4U3V2OWI3UnpNNDl5Y1l0V0JHMUpSbTJFQndRQWRESjN0WVN3YkQzSlhwZzg0Z0l3a3NQUkp1UklNWHB2VWZkNW92RzhnQTFfdThvZF9aVmR6eFM0Q1ZCUXpRY3VOVjRGREI3cW5yRkViQVBqaVVwQ3FXUExIVG91MjhiR29IRjdiNlFveklfMVhBWWZoczZJel82THRibTFR?oc=5\" target=\"_blank\" rel=\"nofollow noopener\">Jos\u00e9 Pablo L\u00f3pez: \u00abEurovisi\u00f3n es el festival m\u00e1s politizado que existe\u00bb<\/a>&nbsp;&nbsp;ABC<\/li>\n<li><a href=\"https:\/\/news.google.com\/rss\/articles\/CBMi0wFBVV95cUxQMnNCcDd0N2dBY1JPZGJZRVFlY2NWU1RZZWxDSmFRdjI5cFBoS1dlWGRjTW5MdlBWbFB5RzhUaEdWVE5LWUNCQmw0TWlTdWFGZUJqRXgzTGRYQUM4UnE3MlI4ZkFwNThSZDNVb1ZpT0JBUzhZLVdxRXVOVzZmWDJ3eWdOUWZQb1Y4M29BbFgzalBDSG55RHRaSTRqTjJyVmZFRUpLOFhNUEdYWVNURzZ4Rm5nYWptNlJPY3ltRTRJWWp1ZWZFcVdiTXBGNXlibVhRWFlv?oc=5\" target=\"_blank\" rel=\"nofollow noopener\">El presidente de RTVE, sobre Israel: \u00abEl da\u00f1o que la direcci\u00f3n de la UER est\u00e1 provocando a Eurovisi\u00f3n es inmenso\u00bb<\/a>&nbsp;&nbsp;elDiario.es<\/li>\n<\/ol>\n","protected":false},"excerpt":{"rendered":"El presidente de RTVE eleva la presi\u00f3n para que Eurovisi\u00f3n expulse a Israel&nbsp;&nbsp;La Voz de Galicia El presidente&hellip;\n","protected":false},"author":2,"featured_media":138132,"comment_status":"","ping_status":"","sticky":false,"template":"","format":"standard","meta":{"footnotes":""},"categories":[171],"tags":[146,147,25,24,24121,694,74,518,23,214],"class_list":{"0":"post-138131","1":"post","2":"type-post","3":"status-publish","4":"format-standard","5":"has-post-thumbnail","7":"category-tv","8":"tag-entertainment","9":"tag-entretenimiento","10":"tag-es","11":"tag-espana","12":"tag-eurovision","13":"tag-gaza","14":"tag-israel","15":"tag-rtve","16":"tag-spain","17":"tag-tv"},"share_on_mastodon":{"url":"","error":""},"_links":{"self":[{"href":"https:\/\/www.europesays.com\/es\/wp-json\/wp\/v2\/posts\/138131","targetHints":{"allow":["GET"]}}],"collection":[{"href":"https:\/\/www.europesays.com\/es\/wp-json\/wp\/v2\/posts"}],"about":[{"href":"https:\/\/www.europesays.com\/es\/wp-json\/wp\/v2\/types\/post"}],"author":[{"embeddable":true,"href":"https:\/\/www.europesays.com\/es\/wp-json\/wp\/v2\/users\/2"}],"replies":[{"embeddable":true,"href":"https:\/\/www.europesays.com\/es\/wp-json\/wp\/v2\/comments?post=138131"}],"version-history":[{"count":0,"href":"https:\/\/www.europesays.com\/es\/wp-json\/wp\/v2\/posts\/138131\/revisions"}],"wp:featuredmedia":[{"embeddable":true,"href":"https:\/\/www.europesays.com\/es\/wp-json\/wp\/v2\/media\/138132"}],"wp:attachment":[{"href":"https:\/\/www.europesays.com\/es\/wp-json\/wp\/v2\/media?parent=138131"}],"wp:term":[{"taxonomy":"category","embeddable":true,"href":"https:\/\/www.europesays.com\/es\/wp-json\/wp\/v2\/categories?post=138131"},{"taxonomy":"post_tag","embeddable":true,"href":"https:\/\/www.europesays.com\/es\/wp-json\/wp\/v2\/tags?post=138131"}],"curies":[{"name":"wp","href":"https:\/\/api.w.org\/{rel}","templated":true}]}}