{"id":138135,"date":"2025-09-25T14:53:12","date_gmt":"2025-09-25T14:53:12","guid":{"rendered":"https:\/\/www.europesays.com\/es\/138135\/"},"modified":"2025-09-25T14:53:12","modified_gmt":"2025-09-25T14:53:12","slug":"los-nuevos-proyectos-de-atresplayer","status":"publish","type":"post","link":"https:\/\/www.europesays.com\/es\/138135\/","title":{"rendered":"los nuevos proyectos de Atresplayer"},"content":{"rendered":"<p class=\"paragraph\" id=\"paragraph_1\"><strong>Atresplayer calienta motores para la nueva temporada televisiva<\/strong>. Dentro del marco de la 73 edici\u00f3n del Festival de San Sebasti\u00e1n, donde su presencia es habitual, la plataforma ha mostrado sus t\u00edtulos que se ver\u00e1n pr\u00f3ximamente, adem\u00e1s de novedades importantes como la <strong>renovaci\u00f3n de \u00bfA qu\u00e9 est\u00e1s esperando? o <a href=\"https:\/\/www.elespanol.com\/corazon\/estilo\/20250911\/paula-echevarria-maestra-combinacion-estrella-temporada-vestido-lencero-negro-pantalones\/1003743921319_0.html?utm_cmp_rs=linksinline\" rel=\"nofollow noopener\" target=\"_blank\">el regreso de Paula Echevarr\u00eda<\/a><\/strong> a una ficci\u00f3n de Atresmedia.<\/p>\n<p class=\"paragraph\" id=\"paragraph_2\">La plataforma prepara una gran bater\u00eda de estrenos para el final de 2025 y principios de 2026. Este mes de septiembre, ha llegado a la plataforma la serie Mar afuera, tambi\u00e9n <a href=\"https:\/\/www.elespanol.com\/bluper\/20250922\/sale-luz-trailer-oficial-drag-race-espana-fecha-estreno-novedades-quinta-temporada\/1003743935615_0.html?utm_cmp_rs=linksinline\" rel=\"nofollow noopener\" target=\"_blank\">lo har\u00e1 la <strong>quinta edici\u00f3n de Drag Race Espa\u00f1a este 28 de septiembre<\/strong><\/a>.<\/p>\n<p class=\"paragraph\" id=\"paragraph_3\">Otro t\u00edtulo que <strong>llegar\u00e1 en octubre, el d\u00eda 26, <a href=\"https:\/\/www.elespanol.com\/bluper\/series\/20250923\/ruta-vol-ibiza-busca-ir-delante-mirar-enfoque-intimista\/1003743937188_0.html?utm_cmp_rs=linksinline\" rel=\"nofollow noopener\" target=\"_blank\">ser\u00e1 La Ruta. Vol. 2: Ibiza<\/a><\/strong><a href=\"https:\/\/www.elespanol.com\/bluper\/series\/20250923\/ruta-vol-ibiza-busca-ir-delante-mirar-enfoque-intimista\/1003743937188_0.html?utm_cmp_rs=linksinline\" rel=\"nofollow noopener\" target=\"_blank\">, cuya puesta de largo ha sido durante el certamen cinematogr\u00e1fico<\/a>. En noviembre se estrenar\u00e1 la esperada <strong>adaptaci\u00f3n televisiva de Las hijas de la criada<\/strong>, el best-seller con el que Sonsoles \u00d3nega se alz\u00f3 con el Premio Planeta.<\/p>\n<p><img loading=\"lazy\" decoding=\"async\" alt=\"Alba Flores presenta el documental sobre su padre en San Sebasti\u00e1n: Hemos descubierto much\u00edsimo de mi padre\" height=\"180\" src=\"https:\/\/www.europesays.com\/es\/wp-content\/uploads\/2025\/09\/1003743937689_258936806_320x180.jpg\" width=\"320\" data-lazy-status=\"processed\" data-lazy-info=\"remove loading item 1\"\/><\/p>\n<p class=\"paragraph\" id=\"paragraph_4\"><strong>Habr\u00e1 estreno navide\u00f1o con Los Protegidos: Un nuevo poder, <\/strong>tercera entrega de la saga, que supondr\u00e1 el regreso de Angie Cepeda a la franquicia y que aprovechar\u00e1 su temporada de lanzamiento para traer una trama propia de las fiestas.<\/p>\n<p class=\"paragraph\" id=\"paragraph_5\">Por supuesto, no han faltado tampoco anuncios para 2026. El a\u00f1o nuevo contar\u00e1 con el <strong>desembarco de la segunda temporada de Entre tierras,<\/strong> uno de los t\u00edtulos m\u00e1s vistos de la plataforma a nivel internacional.<\/p>\n<p><img decoding=\"async\" alt=\"Imagen de 'Las hijas de la criada'.\" data-imgm=\"true\" height=\"180\" loading=\"lazy\"  src=\"https:\/\/www.europesays.com\/es\/wp-content\/uploads\/2025\/09\/1003743861561_257533935_1024x576.jpg\"  width=\"320\"\/><\/p>\n<p>                                                            Imagen de &#8216;Las hijas de la criada&#8217;.<\/p>\n<p class=\"paragraph\" id=\"paragraph_6\">No pueden faltar tampoco 33 d\u00edas, tambi\u00e9n presentada en el Zinemaldia, as\u00ed como <strong>Rafaela y su loco mundo, una \u00e1cida propuesta<\/strong> de humor liderada por An\u00edbal G\u00f3mez, miembro del grupo Ojete Calor.<\/p>\n<p class=\"paragraph\" id=\"paragraph_7\">Entre las novedades ha estado <strong>el estreno del tr\u00e1iler de La Nena<\/strong>, tercera entrega del fen\u00f3meno La novia gitana, el \u00e9xito literario del tr\u00edo de autores que conforman la firma Carmen Mola.<\/p>\n<p>                                                            Tr\u00e1iler oficial &#8216;La Nena&#8217;<\/p>\n<p class=\"paragraph\" id=\"paragraph_8\">Un adelanto que ha contado con la <strong>presencia del director de la ficci\u00f3n, Paco Cabezas<\/strong>, y que busca replicar el \u00e9xito tanto de La novia gitana como de La red p\u00farpura. Vuelve la BAC y todo su equipo, pero esta vez muy fragmentado y con heridas incurables dentro de la Brigada.<\/p>\n<p class=\"paragraph\" id=\"paragraph_9\"><strong>Elena Blanco tomar\u00e1 cierta distancia con su trabajo mientras contin\u00faa su duelo<\/strong>. Por su parte, Chesca buscar\u00e1 venganza tras todo lo sucedido despu\u00e9s de desenmascarar a La Red P\u00farpura.<\/p>\n<p><img decoding=\"async\" alt=\"Alauda Ruiz de Az\u00faa en el Festival de cine de San Sebasti\u00e1n. Foto: Unanue \/ Europa Press.\" height=\"180\" loading=\"lazy\" width=\"320\" data-lazy-status=\"processed\" id=\"dc099479e9\" src=\"https:\/\/www.elespanol.com\/bluper\/series\/20250923\/trailer-nena-nuevas-ficciones-vuelta-paula-echevarria-atresmedia-nuevos-proyectos-atresplayer\/[\" https:=\"\" data-lazy-info=\"changed src\"\/><\/p>\n<p class=\"paragraph\" id=\"paragraph_10\">Entre los anuncios m\u00e1s a largo plazo han estado <strong>las renovaciones de F\u00edsica o Qu\u00edmica: la nueva generaci\u00f3n y \u00bfA qu\u00e9 est\u00e1s esperando?, a<\/strong>mbas por una segunda temporada. La plataforma revelaba as\u00ed que la ficci\u00f3n que adapta las novelas de Megan Maxwell volver\u00eda con m\u00e1s episodios.<\/p>\n<p class=\"paragraph\" id=\"paragraph_11\">Tambi\u00e9n est\u00e1 el <strong>estreno de la serie de la saga Padre no hay m\u00e1s que uno,<\/strong> cuyo rodaje finaliz\u00f3 recientemente y que se ver\u00e1 tambi\u00e9n en 2026. De la misma manera, ha habido espacio para el anuncio de nuevas producciones.<\/p>\n<p>                                                            Avance de novedades Atresplayer 2025-2026<\/p>\n<p class=\"paragraph\" id=\"paragraph_12\">Una de ellas ser\u00e1 <strong>\u00c1gata y Lola, una serie polic\u00edaca procedimental <\/strong>que ser\u00e1 una especie de \u2018Buddy Movie\u2019 femenina. Tambi\u00e9n estar\u00e1 Trazos ocultos, una ficci\u00f3n que ser\u00e1 protagonizada por Toni Acosta y tendr\u00e1 lugar en Canarias.<\/p>\n<p class=\"paragraph\" id=\"paragraph_13\">El plato fuerte viene con <strong>A la deriva, que supondr\u00e1 el regreso de Paula Echevarr\u00eda a un proyecto de Atresmedia<\/strong>. Consolidada como jurado de Got Talent, la actriz asturiana no hab\u00eda liderado ning\u00fan proyecto para la cadena ubicada en San Sebasti\u00e1n de los Reyes desde la elegante Velvet, entre 2013 y 2016.<\/p>\n","protected":false},"excerpt":{"rendered":"Atresplayer calienta motores para la nueva temporada televisiva. Dentro del marco de la 73 edici\u00f3n del Festival de&hellip;\n","protected":false},"author":2,"featured_media":138136,"comment_status":"","ping_status":"","sticky":false,"template":"","format":"standard","meta":{"footnotes":""},"categories":[169],"tags":[151,43077,177,43457,146,147,25,24,176,175,22718,805,12072,8190,23,807],"class_list":{"0":"post-138135","1":"post","2":"type-post","3":"status-publish","4":"format-standard","5":"has-post-thumbnail","7":"category-cine","8":"tag-atresmedia","9":"tag-atresplayer-premium","10":"tag-cine","11":"tag-drag-race-programa-de-television","12":"tag-entertainment","13":"tag-entretenimiento","14":"tag-es","15":"tag-espana","16":"tag-film","17":"tag-movies","18":"tag-plataformas-de-streaming","19":"tag-series","20":"tag-series-de-television","21":"tag-series-espanolas","22":"tag-spain","23":"tag-television"},"share_on_mastodon":{"url":"","error":""},"_links":{"self":[{"href":"https:\/\/www.europesays.com\/es\/wp-json\/wp\/v2\/posts\/138135","targetHints":{"allow":["GET"]}}],"collection":[{"href":"https:\/\/www.europesays.com\/es\/wp-json\/wp\/v2\/posts"}],"about":[{"href":"https:\/\/www.europesays.com\/es\/wp-json\/wp\/v2\/types\/post"}],"author":[{"embeddable":true,"href":"https:\/\/www.europesays.com\/es\/wp-json\/wp\/v2\/users\/2"}],"replies":[{"embeddable":true,"href":"https:\/\/www.europesays.com\/es\/wp-json\/wp\/v2\/comments?post=138135"}],"version-history":[{"count":0,"href":"https:\/\/www.europesays.com\/es\/wp-json\/wp\/v2\/posts\/138135\/revisions"}],"wp:featuredmedia":[{"embeddable":true,"href":"https:\/\/www.europesays.com\/es\/wp-json\/wp\/v2\/media\/138136"}],"wp:attachment":[{"href":"https:\/\/www.europesays.com\/es\/wp-json\/wp\/v2\/media?parent=138135"}],"wp:term":[{"taxonomy":"category","embeddable":true,"href":"https:\/\/www.europesays.com\/es\/wp-json\/wp\/v2\/categories?post=138135"},{"taxonomy":"post_tag","embeddable":true,"href":"https:\/\/www.europesays.com\/es\/wp-json\/wp\/v2\/tags?post=138135"}],"curies":[{"name":"wp","href":"https:\/\/api.w.org\/{rel}","templated":true}]}}