{"id":138156,"date":"2025-09-25T15:08:08","date_gmt":"2025-09-25T15:08:08","guid":{"rendered":"https:\/\/www.europesays.com\/es\/138156\/"},"modified":"2025-09-25T15:08:08","modified_gmt":"2025-09-25T15:08:08","slug":"vendidas-mas-de-48-000-entradas","status":"publish","type":"post","link":"https:\/\/www.europesays.com\/es\/138156\/","title":{"rendered":"vendidas m\u00e1s de 48.000 entradas"},"content":{"rendered":"<p>Un acontecimiento que ha despertado un gran inter\u00e9s, en la regi\u00f3n y fuera. El Gran Premio de Espa\u00f1a de F\u00f3rmula 1 que se celebrar\u00e1 en Madrid del 11 al 13 de septiembre de 2026 <b>ya ha vendido, desde el pasado 15 de septiembre<\/b>, cuando comenz\u00f3 la preventa, hasta este martes, m\u00e1s de 48.500 entradas, seg\u00fan inform\u00f3 la propia organizaci\u00f3n del evento.<\/p>\n<p>El GP de Espa\u00f1a de F1 a partir de 2026 que acoger\u00e1 Madring arrasa en ventas y ya ha vendido m\u00e1s de 48.500 entradas. La venta al p\u00fablico general se abri\u00f3 este martes y en 12 horas se vendieron m\u00e1s de 20.000. El precio parti\u00f3 de los 195 euros, correspondiente a la zona de &#8216;pelouse&#8217;, y los 324 euros de la zona de grada. <b>\u00abEstas dos categor\u00edas arrasaron en apenas unos minutos\u00bb, destac\u00f3 el comunicado de la organizaci\u00f3n. <\/b><\/p>\n<p>Coincidiendo con la salida a la venta al p\u00fablico general, se proyect\u00f3 en las pantallas de Times Square, Burj Khalifa, Shinjuku y hasta ocho repartidas por Ciudad de M\u00e9xico un espectacular video en 3D anunciando este GP de Espa\u00f1a de F\u00f3rmula 1. Y es que <b>el 23% de las ventas proceden del extranjero. <\/b><\/p>\n<p>De ellas, Reino Unido se posiciona como el primer pa\u00eds que m\u00e1s ventas ha acaparado con un 4%. Le siguen M\u00e9xico, con un 3%, y Estados Unidos, con un 2,5% de las ventas de entradas para el evento del &#8216;Gran Circo&#8217; en la capital espa\u00f1ola.<\/p>\n","protected":false},"excerpt":{"rendered":"Un acontecimiento que ha despertado un gran inter\u00e9s, en la regi\u00f3n y fuera. El Gran Premio de Espa\u00f1a&hellip;\n","protected":false},"author":2,"featured_media":138157,"comment_status":"","ping_status":"","sticky":false,"template":"","format":"standard","meta":{"footnotes":""},"categories":[270],"tags":[168,25,24,306,271,272,23,167],"class_list":{"0":"post-138156","1":"post","2":"type-post","3":"status-publish","4":"format-standard","5":"has-post-thumbnail","7":"category-formula-1","8":"tag-deportes","9":"tag-es","10":"tag-espana","11":"tag-f1","12":"tag-formula-1","13":"tag-formula1","14":"tag-spain","15":"tag-sports"},"share_on_mastodon":{"url":"","error":""},"_links":{"self":[{"href":"https:\/\/www.europesays.com\/es\/wp-json\/wp\/v2\/posts\/138156","targetHints":{"allow":["GET"]}}],"collection":[{"href":"https:\/\/www.europesays.com\/es\/wp-json\/wp\/v2\/posts"}],"about":[{"href":"https:\/\/www.europesays.com\/es\/wp-json\/wp\/v2\/types\/post"}],"author":[{"embeddable":true,"href":"https:\/\/www.europesays.com\/es\/wp-json\/wp\/v2\/users\/2"}],"replies":[{"embeddable":true,"href":"https:\/\/www.europesays.com\/es\/wp-json\/wp\/v2\/comments?post=138156"}],"version-history":[{"count":0,"href":"https:\/\/www.europesays.com\/es\/wp-json\/wp\/v2\/posts\/138156\/revisions"}],"wp:featuredmedia":[{"embeddable":true,"href":"https:\/\/www.europesays.com\/es\/wp-json\/wp\/v2\/media\/138157"}],"wp:attachment":[{"href":"https:\/\/www.europesays.com\/es\/wp-json\/wp\/v2\/media?parent=138156"}],"wp:term":[{"taxonomy":"category","embeddable":true,"href":"https:\/\/www.europesays.com\/es\/wp-json\/wp\/v2\/categories?post=138156"},{"taxonomy":"post_tag","embeddable":true,"href":"https:\/\/www.europesays.com\/es\/wp-json\/wp\/v2\/tags?post=138156"}],"curies":[{"name":"wp","href":"https:\/\/api.w.org\/{rel}","templated":true}]}}