{"id":138164,"date":"2025-09-25T15:13:10","date_gmt":"2025-09-25T15:13:10","guid":{"rendered":"https:\/\/www.europesays.com\/es\/138164\/"},"modified":"2025-09-25T15:13:10","modified_gmt":"2025-09-25T15:13:10","slug":"ayuntamiento-de-toledo-lectura-recomendada-del-jueves","status":"publish","type":"post","link":"https:\/\/www.europesays.com\/es\/138164\/","title":{"rendered":"Ayuntamiento de Toledo Lectura recomendada del jueves"},"content":{"rendered":"\n<p>\t\tAyuntamiento de Toledo<br \/>\n\t\t\t\t\t\t\tLectura recomendada del jueves<\/p>\n<p>\t\t\t\t\t\t\t\t\t\t\t\tLectura recomendada del jueves<\/p>\n<p>                                                                                                                                                                                                    Lleg\u00f3 el jueves y, con \u00e9l, nuestra recomendaci\u00f3n literaria. Hoy dedicamos este espacio a Sylvia Plath (Boston, 1932-1963), destacada escritora y poeta estadounidense. Plath fue la primera autora en recibir un Premio Pulitzer de manera p\u00f3stuma. Visita nuestras Bibliotecas y ll\u00e9vate en pr\u00e9stamo sus libros.<\/p>\n<p><img loading=\"lazy\" decoding=\"async\" class=\"size-medium wp-image-676972\" src=\"https:\/\/www.europesays.com\/es\/wp-content\/uploads\/2025\/09\/recomendacion-del-jueves_sylvia-plath-480x600.png\" alt=\"recomendaci\u00f3n del jueves_sylvia plath\" width=\"480\" height=\"600\"  \/><\/p>\n<p>                                                    <img decoding=\"async\" src=\"https:\/\/www.europesays.com\/es\/wp-content\/uploads\/2025\/09\/lectura-recomendada-del-jueves.jpg\" alt=\"https:\/\/www.europesays.com\/es\/wp-content\/uploads\/2025\/09\/lectura-recomendada-del-jueves.jpg. Lectura recomendada del jueves\"\/><\/p>\n<p><\/p>\n","protected":false},"excerpt":{"rendered":"Ayuntamiento de Toledo Lectura recomendada del jueves Lectura recomendada del jueves Lleg\u00f3 el jueves y, con \u00e9l, nuestra&hellip;\n","protected":false},"author":2,"featured_media":138165,"comment_status":"","ping_status":"","sticky":false,"template":"","format":"standard","meta":{"footnotes":""},"categories":[172],"tags":[224,146,147,25,24,225,23],"class_list":{"0":"post-138164","1":"post","2":"type-post","3":"status-publish","4":"format-standard","5":"has-post-thumbnail","7":"category-libros","8":"tag-books","9":"tag-entertainment","10":"tag-entretenimiento","11":"tag-es","12":"tag-espana","13":"tag-libros","14":"tag-spain"},"share_on_mastodon":{"url":"","error":""},"_links":{"self":[{"href":"https:\/\/www.europesays.com\/es\/wp-json\/wp\/v2\/posts\/138164","targetHints":{"allow":["GET"]}}],"collection":[{"href":"https:\/\/www.europesays.com\/es\/wp-json\/wp\/v2\/posts"}],"about":[{"href":"https:\/\/www.europesays.com\/es\/wp-json\/wp\/v2\/types\/post"}],"author":[{"embeddable":true,"href":"https:\/\/www.europesays.com\/es\/wp-json\/wp\/v2\/users\/2"}],"replies":[{"embeddable":true,"href":"https:\/\/www.europesays.com\/es\/wp-json\/wp\/v2\/comments?post=138164"}],"version-history":[{"count":0,"href":"https:\/\/www.europesays.com\/es\/wp-json\/wp\/v2\/posts\/138164\/revisions"}],"wp:featuredmedia":[{"embeddable":true,"href":"https:\/\/www.europesays.com\/es\/wp-json\/wp\/v2\/media\/138165"}],"wp:attachment":[{"href":"https:\/\/www.europesays.com\/es\/wp-json\/wp\/v2\/media?parent=138164"}],"wp:term":[{"taxonomy":"category","embeddable":true,"href":"https:\/\/www.europesays.com\/es\/wp-json\/wp\/v2\/categories?post=138164"},{"taxonomy":"post_tag","embeddable":true,"href":"https:\/\/www.europesays.com\/es\/wp-json\/wp\/v2\/tags?post=138164"}],"curies":[{"name":"wp","href":"https:\/\/api.w.org\/{rel}","templated":true}]}}