{"id":138170,"date":"2025-09-25T15:16:11","date_gmt":"2025-09-25T15:16:11","guid":{"rendered":"https:\/\/www.europesays.com\/es\/138170\/"},"modified":"2025-09-25T15:16:11","modified_gmt":"2025-09-25T15:16:11","slug":"asiste-al-preestreno-de-karmele-el-pais-para-suscriptores","status":"publish","type":"post","link":"https:\/\/www.europesays.com\/es\/138170\/","title":{"rendered":"Asiste al preestreno de \u2018Karmele\u2019 | EL PA\u00cdS + para suscriptores"},"content":{"rendered":"<p>CINE<\/p>\n<p class=\"a_st\">Participa y consigue una invitaci\u00f3n doble para ver antes que nadie esta pel\u00edcula protagonizada por Jone Laspiur y Eneko Sagardoy<\/p>\n<p><img fetchpriority=\"high\" decoding=\"auto\" class=\"_re  a_m-h\" height=\"182\"  width=\"414\"  src=\"https:\/\/www.europesays.com\/es\/wp-content\/uploads\/2025\/09\/7E3BMQMSUNEX7DD2HUGOTXLPBQ.jpg\" loading=\"eager\"\/>Tras su paso por San Sebasti\u00e1n, &#8216;Karmele&#8217; llegar\u00e1 a las salas el pr\u00f3ximo 10 de octubre.<\/p>\n<p class=\"\">El pr\u00f3ximo <b>viernes<\/b> <b>10 de octubre<\/b> se estrena en cines <b>Karmele, <\/b>una historia de lucha y dignidad dirigida por <b>Asier Altuna. <\/b>La cinta est\u00e1 basada en la historia de amor real de <b>Karmele Urresti y Txomin Letamendi,<\/b> una pareja marcada por el exilio y el compromiso pol\u00edtico en un contexto de guerra. Por ser lector de EL PA\u00cdS, consigue una entrada doble para asistir al preestreno que tendr\u00e1 lugar el pr\u00f3ximo <b>jueves 9 de octubre <\/b>a las <b>19:30<\/b> en los <b>Cines Renoir Princesa<\/b>. El evento contar\u00e1 con una presentaci\u00f3n previa a la proyecci\u00f3n a cargo de su director y actores protagonistas. \u00a1Participa!<\/p>\n<p>Sinopsis<\/p>\n<p class=\"\">Karmele (Jone Laspiur) es una enfermera vasca exiliada en Francia a finales de los a\u00f1os treinta. All\u00ed conoce a Txomin (Eneko Sagardoy), un virtuoso trompetista, con el que vive una historia de amor y compromiso pol\u00edtico entre Par\u00eds, Caracas y Pa\u00eds Vasco. Juntos forman una familia y comparten una complicidad absoluta hasta que llega el momento de elegir entre la fidelidad a la familia o a las ideas.<\/p>\n<p>M\u00e1s informaci\u00f3n<\/p>\n<p>Jueves 9 de octubre a las 19:30.<\/p>\n<p>Archivado EnSi est\u00e1 interesado en licenciar este contenido, pinche <a class=\"a_tp_si_l\" href=\"https:\/\/profesional.elpais.com\/soluciones-sindicacion\/?utm_medium=interno&amp;utm_source=crosslinking&amp;utm_campaign=sindicacion_ep_pie_articulos\" target=\"_blank\" rel=\"noopener noreferrer nofollow\">aqu\u00ed<\/a><\/p>\n","protected":false},"excerpt":{"rendered":"CINE Participa y consigue una invitaci\u00f3n doble para ver antes que nadie esta pel\u00edcula protagonizada por Jone Laspiur&hellip;\n","protected":false},"author":2,"featured_media":138171,"comment_status":"","ping_status":"","sticky":false,"template":"","format":"standard","meta":{"footnotes":""},"categories":[169],"tags":[177,209,146,147,25,24,13802,176,13172,448,175,3799,24083,15704,23],"class_list":{"0":"post-138170","1":"post","2":"type-post","3":"status-publish","4":"format-standard","5":"has-post-thumbnail","7":"category-cine","8":"tag-cine","9":"tag-cultura","10":"tag-entertainment","11":"tag-entretenimiento","12":"tag-es","13":"tag-espana","14":"tag-estrenos-cine","15":"tag-film","16":"tag-guerra-civil-espanola","17":"tag-historia","18":"tag-movies","19":"tag-ocio","20":"tag-preestrenos","21":"tag-primera-guerra-mundial","22":"tag-spain"},"share_on_mastodon":{"url":"","error":""},"_links":{"self":[{"href":"https:\/\/www.europesays.com\/es\/wp-json\/wp\/v2\/posts\/138170","targetHints":{"allow":["GET"]}}],"collection":[{"href":"https:\/\/www.europesays.com\/es\/wp-json\/wp\/v2\/posts"}],"about":[{"href":"https:\/\/www.europesays.com\/es\/wp-json\/wp\/v2\/types\/post"}],"author":[{"embeddable":true,"href":"https:\/\/www.europesays.com\/es\/wp-json\/wp\/v2\/users\/2"}],"replies":[{"embeddable":true,"href":"https:\/\/www.europesays.com\/es\/wp-json\/wp\/v2\/comments?post=138170"}],"version-history":[{"count":0,"href":"https:\/\/www.europesays.com\/es\/wp-json\/wp\/v2\/posts\/138170\/revisions"}],"wp:featuredmedia":[{"embeddable":true,"href":"https:\/\/www.europesays.com\/es\/wp-json\/wp\/v2\/media\/138171"}],"wp:attachment":[{"href":"https:\/\/www.europesays.com\/es\/wp-json\/wp\/v2\/media?parent=138170"}],"wp:term":[{"taxonomy":"category","embeddable":true,"href":"https:\/\/www.europesays.com\/es\/wp-json\/wp\/v2\/categories?post=138170"},{"taxonomy":"post_tag","embeddable":true,"href":"https:\/\/www.europesays.com\/es\/wp-json\/wp\/v2\/tags?post=138170"}],"curies":[{"name":"wp","href":"https:\/\/api.w.org\/{rel}","templated":true}]}}