{"id":138193,"date":"2025-09-25T15:33:11","date_gmt":"2025-09-25T15:33:11","guid":{"rendered":"https:\/\/www.europesays.com\/es\/138193\/"},"modified":"2025-09-25T15:33:11","modified_gmt":"2025-09-25T15:33:11","slug":"laliga-anuncia-el-horario-del-betis","status":"publish","type":"post","link":"https:\/\/www.europesays.com\/es\/138193\/","title":{"rendered":"LaLiga anuncia el horario del Betis"},"content":{"rendered":"<p>Encuentro correspondiente a la d\u00e9cima jornada del campeonato<\/p>\n<p><img fetchpriority=\"high\" class=\"voc-img\" src=\"https:\/\/www.europesays.com\/es\/wp-content\/uploads\/2025\/09\/horarios-decima-jornada_20250925123855-RekEWgT79F6xyRvxMSpm0qI-1200x840@diario_abc.jpg\" loading=\"eager\" decoding=\"async\" alt=\"LaLiga anuncia el horario del Betis - Atl\u00e9tico de Madrid\" width=\"1200\" height=\"840\"\/><\/p>\n<p><img decoding=\"async\" class=\"voc-author__img\" src=\"https:\/\/www.europesays.com\/es\/wp-content\/uploads\/2025\/07\/autor-3500-foto-3.png\" alt=\"Juan Arbide\"\/><\/p>\n<p>25\/09\/2025<br \/>\n<br \/><strong><br \/>\nActualizado a las 13:36h.<br \/>\n<\/strong><\/p>\n<p class=\"voc-p\" style=\"\">Ya se conocen los horarios de la d\u00e9cima jornada en LaLiga. El partido <strong>Betis &#8211; Atl\u00e9tico de Madrid<\/strong> se disputar\u00e1 en el estadio de la Cartuja el lunes 27 de octubre a partir de las 21.00. Hasta entonces, el equipo entrenado por Manuel Pellegrini tiene que afrontar cinco encuentros oficiales entre el campeonato de Primera divisi\u00f3n y la fase de liga de la Europa League. <\/p>\n<p class=\"voc-p\" style=\"\">Este pr\u00f3ximo domingo (21.00), el Betis recibir\u00e1 al <strong>Osasuna<\/strong> en la s\u00e9ptima jornada del campeonato y cuatro d\u00edas despu\u00e9s llegar\u00e1 la segunda jornada de la competici\u00f3n continental con el partido a domicilio ante el <strong>Ludogorest<\/strong> (jueves 2 de octubre, 18.45). <\/p>\n<p class=\"voc-p\" style=\"\">Para el domingo 5 de octubre (18.30) est\u00e1 previsto el <strong>Espanyol<\/strong>-Betis correspondiente a la octava jornada de LaLiga. A continuaci\u00f3n llegar\u00e1 un fin de semana sin f\u00fatbol en LaLiga debido al segundo par\u00f3n en el calendario por los partidos internacionales de selecciones. El equipo verdiblanco volver\u00e1 a la competici\u00f3n con el partido a domicilio ante el <strong>Villarreal<\/strong> (s\u00e1bado 18 de octubre, 18.30). <\/p>\n<p class=\"voc-p\" style=\"\">Y antes de la visita del Atl\u00e9tico de Madrid al estadio de la Cartuja, el Betis tendr\u00e1 una nueva jornada a domicilio en la Europa League con el partido ante el Genk previsto para el jueves 23 de octubre (18.45).<\/p>\n<p>Reportar un error<\/p>\n","protected":false},"excerpt":{"rendered":"Encuentro correspondiente a la d\u00e9cima jornada del campeonato 25\/09\/2025 Actualizado a las 13:36h. Ya se conocen los horarios&hellip;\n","protected":false},"author":2,"featured_media":138194,"comment_status":"","ping_status":"","sticky":false,"template":"","format":"standard","meta":{"footnotes":""},"categories":[268],"tags":[4187,1517,291,168,25,24,280,282,319,288,205,281,23,167],"class_list":{"0":"post-138193","1":"post","2":"type-post","3":"status-publish","4":"format-standard","5":"has-post-thumbnail","7":"category-futbol","8":"tag-anuncia","9":"tag-atletico","10":"tag-betis","11":"tag-deportes","12":"tag-es","13":"tag-espana","14":"tag-football","15":"tag-futbol","16":"tag-horario","17":"tag-laliga","18":"tag-madrid","19":"tag-soccer","20":"tag-spain","21":"tag-sports"},"share_on_mastodon":{"url":"","error":""},"_links":{"self":[{"href":"https:\/\/www.europesays.com\/es\/wp-json\/wp\/v2\/posts\/138193","targetHints":{"allow":["GET"]}}],"collection":[{"href":"https:\/\/www.europesays.com\/es\/wp-json\/wp\/v2\/posts"}],"about":[{"href":"https:\/\/www.europesays.com\/es\/wp-json\/wp\/v2\/types\/post"}],"author":[{"embeddable":true,"href":"https:\/\/www.europesays.com\/es\/wp-json\/wp\/v2\/users\/2"}],"replies":[{"embeddable":true,"href":"https:\/\/www.europesays.com\/es\/wp-json\/wp\/v2\/comments?post=138193"}],"version-history":[{"count":0,"href":"https:\/\/www.europesays.com\/es\/wp-json\/wp\/v2\/posts\/138193\/revisions"}],"wp:featuredmedia":[{"embeddable":true,"href":"https:\/\/www.europesays.com\/es\/wp-json\/wp\/v2\/media\/138194"}],"wp:attachment":[{"href":"https:\/\/www.europesays.com\/es\/wp-json\/wp\/v2\/media?parent=138193"}],"wp:term":[{"taxonomy":"category","embeddable":true,"href":"https:\/\/www.europesays.com\/es\/wp-json\/wp\/v2\/categories?post=138193"},{"taxonomy":"post_tag","embeddable":true,"href":"https:\/\/www.europesays.com\/es\/wp-json\/wp\/v2\/tags?post=138193"}],"curies":[{"name":"wp","href":"https:\/\/api.w.org\/{rel}","templated":true}]}}