{"id":138217,"date":"2025-09-25T15:45:08","date_gmt":"2025-09-25T15:45:08","guid":{"rendered":"https:\/\/www.europesays.com\/es\/138217\/"},"modified":"2025-09-25T15:45:08","modified_gmt":"2025-09-25T15:45:08","slug":"mahmud-abbas-ante-la-onu-hamas-no-tendra-ningun-papel-que-desempenar-en-el-gobierno-de-palestina-internacional","status":"publish","type":"post","link":"https:\/\/www.europesays.com\/es\/138217\/","title":{"rendered":"Mahmud Abbas, ante la ONU: \u201cHam\u00e1s no tendr\u00e1 ning\u00fan papel que desempe\u00f1ar en el gobierno\u201d de Palestina | Internacional"},"content":{"rendered":"<p class=\"\">El presidente de la Autoridad Nacional Palestina, <a href=\"https:\/\/elpais.com\/espana\/2024-09-19\/sanchez-y-el-presidente-palestin-condenan-a-israel-y-exigen-el-fin-de-la-guerra-en-gaza.html\" target=\"_self\" rel=\"nofollow noopener\" title=\"https:\/\/elpais.com\/espana\/2024-09-19\/sanchez-y-el-presidente-palestin-condenan-a-israel-y-exigen-el-fin-de-la-guerra-en-gaza.html\">Mahmud Abbas<\/a>, se ha dirigido este jueves a la <a href=\"https:\/\/elpais.com\/podcasts\/hoy-en-el-pais\/2025-09-23\/podcast-un-aniversario-incomodo-palestina-entra-en-escena-en-la-onu.html\" target=\"_self\" rel=\"nofollow noopener\" title=\"https:\/\/elpais.com\/podcasts\/hoy-en-el-pais\/2025-09-23\/podcast-un-aniversario-incomodo-palestina-entra-en-escena-en-la-onu.html\">80\u00aa Asamblea General de la ONU<\/a> mediante un mensaje grabado en v\u00eddeo, ya que Washington <a href=\"https:\/\/elpais.com\/internacional\/2025-08-30\/el-veto-de-ee-uu-a-mahmud-abbas-para-que-viaje-a-ee-uu-provoca-la-solidaridad-de-lideres-europeos-con-el-presidente-palestino.html\" target=\"_self\" rel=\"nofollow noopener\" title=\"https:\/\/elpais.com\/internacional\/2025-08-30\/el-veto-de-ee-uu-a-mahmud-abbas-para-que-viaje-a-ee-uu-provoca-la-solidaridad-de-lideres-europeos-con-el-presidente-palestino.html\">deneg\u00f3 su entrada en el pa\u00eds a finales de agosto<\/a>. Se esperaba como uno de los discursos m\u00e1s vibrantes de este periodo de sesiones, marcado por el <a href=\"https:\/\/elpais.com\/internacional\/2025-09-22\/el-reconocimiento-mundial-de-palestina-subraya-el-aislamiento-de-ee-uu-e-israel-en-la-onu.html\" target=\"_self\" rel=\"nofollow noopener\" title=\"https:\/\/elpais.com\/internacional\/2025-09-22\/el-reconocimiento-mundial-de-palestina-subraya-el-aislamiento-de-ee-uu-e-israel-en-la-onu.html\">amplio reconocimiento internacional al Estado de Palestina<\/a> \u2014157 pa\u00edses de los 193 de la ONU lo apoyan\u2014. Pero un Abbas cansado y avejentado se limit\u00f3 a describir la tr\u00e1gica situaci\u00f3n que viven los palestinos en Gaza, y tambi\u00e9n en Cisjordania y Jerusal\u00e9n Este, desde que hace dos a\u00f1os empezara \u201cla agresi\u00f3n israel\u00ed\u201d \u2014\u201cuna agresi\u00f3n que dura d\u00e9cadas\u201d, record\u00f3\u2014 tras los <a href=\"https:\/\/elpais.com\/internacional\/2024-10-06\/la-matanza-del-7-de-octubre-como-hamas-asalto-la-frontera-con-israel-y-asesino-a-1200-personas.html\" target=\"_self\" rel=\"nofollow noopener\" title=\"https:\/\/elpais.com\/internacional\/2024-10-06\/la-matanza-del-7-de-octubre-como-hamas-asalto-la-frontera-con-israel-y-asesino-a-1200-personas.html\">atentados brutales de Ham\u00e1s contra Israel el 7 de octubre de 2023<\/a>. Abbas tendi\u00f3 una mano al presidente de EE UU, Donald Trump, para avanzar en la soluci\u00f3n de dos Estados que una conferencia de alto nivel de la ONU propone como \u00fanica salida al conflicto. <\/p>\n<p class=\"\">Su alocuci\u00f3n puede resumirse en dos puntos: la afirmaci\u00f3n, reiterada, de que Ham\u00e1s no tendr\u00e1 papel alguno en Gaza cuando acabe la guerra, y la petici\u00f3n a Israel de que <a href=\"https:\/\/elpais.com\/cultura\/2025-05-29\/el-hambre-como-arma-de-guerra-en-la-era-de-la-abundancia.html\" target=\"_self\" rel=\"nofollow noopener\" title=\"https:\/\/elpais.com\/cultura\/2025-05-29\/el-hambre-como-arma-de-guerra-en-la-era-de-la-abundancia.html\">deje de utilizar el hambre como arma de guerra<\/a>, as\u00ed como la entrada inmediata, \u201cy sin condiciones\u201d, de ayuda humanitaria de la mano de las agencias de la ONU, \u201c<a href=\"https:\/\/elpais.com\/internacional\/2025-08-29\/el-jefe-de-la-unrwa-gaza-se-esta-convirtiendo-en-el-cementerio-del-derecho-internacional-humanitario.html\" target=\"_self\" rel=\"nofollow noopener\" title=\"https:\/\/elpais.com\/internacional\/2025-08-29\/el-jefe-de-la-unrwa-gaza-se-esta-convirtiendo-en-el-cementerio-del-derecho-internacional-humanitario.html\">en especial la UNRWA<\/a>\u201d, la agencia para los refugiados palestinos que est\u00e1 en el punto de mira de Israel y EE UU por su presunta connivencia con Ham\u00e1s. \u201cHemos afirmado y seguiremos afirmando que la franja de Gaza es parte integrante del Estado de Palestina y que estamos dispuestos a asumir toda la responsabilidad del gobierno y la seguridad en ese territorio. Ham\u00e1s no tendr\u00e1 ning\u00fan papel que desempe\u00f1ar en el gobierno. Ham\u00e1s y otras facciones tendr\u00e1n que entregar sus armas a la Autoridad Nacional Palestina como parte del proceso de creaci\u00f3n de las instituciones de un Estado, una ley y unas fuerzas de seguridad \u00fanicas\u201d, un escenario para el que pidi\u00f3 la cooperaci\u00f3n internacional. <\/p>\n<p class=\"\">La de Israel, asegur\u00f3, \u201cno es una agresi\u00f3n, es un crimen de guerra y contra la humanidad\u201d bien documentado, \u201cuno de los m\u00e1s terribles cap\u00edtulos de la historia del siglo XXI\u201d cuyos or\u00edgenes Abbas retrotrajo a <a href=\"https:\/\/elpais.com\/internacional\/2024-05-16\/los-palestinos-conmemoran-la-nakba-mas-triste.html\" target=\"_self\" rel=\"nofollow noopener\" title=\"https:\/\/elpais.com\/internacional\/2024-05-16\/los-palestinos-conmemoran-la-nakba-mas-triste.html\">la Nakba<\/a> (cat\u00e1strofe, en \u00e1rabe) de 1948, desde la que \u201csiete millones de palestinos\u201d han sido expulsados de sus tierras. El presidente de la Autoridad Nacional denunci\u00f3 \u201ca\u00f1os de opresi\u00f3n, privaciones y protecci\u00f3n del ocupante, favoreci\u00e9ndolo en lugar de proteger al pueblo bajo ocupaci\u00f3n, y m\u00e1s violaciones de los derechos de nuestro pueblo palestino a la autodeterminaci\u00f3n, la libertad, la dignidad, la independencia y la soberan\u00eda en el territorio del Estado ocupado, en el territorio del Estado de Palestina ocupado desde 1967, incluida Jerusal\u00e9n Oriental\u201d. <\/p>\n<p class=\"\">Abbas lament\u00f3 que <a href=\"https:\/\/elpais.com\/internacional\/2024-06-10\/el-consejo-de-seguridad-de-la-onu-aprueba-la-resolucion-de-ee-uu-para-un-alto-el-fuego-en-gaza.html\" target=\"_self\" rel=\"nofollow noopener\" title=\"https:\/\/elpais.com\/internacional\/2024-06-10\/el-consejo-de-seguridad-de-la-onu-aprueba-la-resolucion-de-ee-uu-para-un-alto-el-fuego-en-gaza.html\">las iniciativas internacionales<\/a>, entre ellas \u201cm\u00e1s de mil resoluciones de la ONU\u201d, no se hayan implementado, pese a los esfuerzos pacificadores como los Acuerdos de Oslo de 1993, cuando \u201creconocimos al Estado de Israel y este reconoci\u00f3 a la OLP\u201d \u2014<a href=\"https:\/\/elpais.com\/noticias\/olp-organizacion-liberacion-palestina\/\" target=\"_self\" rel=\"nofollow noopener\" title=\"https:\/\/elpais.com\/noticias\/olp-organizacion-liberacion-palestina\/\">la formaci\u00f3n hist\u00f3rica palestina<\/a>, a la que Abbas pertenece\u2014 \u201ccomo \u00fanico representante leg\u00edtimo del pueblo palestino\u201d. Pero, desde entonces, continu\u00f3 el dirigente, \u201cIsrael ha trabajado sistem\u00e1ticamente para socavarlos\u201d. Por eso agradeci\u00f3 el amplio refrendo de la comunidad internacional, citando uno por uno a la decena de Estados que han reconocido a Palestina en esta Asamblea General, por su apoyo, en especial a Francia y Arabia Saud\u00ed por copatrocinar la conferencia de los dos Estados. <\/p>\n<p>Propuesta para la paz<\/p>\n<p class=\"\">Para finalizar, Abbas propuso nueve puntos para acabar no solo con los dos a\u00f1os de guerra en Gaza, sino contra el acoso violento a los palestinos en Cisjordania y Jerusal\u00e9n Este, que cit\u00f3 como futura capital de su Estado. Entre esos puntos, reiter\u00f3 sus llamamientos a un alto el fuego inmediato, el acceso humanitario de las agencias de la ONU, la <a href=\"https:\/\/elpais.com\/internacional\/2025-09-05\/hamas-publica-un-video-con-dos-de-los-rehenes-de-gaza-tras-asegurar-el-ejercito-de-israel-que-controla-el-40-de-la-capital.html\" target=\"_self\" rel=\"nofollow noopener\" title=\"https:\/\/elpais.com\/internacional\/2025-09-05\/hamas-publica-un-video-con-dos-de-los-rehenes-de-gaza-tras-asegurar-el-ejercito-de-israel-que-controla-el-40-de-la-capital.html\">liberaci\u00f3n de todos los rehenes<\/a> \u201cy los presos de ambos bandos\u201d, la asunci\u00f3n por parte de la Autoridad Palestina (AP) del pleno control sobre Gaza durante un periodo provisional, incluidas sus fuerzas de seguridad, as\u00ed como el levantamiento del cerco econ\u00f3mico sobre las finanzas de la AP, especialmente los impuestos. Tambi\u00e9n garantiz\u00f3 que, de su mano, se celebrar\u00e1n elecciones en el plazo de un a\u00f1o desde el alto el fuego para conseguir un \u201cEstado moderno y democr\u00e1tico\u201d, con una transici\u00f3n pac\u00edfica del poder, en el que tengan un papel las mujeres y los j\u00f3venes. <\/p>\n<p class=\"\">El mensaje de Abbas hab\u00eda generado muchas expectativas en esta Asamblea General dominada por el <a href=\"https:\/\/elpais.com\/internacional\/2025-09-21\/el-reino-unido-confirma-su-decision-de-reconocer-el-estado-palestino.html\" target=\"_self\" rel=\"nofollow noopener\" title=\"https:\/\/elpais.com\/internacional\/2025-09-21\/el-reino-unido-confirma-su-decision-de-reconocer-el-estado-palestino.html\">reconocimiento de Palestina<\/a>. Muchos esperaban un discurso parecido al de <a href=\"https:\/\/elpais.com\/elpais\/2014\/11\/11\/videos\/1415696136_543263.html\" target=\"_self\" rel=\"nofollow noopener\" title=\"https:\/\/elpais.com\/elpais\/2014\/11\/11\/videos\/1415696136_543263.html\">Yasir Arafat, l\u00edder de la OLP<\/a>, en 1974, cuando desde la tribuna de oradores de la Asamblea General formul\u00f3 una poderosa met\u00e1fora, la del fusil y la rama de olivo. \u201cHoy he venido con una rama de olivo y un fusil de luchador por la libertad. No dejen que la rama de olivo se caiga de mi mano. Repito: no dejen que la rama de olivo se caiga de mi mano\u201d, dijo entonces, tocado con la kufiya, para cerrar su discurso ante la Asamblea General. <\/p>\n<p class=\"\">Pero Abbas, vestido con traje de chaqueta y flanqueado por dos banderas palestinas, ley\u00f3 de unas cuartillas, con una voz apagada y en cierto punto sombr\u00eda. El hecho de que Abbas no haya podido viajar a Nueva York al serle denegado el visado por la Administraci\u00f3n republicana recuerda tambi\u00e9n la situaci\u00f3n de 1988, en los albores de la primera intifada, cuando a la delegaci\u00f3n palestina se le impidi\u00f3 entrar a EE UU y particip\u00f3 \u2014entonces era solo Estado observador, ya que no adquiri\u00f3 la categor\u00eda de permanente hasta 2012\u2014 desde la sede de la ONU en Ginebra, a donde la Asamblea General traslad\u00f3 excepcionalmente su reuni\u00f3n. <\/p>\n<p class=\"\">El veto de Washington a conceder el visado a Arafat se debi\u00f3 a la declaraci\u00f3n unilateral del Estado palestino. Casi 40 a\u00f1os despu\u00e9s, son 157 de los 193 que forman la ONU (el 81% de la comunidad internacional) <a href=\"https:\/\/elpais.com\/internacional\/2025-09-22\/francia-reconoce-en-la-onu-el-estado-palestino-pese-a-la-presion-de-israel.html\" target=\"_self\" rel=\"nofollow noopener\" title=\"https:\/\/elpais.com\/internacional\/2025-09-22\/francia-reconoce-en-la-onu-el-estado-palestino-pese-a-la-presion-de-israel.html\">los pa\u00edses que reconocen la estatalidad de Palestina<\/a>, en una oleada de reconocimientos que rebasa la ONU y se extiende a otros importantes foros como el G-7 (Francia, el Reino Unido y Canad\u00e1 han reconocido esta semana a Palestina) y el G-20. <\/p>\n<p class=\"\">Como Estado observador permanente, la bandera de Palestina ondea fuera del edificio de la Secretar\u00eda de las Naciones Unidas en Nueva York, aunque ligeramente separada de las banderas de los Estados miembros y no forma parte de la alineaci\u00f3n alfab\u00e9tica. <\/p>\n","protected":false},"excerpt":{"rendered":"El presidente de la Autoridad Nacional Palestina, Mahmud Abbas, se ha dirigido este jueves a la 80\u00aa Asamblea&hellip;\n","protected":false},"author":2,"featured_media":138218,"comment_status":"","ping_status":"","sticky":false,"template":"","format":"standard","meta":{"footnotes":""},"categories":[42],"tags":[41518,5341,13241,17,18,6920,68,352,629,13,14,73,79,75,11,61,62,63,64,74,19,20,731,9,10,15,16,732,76,1255,12,21,22,1617,65,66,67],"class_list":{"0":"post-138217","1":"post","2":"type-post","3":"status-publish","4":"format-standard","5":"has-post-thumbnail","7":"category-internacional","8":"tag-asamblea-general-onu","9":"tag-ayuda-humanitaria","10":"tag-benjamin-netanyahu","11":"tag-breaking-news","12":"tag-breakingnews","13":"tag-cisjordania","14":"tag-conflicto-arabe-israeli","15":"tag-donald-trump","16":"tag-estados-unidos","17":"tag-featured-news","18":"tag-featurednews","19":"tag-franja-gaza","20":"tag-genocidio","21":"tag-hamas","22":"tag-headlines","23":"tag-internacional","24":"tag-international","25":"tag-international-news","26":"tag-internationalnews","27":"tag-israel","28":"tag-latest-news","29":"tag-latestnews","30":"tag-mahmud-abbas","31":"tag-news","32":"tag-noticias","33":"tag-noticias-destacadas","34":"tag-noticiasdestacadas","35":"tag-onu","36":"tag-palestina","37":"tag-territorios-palestinos","38":"tag-titulares","39":"tag-ultimas-noticias","40":"tag-ultimasnoticias","41":"tag-union-europea","42":"tag-world","43":"tag-world-news","44":"tag-worldnews"},"share_on_mastodon":{"url":"","error":""},"_links":{"self":[{"href":"https:\/\/www.europesays.com\/es\/wp-json\/wp\/v2\/posts\/138217","targetHints":{"allow":["GET"]}}],"collection":[{"href":"https:\/\/www.europesays.com\/es\/wp-json\/wp\/v2\/posts"}],"about":[{"href":"https:\/\/www.europesays.com\/es\/wp-json\/wp\/v2\/types\/post"}],"author":[{"embeddable":true,"href":"https:\/\/www.europesays.com\/es\/wp-json\/wp\/v2\/users\/2"}],"replies":[{"embeddable":true,"href":"https:\/\/www.europesays.com\/es\/wp-json\/wp\/v2\/comments?post=138217"}],"version-history":[{"count":0,"href":"https:\/\/www.europesays.com\/es\/wp-json\/wp\/v2\/posts\/138217\/revisions"}],"wp:featuredmedia":[{"embeddable":true,"href":"https:\/\/www.europesays.com\/es\/wp-json\/wp\/v2\/media\/138218"}],"wp:attachment":[{"href":"https:\/\/www.europesays.com\/es\/wp-json\/wp\/v2\/media?parent=138217"}],"wp:term":[{"taxonomy":"category","embeddable":true,"href":"https:\/\/www.europesays.com\/es\/wp-json\/wp\/v2\/categories?post=138217"},{"taxonomy":"post_tag","embeddable":true,"href":"https:\/\/www.europesays.com\/es\/wp-json\/wp\/v2\/tags?post=138217"}],"curies":[{"name":"wp","href":"https:\/\/api.w.org\/{rel}","templated":true}]}}