{"id":138219,"date":"2025-09-25T15:46:28","date_gmt":"2025-09-25T15:46:28","guid":{"rendered":"https:\/\/www.europesays.com\/es\/138219\/"},"modified":"2025-09-25T15:46:28","modified_gmt":"2025-09-25T15:46:28","slug":"muere-a-los-26-anos-uno-de-los-relaciones-publicas-de-la-discoteca-teatro-barcelo-en-un-accidente-de-moto-el-mundo","status":"publish","type":"post","link":"https:\/\/www.europesays.com\/es\/138219\/","title":{"rendered":"Muere a los 26 a\u00f1os uno de los relaciones p\u00fablicas de la discoteca Teatro Barcel\u00f3 en un accidente de moto &#8211; El Mundo"},"content":{"rendered":"<ol>\n<li><a href=\"https:\/\/news.google.com\/rss\/articles\/CBMiekFVX3lxTE5EZ1lHT0FOWFBuUEtTcEVmTEVkZHhLU0hHUlN5Sk85RkNhQmcwWmdsYjhWWGpJRFZ1U3hMbXgxS0h2eXVqZFlWdHk0QTFscVVvU1lQVDlMY2t1cXA3SzA0bkRvamczdUNKSkVqR0t3TnRXNFBVa3RXbmFB0gF6QVVfeXFMUHpOUVFjQXItQnVWeTgwT2lzazNvN1d2REJ0RURRdnBEQkdZbTNtUG11YXBpNHJHY3Zja2dQOTNoZHBobzNLSEdQekNOUXA5am9TMXhiV1FTRVIxZVVCY1ZBWmo5UzV4Q0xRblpJSWh4NDNfN3VoOEdPWWc?oc=5\" target=\"_blank\" rel=\"nofollow noopener\">Muere a los 26 a\u00f1os uno de los relaciones p\u00fablicas de la discoteca Teatro Barcel\u00f3 en un accidente de moto<\/a>&nbsp;&nbsp;El Mundo<\/li>\n<li><a href=\"https:\/\/news.google.com\/rss\/articles\/CBMi3wFBVV95cUxNOFZLazRRQ2Nibm40WHp3bmZvZlV0ZExfaGt4WmdGTGFEdW5HQ1B5WU1URkFBSm9JZXhGOVBZZWFBMTBEeVNCYkw2YVBkamhMU18xaGhjZHp3LXM4WDRHOGRmX0lzd2V1YXpuVkxvUS1XcHc2b24wMURLY3FFNlVMN21FYzM0bnFwSzUtVkRmcHJtMzRrOVB6MmlObEFRUHo1ZFlGYzFLOHVWUDB1Nk9qdWFSeWFHUmxnN0l5SkRiak9BeXdYbTVJb2xnMzhRZEJXX2tpVk9hcTFxTHNwLW9n0gHrAUFVX3lxTE4weERoYVZKQk1JSjlHdVFwY1RFcXRBcTB1ZTVjSVd2ejU0SjhaVERrVHVZWmhZVXdIOFZyUHNEY3VmaDlWeUlqMHg3TDdkampnMS1wQWFCVGQ0VFJIRmlTYWF0TTdCZmU1b3BqRHRNcmcwMjM1T19LbzZyU0dNNWE0b0pvLWEyTVl5OEFZZ0V4WXdjbWdJM3BtZ29KRWZ1Uk9kTldWdHNEaGV1WFNiV1p1TklSOU5yamxPNlRnSUF0ZlJkT2w0WnNfaktXZUVReXM0aE1BOUNaQzNZRlI3b0ozWklvNW9VeDMtZk0?oc=5\" target=\"_blank\" rel=\"nofollow noopener\">Muere Daniel P\u00e9rez, relaciones p\u00fablicas de la discoteca Teatro Barcel\u00f3 de Madrid<\/a>&nbsp;&nbsp;Telecinco<\/li>\n<li><a href=\"https:\/\/news.google.com\/rss\/articles\/CBMi1wFBVV95cUxOaVcwc1RtS0ZHMDBXNXhNbndyMVVQT0FWR0JDekZRUFdSTlpkeTA0dGZKY0lya2RSMEhrNEdlUmNTZ005YTJjR3FtRWJSdS1lNEZCTmlieUhqUVJ5Nmlndm54TThia2gtdGptQWdDajJhNUNSMTFFaXpQT3NpemgxcTMzTVItbEZOeTBUSDNIUjhOQ2pVNzZWNVNMQ0Qya2dVZFVfbnluM255RjRmcmpSNlFzYkZVa1FxS0xuWWJfNi14R0o1Q1N0OWpUWFpwMG1GN0oxZ1NFWdIB1wFBVV95cUxPaWJZaXdweWVEOHE2NENUbXhPRU1mX3dMZUdXc0QxRTB3aW5ibTg5OHIxemZ1XzQ5SEFrSEVYYjRfQnp0MloxTmNBbzV6WWxRMVJDeW16VFlobF9Vb28teWRvbXRxdE96M0dmMGwxR0lUYXF2VGM4RW5ndFpMTjVQbVpxVTJmSnUwbEs2Z3NianpzNEVRQmhNYUN2R01WbkIzcHA1Yl9MejNWbGNkQkxQeXRTeElYM3lHVHdyS1NWQm9WMHdpV09uaUhqcWEzOHlkNUpySG5Iaw?oc=5\" target=\"_blank\" rel=\"nofollow noopener\">Muere a los 26 a\u00f1os Daniel P\u00e9rez, relaciones p\u00fablicas de Teatro Barcel\u00f3, en un accidente de moto en Madrid<\/a>&nbsp;&nbsp;MARCA<\/li>\n<\/ol>\n","protected":false},"excerpt":{"rendered":"Muere a los 26 a\u00f1os uno de los relaciones p\u00fablicas de la discoteca Teatro Barcel\u00f3 en un accidente&hellip;\n","protected":false},"author":2,"featured_media":138220,"comment_status":"","ping_status":"","sticky":false,"template":"","format":"standard","meta":{"footnotes":""},"categories":[8],"tags":[17,18,25,24,13,14,11,19,20,205,9,10,15,16,23,12,21,22],"class_list":{"0":"post-138219","1":"post","2":"type-post","3":"status-publish","4":"format-standard","5":"has-post-thumbnail","7":"category-espana","8":"tag-breaking-news","9":"tag-breakingnews","10":"tag-es","11":"tag-espana","12":"tag-featured-news","13":"tag-featurednews","14":"tag-headlines","15":"tag-latest-news","16":"tag-latestnews","17":"tag-madrid","18":"tag-news","19":"tag-noticias","20":"tag-noticias-destacadas","21":"tag-noticiasdestacadas","22":"tag-spain","23":"tag-titulares","24":"tag-ultimas-noticias","25":"tag-ultimasnoticias"},"share_on_mastodon":{"url":"","error":""},"_links":{"self":[{"href":"https:\/\/www.europesays.com\/es\/wp-json\/wp\/v2\/posts\/138219","targetHints":{"allow":["GET"]}}],"collection":[{"href":"https:\/\/www.europesays.com\/es\/wp-json\/wp\/v2\/posts"}],"about":[{"href":"https:\/\/www.europesays.com\/es\/wp-json\/wp\/v2\/types\/post"}],"author":[{"embeddable":true,"href":"https:\/\/www.europesays.com\/es\/wp-json\/wp\/v2\/users\/2"}],"replies":[{"embeddable":true,"href":"https:\/\/www.europesays.com\/es\/wp-json\/wp\/v2\/comments?post=138219"}],"version-history":[{"count":0,"href":"https:\/\/www.europesays.com\/es\/wp-json\/wp\/v2\/posts\/138219\/revisions"}],"wp:featuredmedia":[{"embeddable":true,"href":"https:\/\/www.europesays.com\/es\/wp-json\/wp\/v2\/media\/138220"}],"wp:attachment":[{"href":"https:\/\/www.europesays.com\/es\/wp-json\/wp\/v2\/media?parent=138219"}],"wp:term":[{"taxonomy":"category","embeddable":true,"href":"https:\/\/www.europesays.com\/es\/wp-json\/wp\/v2\/categories?post=138219"},{"taxonomy":"post_tag","embeddable":true,"href":"https:\/\/www.europesays.com\/es\/wp-json\/wp\/v2\/tags?post=138219"}],"curies":[{"name":"wp","href":"https:\/\/api.w.org\/{rel}","templated":true}]}}