{"id":138234,"date":"2025-09-25T15:57:16","date_gmt":"2025-09-25T15:57:16","guid":{"rendered":"https:\/\/www.europesays.com\/es\/138234\/"},"modified":"2025-09-25T15:57:16","modified_gmt":"2025-09-25T15:57:16","slug":"el-pelotazo-inmobiliario-de-sergio-ramos-en-madrid-con-su-mansion-de-la-moraleja","status":"publish","type":"post","link":"https:\/\/www.europesays.com\/es\/138234\/","title":{"rendered":"El pelotazo inmobiliario de Sergio Ramos en Madrid con su mansi\u00f3n de La Moraleja"},"content":{"rendered":"<p id=\"e07Y-CJowz_\" data-wc=\"72\">Sergio Ramos se ha reinventado en m\u00e1s de una ocasi\u00f3n a lo largo de su trayectoria. Adem\u00e1s de su carrera como futbolista, ha invertido en varios negocios, desde un gimnasio hasta una yeguada, y recientemente incluso se ha animado a <a class=\"hm-link ho-link\" href=\"https:\/\/www.hola.com\/actualidad\/20250907854311\/sergio-ramos-suena-con-ganar-un-grammy\/\" data-mrf-recirculation=\"article-body-link\" rel=\"nofollow noopener\" target=\"_blank\">dar el salto a la m\u00fasica como cantante<\/a>. Pero su \u00faltimo gran movimiento no tiene nada que ver con el mundo del deporte ni de la m\u00fasica, sino con el <strong>\u00e1mbito inmobiliario<\/strong>.\u00a0<\/p>\n<p> <img src=\"https:\/\/www.europesays.com\/es\/wp-content\/uploads\/2025\/09\/1758815832_39_1543df9b8ece-dlu585259003.jpg\"   width=\"1024\" height=\"682\" loading=\"lazy\" decoding=\"async\" alt=\"Sergio Ramos en el estadio de Los Angeles Dodgers \" fetchpriority=\"auto\" class=\"image ho-image\"\/>\u00a9 GTRES<\/p>\n<p id=\"eqTsbn93cK\" data-wc=\"89\">El futbolista y su mujer, Pilar Rubio, <strong>acaban de vender su mansi\u00f3n en La Moraleja,<\/strong> una operaci\u00f3n por la que han conseguido un importante beneficio, tal y como informa en exclusiva\u00a0La Otra Cr\u00f3nica. La pareja puso a la venta el a\u00f1o pasado su casa en esta exclusiva urbanizaci\u00f3n en Alcobendas, Madrid, por un precio de seis millones de euros. Recientemente, la residencia<strong>\u00a0ha sido adquirida por un empresario mexicano por un precio de siete millones,<\/strong> lo que supone una ganancia de un mill\u00f3n por encima de lo previsto.\u00a0<\/p>\n<p> <img src=\"https:\/\/www.europesays.com\/es\/wp-content\/uploads\/2025\/09\/3c65db04f213-dlu386824171.jpg\"   width=\"1024\" height=\"768\" loading=\"lazy\" decoding=\"async\" alt=\"Sergio Ramos y la presentadora Pilar Rubio durante los Premios The Best FIFA Football 2017 en Londres.\" fetchpriority=\"auto\" class=\"image ho-image\"\/>\u00a9 GTRES<\/p>\n<p id=\"epPE01gQm0\" data-wc=\"77\">La casa, remodelada por el matrimonio, dispone de aproximadamente 1.000 metros cuadrados construidos, ocupando una parcela de unos 2.500 metros cuadrados. Y<strong>\u00a0no le faltan lujos:<\/strong> ascensor, sistema dom\u00f3tico, gimnasio, dos piscinas -exterior y climatizada-, zona chill out, una sala de cine y otra de ocio, un peque\u00f1o campo de f\u00fatbol y cancha de baloncesto son algunas de las comodidades que ofrece. Cuenta tambi\u00e9n con un sofisticado sistema de seguridad y un peque\u00f1o apartamento independiente para invitados.<\/p>\n<p> <img src=\"https:\/\/www.europesays.com\/es\/wp-content\/uploads\/2025\/09\/1ffbc7fdbeda-502597549185261913640297576293668928023168839n.jpg\"   width=\"768\" height=\"1024\" loading=\"lazy\" decoding=\"async\" alt=\"Sergio Ramos, en el campo de f\u00fatbol\" fetchpriority=\"auto\" class=\"image ho-image\"\/>\u00a9 sergioramos<\/p>\n<p id=\"eD2hcqTK5mb\" data-wc=\"60\">El precio de la mansi\u00f3n era de<strong>\u00a0un mill\u00f3n y medio de euros cuando la compraron<\/strong>, por lo que su venta supone una gran revalorizaci\u00f3n. El matrimonio, que ya hab\u00eda alquilado esta vivienda al tambi\u00e9n futbolista Vinicius Jr. mientras hac\u00edan obras en su casa, ha adquirido otro terreno en La Moraleja con la intenci\u00f3n de poner en marcha otro proyecto.<\/p>\n<p> <img src=\"https:\/\/www.europesays.com\/es\/wp-content\/uploads\/2025\/09\/16974d674ccb-dlu544565630.jpg\"   width=\"682\" height=\"1024\" loading=\"lazy\" decoding=\"async\" alt=\"Sergio Ramos en los Latin Grammy 2023 \" fetchpriority=\"auto\" class=\"image ho-image\"\/>\u00a9 GTRES<\/p>\n<p id=\"elzB6yXzYQ\" data-wc=\"64\">El futbolista, quien actualmente juega en el C. F. Monterrey de la Primera Divisi\u00f3n de M\u00e9xico, <strong>sorprendi\u00f3 recientemente lanzando su primer single, Cibeles,<\/strong> con el sello de Ovy on the Drums y la productora Little Spain. Sergio, quien asegura que se ve \u00abpudiendo ganar un Grammy en los pr\u00f3ximos a\u00f1os\u00bb, persigue as\u00ed su sue\u00f1o musical, sin descuidar, eso s\u00ed, el \u00e1mbito de los negocios.<\/p>\n","protected":false},"excerpt":{"rendered":"Sergio Ramos se ha reinventado en m\u00e1s de una ocasi\u00f3n a lo largo de su trayectoria. Adem\u00e1s de&hellip;\n","protected":false},"author":2,"featured_media":138235,"comment_status":"","ping_status":"","sticky":false,"template":"","format":"standard","meta":{"footnotes":""},"categories":[174],"tags":[517,255,146,147,25,24,256,6744,23],"class_list":{"0":"post-138234","1":"post","2":"type-post","3":"status-publish","4":"format-standard","5":"has-post-thumbnail","7":"category-famosos","8":"tag-actualidad","9":"tag-celebrities","10":"tag-entertainment","11":"tag-entretenimiento","12":"tag-es","13":"tag-espana","14":"tag-famosos","15":"tag-sergio-ramos","16":"tag-spain"},"share_on_mastodon":{"url":"","error":""},"_links":{"self":[{"href":"https:\/\/www.europesays.com\/es\/wp-json\/wp\/v2\/posts\/138234","targetHints":{"allow":["GET"]}}],"collection":[{"href":"https:\/\/www.europesays.com\/es\/wp-json\/wp\/v2\/posts"}],"about":[{"href":"https:\/\/www.europesays.com\/es\/wp-json\/wp\/v2\/types\/post"}],"author":[{"embeddable":true,"href":"https:\/\/www.europesays.com\/es\/wp-json\/wp\/v2\/users\/2"}],"replies":[{"embeddable":true,"href":"https:\/\/www.europesays.com\/es\/wp-json\/wp\/v2\/comments?post=138234"}],"version-history":[{"count":0,"href":"https:\/\/www.europesays.com\/es\/wp-json\/wp\/v2\/posts\/138234\/revisions"}],"wp:featuredmedia":[{"embeddable":true,"href":"https:\/\/www.europesays.com\/es\/wp-json\/wp\/v2\/media\/138235"}],"wp:attachment":[{"href":"https:\/\/www.europesays.com\/es\/wp-json\/wp\/v2\/media?parent=138234"}],"wp:term":[{"taxonomy":"category","embeddable":true,"href":"https:\/\/www.europesays.com\/es\/wp-json\/wp\/v2\/categories?post=138234"},{"taxonomy":"post_tag","embeddable":true,"href":"https:\/\/www.europesays.com\/es\/wp-json\/wp\/v2\/tags?post=138234"}],"curies":[{"name":"wp","href":"https:\/\/api.w.org\/{rel}","templated":true}]}}